{"id":348606,"date":"2025-08-27T22:16:27","date_gmt":"2025-08-27T22:16:27","guid":{"rendered":"https:\/\/www.europesays.com\/fr\/348606\/"},"modified":"2025-08-27T22:16:27","modified_gmt":"2025-08-27T22:16:27","slug":"contre-une-equipe-de-3e-division-le-bayern-arrache-in-extremis-sa-qualification-en-16es-de-finale","status":"publish","type":"post","link":"https:\/\/www.europesays.com\/fr\/348606\/","title":{"rendered":"contre une \u00e9quipe de 3e division, le Bayern arrache in extremis sa qualification en 16es de finale"},"content":{"rendered":"<p class=\"fig-paragraph\">Le\u00a0<a href=\"http:\/\/www.lefigaro.fr\/sports\/football\/allemagne\/bundesliga-olise-et-kane-s-amusent-le-bayern-etrille-leipzig-en-ouverture-de-la-saison-video-20250823\" data-fig-type=\"NewsFlash\" data-gtm-custom-categorie=\"navigation\" data-gtm-custom-action=\"crossclick\" data-gtm-custom-label=\"Contextuel\" data-gtm-event=\"customEventSPE\" data-fig-domain=\"LEFIGARO\" rel=\"nofollow noopener\" target=\"_blank\">Bayern<\/a>\u00a0s&rsquo;est qualifi\u00e9 dans la difficult\u00e9 pour les 16es de finale de la Coupe d&rsquo;Allemagne, en arrachant la victoire dans le temps additionnel \u00e0 Wiesbaden, \u00e9quipe rel\u00e9gu\u00e9e en 3e division la saison pass\u00e9e, gr\u00e2ce \u00e0\u00a0<a href=\"http:\/\/www.lefigaro.fr\/sports\/football\/allemagne\/bayern-munich-le-club-annonce-une-petite-dechirure-musculaire-pour-harry-kane-20241201\" data-fig-type=\"NewsFlash\" data-gtm-custom-categorie=\"navigation\" data-gtm-custom-action=\"crossclick\" data-gtm-custom-label=\"Contextuel\" data-gtm-event=\"customEventSPE\" data-fig-domain=\"LEFIGARO\" rel=\"nofollow noopener\" target=\"_blank\">Harry Kane<\/a>, mercredi soir. Les hommes de Vincent Kompany ont compt\u00e9 deux buts d&rsquo;avance au d\u00e9but de la seconde p\u00e9riode gr\u00e2ce \u00e0 des r\u00e9alisations de Harry Kane (16e, sur penalty) et Michael Olise (52e). Mais sur deux erreurs d\u00e9fensives de Jonathan Tah et Kim Min-jae, Fatih Kaya a r\u00e9duit le score (64e) puis \u00e9galis\u00e9 (70e) pour Wehen Wiesbaden.<\/p>\n<p class=\"fig-paragraph\">Kane a provoqu\u00e9 une faute dans la surface de r\u00e9paration, mais a manqu\u00e9 le penalty (fin d&rsquo;une s\u00e9rie de 31 penalties cons\u00e9cutifs r\u00e9ussis en match officiel, son dernier \u00e9chec remontait au quart de finale de la Coupe du monde 2022 contre la France avec l&rsquo;Angleterre). Le capitaine de la s\u00e9lection anglaise a finalement marqu\u00e9 le but de la victoire dans la quatri\u00e8me des cinq minutes du temps additionnel, sur un centre de Luis Diaz. Ce doubl\u00e9 signe les 90e et 91e buts de Kane en 99 matches pour le Bayern.<\/p>\n<p>                                    <a class=\"fig-a11y-skip a11y-hidden\" href=\"#fig-a11y-skip-main-inarticle\"><br \/>\n        Passer la publicit\u00e9<br \/>\n    <\/a><\/p>\n<p class=\"fig-paragraph\">Le 20e et dernier sacre munichois en Coupe (le record) remonte \u00e0 2020, avec des \u00e9liminations pr\u00e9matur\u00e9es au 2e tour (2020\/21, 2021\/22, 2023\/24), en 8es de finale (2024\/25) et en quarts de finale (2022\/23). Sur les 32 clubs qualifi\u00e9s pour les 16es de finale, 30 viennent de la Bundesliga (17) ou de la 2e division (13). Energie Cottbus est le seul survivant de la 3e division et Illertissen est le seul club de 4e division. Le tirage au sort des 16es de finale est pr\u00e9vu dimanche (19h00). Les rencontres seront disput\u00e9es les mardi 28 et mercredi 29 novembre.<\/p>\n","protected":false},"excerpt":{"rendered":"Le\u00a0Bayern\u00a0s&rsquo;est qualifi\u00e9 dans la difficult\u00e9 pour les 16es de finale de la Coupe d&rsquo;Allemagne, en arrachant la victoire&hellip;\n","protected":false},"author":2,"featured_media":348607,"comment_status":"","ping_status":"","sticky":false,"template":"","format":"standard","meta":{"footnotes":""},"categories":[1587],"tags":[11,672,4782,1804,1805,1803,1777,674,1801,17523,12,1802],"class_list":{"0":"post-348606","1":"post","2":"type-post","3":"status-publish","4":"format-standard","5":"has-post-thumbnail","7":"category-allemagne","8":"tag-actualites","9":"tag-allemagne","10":"tag-bayern-munich","11":"tag-bundesrepublik-deutschland","12":"tag-de","13":"tag-deutschland","14":"tag-eu","15":"tag-europe","16":"tag-germany","17":"tag-harry-kane","18":"tag-news","19":"tag-republique-federale-dallemagne"},"share_on_mastodon":{"url":"https:\/\/pubeurope.com\/@fr\/115103044971408920","error":""},"_links":{"self":[{"href":"https:\/\/www.europesays.com\/fr\/wp-json\/wp\/v2\/posts\/348606","targetHints":{"allow":["GET"]}}],"collection":[{"href":"https:\/\/www.europesays.com\/fr\/wp-json\/wp\/v2\/posts"}],"about":[{"href":"https:\/\/www.europesays.com\/fr\/wp-json\/wp\/v2\/types\/post"}],"author":[{"embeddable":true,"href":"https:\/\/www.europesays.com\/fr\/wp-json\/wp\/v2\/users\/2"}],"replies":[{"embeddable":true,"href":"https:\/\/www.europesays.com\/fr\/wp-json\/wp\/v2\/comments?post=348606"}],"version-history":[{"count":0,"href":"https:\/\/www.europesays.com\/fr\/wp-json\/wp\/v2\/posts\/348606\/revisions"}],"wp:featuredmedia":[{"embeddable":true,"href":"https:\/\/www.europesays.com\/fr\/wp-json\/wp\/v2\/media\/348607"}],"wp:attachment":[{"href":"https:\/\/www.europesays.com\/fr\/wp-json\/wp\/v2\/media?parent=348606"}],"wp:term":[{"taxonomy":"category","embeddable":true,"href":"https:\/\/www.europesays.com\/fr\/wp-json\/wp\/v2\/categories?post=348606"},{"taxonomy":"post_tag","embeddable":true,"href":"https:\/\/www.europesays.com\/fr\/wp-json\/wp\/v2\/tags?post=348606"}],"curies":[{"name":"wp","href":"https:\/\/api.w.org\/{rel}","templated":true}]}}