{"id":348610,"date":"2025-08-27T22:18:14","date_gmt":"2025-08-27T22:18:14","guid":{"rendered":"https:\/\/www.europesays.com\/fr\/348610\/"},"modified":"2025-08-27T22:18:14","modified_gmt":"2025-08-27T22:18:14","slug":"les-terres-rares-ce-sujet-davenir-ou-la-france-est-a-la-traine","status":"publish","type":"post","link":"https:\/\/www.europesays.com\/fr\/348610\/","title":{"rendered":"Les terres rares, ce sujet d&rsquo;avenir o\u00f9 la France est \u00e0 la tra\u00eene"},"content":{"rendered":"<p data-start=\"550\" data-end=\"1117\">L\u2019actualit\u00e9 des <strong data-start=\"583\" data-end=\"599\">terres rares<\/strong> illustre un rapport de force mondial. En quelques jours, le prix de l\u2019oxyde de n\u00e9odyme-pras\u00e9odyme a bondi, \u00e0 la suite d\u2019un choc d\u2019offre ; Washington a agit\u00e9 la menace de <strong data-start=\"782\" data-end=\"791\">200 %<\/strong> de droits de douane sur les aimants ; P\u00e9kin a renforc\u00e9 son contr\u00f4le du secteur ; Bruxelles, enfin, est rappel\u00e9e \u00e0 sa d\u00e9pendance. Ce faisceau d\u2019\u00e9v\u00e9nements rebat les cartes : l\u2019<strong data-start=\"967\" data-end=\"987\">Union europ\u00e9enne<\/strong>, gros importateur de <strong data-start=\"1009\" data-end=\"1025\">terres rares<\/strong>, doit g\u00e9rer l\u2019urgence des <strong data-start=\"1052\" data-end=\"1068\">importations<\/strong> tout en pr\u00e9parant une souverainet\u00e9 plus durable.<\/p>\n<p>Terres rares et importations : qui tient la d\u00e9pendance de l\u2019Union europ\u00e9enne ?<\/p>\n<p data-start=\"1203\" data-end=\"2054\">L\u2019<strong data-start=\"1205\" data-end=\"1225\">Union europ\u00e9enne<\/strong> ach\u00e8te l\u2019essentiel de ses <strong data-start=\"1252\" data-end=\"1268\">terres rares<\/strong> \u00e0 l\u2019\u00e9tranger, et la <strong data-start=\"1289\" data-end=\"1298\">Chine<\/strong> p\u00e8se lourd. En 2024, selon des chiffres d\u2019Eurostat relay\u00e9s fin ao\u00fbt, l\u2019UE a import\u00e9 <strong data-start=\"1383\" data-end=\"1399\">5 984 tonnes<\/strong> de <strong data-start=\"1403\" data-end=\"1419\">terres rares<\/strong> depuis la <strong data-start=\"1430\" data-end=\"1439\">Chine<\/strong>, <strong data-start=\"1441\" data-end=\"1452\">3 676 t<\/strong> depuis la <strong data-start=\"1463\" data-end=\"1473\">Russie<\/strong> et <strong data-start=\"1477\" data-end=\"1488\">2 579 t<\/strong> depuis la <strong data-start=\"1499\" data-end=\"1511\">Malaisie<\/strong>, le reste \u00e9tant r\u00e9parti entre le Japon, le Royaume-Uni, le Vietnam, les \u00c9tats-Unis et la Norv\u00e8ge. Cette concentration cr\u00e9e un risque manifeste pour les <strong data-start=\"1664\" data-end=\"1680\">importations<\/strong> : \u00e0 tout moment, une d\u00e9cision administrative, un quota ou une controverse politique peut gripper le flux. \u00c0 l\u2019\u00e9chelle de l\u2019UE, un garde-fou a \u00e9t\u00e9 fix\u00e9 : \u00e9viter qu\u2019une mati\u00e8re critique d\u00e9passe <strong data-start=\"1873\" data-end=\"1881\">65 %<\/strong> de d\u00e9pendance vis-\u00e0-vis d\u2019un seul pays tiers, afin de r\u00e9duire l\u2019exposition strat\u00e9gique des fili\u00e8res bas\u00e9es sur les <strong data-start=\"1997\" data-end=\"2013\">terres rares<\/strong>.<\/p>\n<p data-start=\"2056\" data-end=\"2931\">Mais la faiblesse europ\u00e9enne ne tient pas qu\u2019aux tonnages d\u2019<strong data-start=\"2116\" data-end=\"2132\">importations<\/strong>. Elle tient \u00e0 la structure m\u00eame de la cha\u00eene de valeur des <strong data-start=\"2192\" data-end=\"2208\">terres rares<\/strong>. La <strong data-start=\"2213\" data-end=\"2222\">Chine<\/strong> concentre environ <strong data-start=\"2241\" data-end=\"2249\">90 %<\/strong> des capacit\u00e9s mondiales de raffinage et pr\u00e8s de <strong data-start=\"2298\" data-end=\"2306\">70 %<\/strong> de la production mini\u00e8re ; autrement dit, elle ma\u00eetrise le passage oblig\u00e9 entre le minerai et l\u2019aimant. Fin ao\u00fbt, la d\u00e9cision de l\u2019am\u00e9ricain MP Materials d\u2019arr\u00eater ses envois vers la <strong data-start=\"2490\" data-end=\"2499\">Chine<\/strong> a retir\u00e9 <strong data-start=\"2509\" data-end=\"2518\">7\u20139 %<\/strong> de l\u2019offre d\u2019oxydes alimentant les usines chinoises. Dans la foul\u00e9e, le prix de l\u2019oxyde de NdPr a grimp\u00e9 d\u2019environ <strong data-start=\"2634\" data-end=\"2656\">63 \u00e0 88 dollars\/kg<\/strong>, un plus haut de plus de deux ans. Cette m\u00e9canique montre une chose simple : tant que l\u2019<strong data-start=\"2745\" data-end=\"2765\">Union europ\u00e9enne<\/strong> d\u00e9pendra de cette cha\u00eene domin\u00e9e par P\u00e9kin, ses <strong data-start=\"2814\" data-end=\"2830\">importations<\/strong> de <strong data-start=\"2834\" data-end=\"2850\">terres rares<\/strong> resteront soumises \u00e0 un risque-prix difficile \u00e0 couvrir.<\/p>\n<p>Terres rares et Chine : instruments de puissance, chocs de prix et diplomatie d\u2019influence<\/p>\n<p data-start=\"3028\" data-end=\"4105\">Le dossier <strong data-start=\"3039\" data-end=\"3055\">terres rares<\/strong> n\u2019est pas qu\u2019industriel ; il est politique. La <strong data-start=\"3103\" data-end=\"3112\">Chine<\/strong> a r\u00e9cemment resserr\u00e9 son contr\u00f4le sur l\u2019extraction, la transformation et le commerce des <strong data-start=\"3202\" data-end=\"3218\">terres rares<\/strong> via de nouvelles r\u00e8gles, y compris pour les mati\u00e8res import\u00e9es. Ces mesures, qui s\u2019ajoutent \u00e0 un syst\u00e8me de quotas d\u00e9j\u00e0 strict, rendent l\u2019acc\u00e8s plus incertain pour les clients \u00e9trangers et, par ricochet, pour les <strong data-start=\"3432\" data-end=\"3448\">importations<\/strong> de l\u2019<strong data-start=\"3454\" data-end=\"3474\">Union europ\u00e9enne<\/strong>. Parall\u00e8lement, les flux finaux restent volatils : en <strong data-start=\"3553\" data-end=\"3569\">juillet 2025<\/strong>, les <strong data-start=\"3575\" data-end=\"3601\">exportations d\u2019aimants<\/strong> en <strong data-start=\"3605\" data-end=\"3621\">terres rares<\/strong> de la <strong data-start=\"3628\" data-end=\"3637\">Chine<\/strong> vers les <strong data-start=\"3647\" data-end=\"3661\">\u00c9tats-Unis<\/strong> ont bondi de <strong data-start=\"3675\" data-end=\"3685\">75,5 %<\/strong> sur un mois pour atteindre <strong data-start=\"3713\" data-end=\"3727\">619 tonnes<\/strong>, dans un contexte de r\u00e9ouverture partielle des vannes et d\u2019ajustements de licences. Au total, les <strong data-start=\"3826\" data-end=\"3842\">exportations<\/strong> chinoises d\u2019aimants ont atteint <strong data-start=\"3875\" data-end=\"3886\">5 577 t<\/strong> en juillet, un plus haut de six mois. Cette plasticit\u00e9 des flux est une d\u00e9monstration de puissance : elle permet \u00e0 P\u00e9kin d\u2019influer rapidement sur les signaux de prix et de disponibilit\u00e9.<\/p>\n<p data-start=\"4107\" data-end=\"5091\">En face, Washington joue la confrontation et l\u2019incitation. Le <strong data-start=\"4169\" data-end=\"4180\">25 ao\u00fbt<\/strong>, Donald Trump a d\u00e9clar\u00e9 :\u00a0\u00ab la <strong data-start=\"4332\" data-end=\"4341\">Chine<\/strong> doit fournir des aimants aux \u00c9tats-Unis, sinon nous devrons appliquer <strong data-start=\"4412\" data-end=\"4421\">200 %<\/strong> de droits de douane \u00bb. Cette rh\u00e9torique coercitive s\u2019accompagne d\u2019argent public : <strong data-start=\"4504\" data-end=\"4531\">400 millions de dollars<\/strong> pour MP Materials, des <strong data-start=\"4555\" data-end=\"4575\">contrats d\u2019achat<\/strong> et m\u00eame un <strong data-start=\"4587\" data-end=\"4604\">prix plancher<\/strong> pour s\u00e9curiser la relance am\u00e9ricaine de la cha\u00eene des <strong data-start=\"4659\" data-end=\"4675\">terres rares<\/strong>. \u00ab Il nous faut un projet Manhattan pour les terres rares \u00bb, r\u00e9sume Joshua Ballard (USA Rare Earth). Pour l\u2019<strong data-start=\"4784\" data-end=\"4804\">Union europ\u00e9enne<\/strong>, l\u2019\u00e9quation est double : absorber l\u2019effet prix \u00e0 court terme sur ses <strong data-start=\"4874\" data-end=\"4890\">importations<\/strong>, et \u00e9viter, \u00e0 moyen terme, que l\u2019Am\u00e9rique ne siphonne les investissements et les talents dont l\u2019industrie europ\u00e9enne des <strong data-start=\"5012\" data-end=\"5028\">terres rares<\/strong> aurait besoin.<\/p>\n<p>Terres rares en France : les gisements et le recyclage au c\u0153ur des politiques de l\u2019Union europ\u00e9enne<\/p>\n<p data-start=\"5199\" data-end=\"6167\">La France n\u2019est pas absente de la carte des <strong data-start=\"5243\" data-end=\"5259\">terres rares<\/strong>. Des indices g\u00e9ologiques existent en <strong data-start=\"5297\" data-end=\"5309\">Bretagne<\/strong>, dans le <strong data-start=\"5319\" data-end=\"5337\">Massif central<\/strong> ou encore dans les <strong data-start=\"5357\" data-end=\"5376\">Monts d\u2019Ambazac<\/strong>. Cependant, ils ne sont pas exploit\u00e9s aujourd\u2019hui. Les arbitrages politiques ont privil\u00e9gi\u00e9, jusqu\u2019ici, l\u2019acceptabilit\u00e9 environnementale et le principe de pr\u00e9caution. Par voie de cons\u00e9quence, la strat\u00e9gie fran\u00e7aise s\u2019aligne sur une priorit\u00e9 europ\u00e9enne : d\u00e9velopper une <strong data-start=\"5646\" data-end=\"5670\">fili\u00e8re de recyclage<\/strong> des aimants et des composants contenant des <strong data-start=\"5715\" data-end=\"5731\">terres rares<\/strong>, afin de r\u00e9duire la vuln\u00e9rabilit\u00e9 des <strong data-start=\"5770\" data-end=\"5786\">importations<\/strong>. Cette voie prend du temps, et peut \u00eatre prise au d\u00e9triment de progr\u00e8s techniques et de formation humaine dans l&rsquo;exploitation des terres rares. Dans l\u2019intervalle, une part d\u00e9cisive des besoins de l\u2019<strong data-start=\"5986\" data-end=\"6006\">Union europ\u00e9enne<\/strong> en <strong data-start=\"6010\" data-end=\"6026\">terres rares<\/strong> reste assur\u00e9e par la <strong data-start=\"6048\" data-end=\"6057\">Chine<\/strong>, ce qui p\u00e8se sur les marges des fabricants europ\u00e9ens lorsque les prix s\u2019emballent.<\/p>\n<p data-start=\"6169\" data-end=\"7020\">Cet arbitrage ne dispense pas <a href=\"https:\/\/fr.statista.com\/infographie\/34949\/principaux-pays-exportateurs-terres-rares-ue\/\" target=\"_blank\" rel=\"noopener nofollow\">d\u2019avoir une vision de puissance<\/a>, et la g\u00e9opolitique des <strong data-start=\"6255\" data-end=\"6271\">terres rares<\/strong> le rappelle brutalement.<a href=\"https:\/\/www.politiquematin.fr\/accord-terres-rares-etats-unis-chine-europe\" rel=\"nofollow noopener\" target=\"_blank\"> P\u00e9kin ajuste ses r\u00e8gles et ses quotas, les \u00c9tats-Unis financent leur souverainet\u00e9 industrielle,<\/a> les prix r\u00e9agissent quasi en temps r\u00e9el, et l\u2019<strong data-start=\"6439\" data-end=\"6459\">Union europ\u00e9enne<\/strong> doit d\u00e9cider vite. \u00c0 court terme, s\u00e9curiser les <strong data-start=\"6508\" data-end=\"6524\">importations<\/strong> par des contrats d\u2019offtake, des stockages cibl\u00e9s et une diplomatie des ressources. \u00c0 moyen terme, pousser fermement la s\u00e9paration, l\u2019aimantation et le <strong data-start=\"6676\" data-end=\"6689\">recyclage<\/strong> sur le sol europ\u00e9en. \u00c0 long terme, accepter qu\u2019une extraction responsable de <strong data-start=\"6767\" data-end=\"6783\">terres rares<\/strong> puisse exister en Europe lorsque les garanties environnementales et sociales sont r\u00e9unies. Faute de quoi, la promesse d\u2019autonomie strat\u00e9gique demeurera fragile, et les cycles de prix continueront d\u2019imposer leur politique aux politiques.<\/p>\n","protected":false},"excerpt":{"rendered":"L\u2019actualit\u00e9 des terres rares illustre un rapport de force mondial. En quelques jours, le prix de l\u2019oxyde de&hellip;\n","protected":false},"author":2,"featured_media":348611,"comment_status":"","ping_status":"","sticky":false,"template":"","format":"standard","meta":{"footnotes":""},"categories":[1586],"tags":[11,1777,674,1779,1011,27,12,25,1778,364],"class_list":{"0":"post-348610","1":"post","2":"type-post","3":"status-publish","4":"format-standard","5":"has-post-thumbnail","7":"category-europe","8":"tag-actualites","9":"tag-eu","10":"tag-europe","11":"tag-european-union","12":"tag-fr","13":"tag-france","14":"tag-news","15":"tag-republique-francaise","16":"tag-ue","17":"tag-union-europeenne"},"share_on_mastodon":{"url":"https:\/\/pubeurope.com\/@fr\/115103052900382493","error":""},"_links":{"self":[{"href":"https:\/\/www.europesays.com\/fr\/wp-json\/wp\/v2\/posts\/348610","targetHints":{"allow":["GET"]}}],"collection":[{"href":"https:\/\/www.europesays.com\/fr\/wp-json\/wp\/v2\/posts"}],"about":[{"href":"https:\/\/www.europesays.com\/fr\/wp-json\/wp\/v2\/types\/post"}],"author":[{"embeddable":true,"href":"https:\/\/www.europesays.com\/fr\/wp-json\/wp\/v2\/users\/2"}],"replies":[{"embeddable":true,"href":"https:\/\/www.europesays.com\/fr\/wp-json\/wp\/v2\/comments?post=348610"}],"version-history":[{"count":0,"href":"https:\/\/www.europesays.com\/fr\/wp-json\/wp\/v2\/posts\/348610\/revisions"}],"wp:featuredmedia":[{"embeddable":true,"href":"https:\/\/www.europesays.com\/fr\/wp-json\/wp\/v2\/media\/348611"}],"wp:attachment":[{"href":"https:\/\/www.europesays.com\/fr\/wp-json\/wp\/v2\/media?parent=348610"}],"wp:term":[{"taxonomy":"category","embeddable":true,"href":"https:\/\/www.europesays.com\/fr\/wp-json\/wp\/v2\/categories?post=348610"},{"taxonomy":"post_tag","embeddable":true,"href":"https:\/\/www.europesays.com\/fr\/wp-json\/wp\/v2\/tags?post=348610"}],"curies":[{"name":"wp","href":"https:\/\/api.w.org\/{rel}","templated":true}]}}