{"id":348617,"date":"2025-08-27T22:24:15","date_gmt":"2025-08-27T22:24:15","guid":{"rendered":"https:\/\/www.europesays.com\/fr\/348617\/"},"modified":"2025-08-27T22:24:15","modified_gmt":"2025-08-27T22:24:15","slug":"nrl-zac-lipowicz-va-effectuer-ses-debuts-en-nrl-rugby-a-xiii","status":"publish","type":"post","link":"https:\/\/www.europesays.com\/fr\/348617\/","title":{"rendered":"NRL &#8211; Zac Lipowicz va effectuer ses d\u00e9buts en NRL &#8211; Rugby \u00e0 XIII"},"content":{"rendered":"<p style=\"text-align: justify;\"><strong>Le futur joueur des Dragons Catalans va disputer jeudi son premier match de NRL sous les couleurs des Penrith Panthers.<\/strong><\/p>\n<p style=\"text-align: justify;\"><a href=\"https:\/\/treizemondial.fr\/les-panthers-font-tourner-les-bulldogs-remuent-la-queue\/\" target=\"_blank\" rel=\"noopener\">Comme \u00e9voqu\u00e9 plus t\u00f4t<\/a>, Ivan Cleary a d\u00e9cid\u00e9 de proc\u00e9der \u00e0 une tr\u00e8s large revu d\u2019effectif, afin de reposer ses joueurs en vue du sprint final en NRL.<\/p>\n<p style=\"text-align: justify;\">Actuellement class\u00e9s 7\u00e8me, les Panthers qui se d\u00e9placent sur la pelouse des Bulldogs, 3\u00e8mes au classement, ach\u00e8veront leur saison r\u00e9guli\u00e8re par un nouveau d\u00e9placement contre les St George Illawarra Dragons. Selon toute vraisemblance, les joueurs de Penrith dans leur course au titre, devront encore se d\u00e9placer lors des deux tours de la phase finale afin de valider leur ticket pour la grande finale.<\/p>\n<p style=\"text-align: justify;\">Dans cette optique de d\u00e9placements \u00e9reintants, coach Cleary a d\u00e9cid\u00e9 de laisser quasiment toute son \u00e9quipe au repos pour cette journ\u00e9e, permettant \u00e0 un grand nombre de joueurs, dont Zac Lipowicz, d\u2019effectuer leurs d\u00e9buts dans la plus prestigieuse des comp\u00e9titions.<\/p>\n<blockquote class=\"instagram-media\" data-instgrm-captioned=\"\" data-instgrm-permalink=\"https:\/\/www.instagram.com\/p\/DNzrCRVYrLV\/?utm_source=ig_embed&amp;utm_campaign=loading\" data-instgrm-version=\"14\" style=\" background:#FFF; border:0; border-radius:3px; box-shadow:0 0 1px 0 rgba(0,0,0,0.5),0 1px 10px 0 rgba(0,0,0,0.15); margin: 1px; max-width:500px; min-width:326px; padding:0; width:99.375%; width:-webkit-calc(100% - 2px); width:calc(100% - 2px);\">\n<\/blockquote>\n<p>        <script async src=\"\/\/www.instagram.com\/embed.js\"><\/script><\/p>\n","protected":false},"excerpt":{"rendered":"Le futur joueur des Dragons Catalans va disputer jeudi son premier match de NRL sous les couleurs des&hellip;\n","protected":false},"author":2,"featured_media":348618,"comment_status":"","ping_status":"","sticky":false,"template":"","format":"standard","meta":{"footnotes":""},"categories":[1416],"tags":[1011,27,48498,4473,48499,479,2228,1468,2229,60,48500],"class_list":{"0":"post-348617","1":"post","2":"type-post","3":"status-publish","4":"format-standard","5":"has-post-thumbnail","7":"category-rugby","8":"tag-fr","9":"tag-france","10":"tag-ivan-cleary","11":"tag-nrl","12":"tag-penrith-panthers","13":"tag-rugby","14":"tag-rugby-a-xiii","15":"tag-rugby-football","16":"tag-rugby-league","17":"tag-sports","18":"tag-zac-lipowicz"},"share_on_mastodon":{"url":"https:\/\/pubeurope.com\/@fr\/115103076457322524","error":""},"_links":{"self":[{"href":"https:\/\/www.europesays.com\/fr\/wp-json\/wp\/v2\/posts\/348617","targetHints":{"allow":["GET"]}}],"collection":[{"href":"https:\/\/www.europesays.com\/fr\/wp-json\/wp\/v2\/posts"}],"about":[{"href":"https:\/\/www.europesays.com\/fr\/wp-json\/wp\/v2\/types\/post"}],"author":[{"embeddable":true,"href":"https:\/\/www.europesays.com\/fr\/wp-json\/wp\/v2\/users\/2"}],"replies":[{"embeddable":true,"href":"https:\/\/www.europesays.com\/fr\/wp-json\/wp\/v2\/comments?post=348617"}],"version-history":[{"count":0,"href":"https:\/\/www.europesays.com\/fr\/wp-json\/wp\/v2\/posts\/348617\/revisions"}],"wp:featuredmedia":[{"embeddable":true,"href":"https:\/\/www.europesays.com\/fr\/wp-json\/wp\/v2\/media\/348618"}],"wp:attachment":[{"href":"https:\/\/www.europesays.com\/fr\/wp-json\/wp\/v2\/media?parent=348617"}],"wp:term":[{"taxonomy":"category","embeddable":true,"href":"https:\/\/www.europesays.com\/fr\/wp-json\/wp\/v2\/categories?post=348617"},{"taxonomy":"post_tag","embeddable":true,"href":"https:\/\/www.europesays.com\/fr\/wp-json\/wp\/v2\/tags?post=348617"}],"curies":[{"name":"wp","href":"https:\/\/api.w.org\/{rel}","templated":true}]}}