{"id":348619,"date":"2025-08-27T22:25:15","date_gmt":"2025-08-27T22:25:15","guid":{"rendered":"https:\/\/www.europesays.com\/fr\/348619\/"},"modified":"2025-08-27T22:25:15","modified_gmt":"2025-08-27T22:25:15","slug":"le-belge-raphael-collignon-107e-mondial-fait-tomber-casper-ruud-au-deuxieme-tour-de-lus-open-lequipe","status":"publish","type":"post","link":"https:\/\/www.europesays.com\/fr\/348619\/","title":{"rendered":"Le Belge Rapha\u00ebl Collignon, 107e mondial, fait tomber Casper Ruud au deuxi\u00e8me tour de l&#039;US Open &#8211; L&#039;\u00c9quipe"},"content":{"rendered":"<ol>\n<li><a href=\"https:\/\/news.google.com\/rss\/articles\/CBMi2gFBVV95cUxOTVc5TXdtbW9xdjM4VEFheUw4UGpWVjFhcUxQeXlvd2t4T2w1WjROWVU5NVdPaUtZaEpFWGg1QTZYaTZpSndXYkVCdmdmX1V4Q0hWUHZ0Ykpua09wX3dPcWRPV3FqZzRIUXg2Vks1SXM0XzBlaEpPVV9SaGVORWNHMGJlUGE5dUp4TDRnVzJKR0ZvN0lvZzdQRnZMakJxNHZ2MWI5TVEwb0JGS0R2YzZfVWFXYXpmS1NVeW5tSlU5UGlrRmlmdGJwSG5aYU5ZY0R5TWRSTTRLNmg0QQ?oc=5\" target=\"_blank\" rel=\"nofollow noopener\">Le Belge Rapha\u00ebl Collignon, 107e mondial, fait tomber Casper Ruud au deuxi\u00e8me tour de l&rsquo;US Open<\/a>&nbsp;&nbsp;L&rsquo;\u00c9quipe<\/li>\n<li><a href=\"https:\/\/news.google.com\/rss\/articles\/CBMipwFBVV95cUxObjhRMmlSdUhQemwydE9rUWp1a1I4VHZZejBNQ2xuVExabUZjVXNtVzNmeDYxMDhmWFMtTE9UMUhXd0RQM2dxVlFLRDlmU0w2QzF2UG92MHpFaE1mSDZGSkpjMVZoZW5Jei1WQTUyZWlhZlNkXzRoQS1PZzQwY2x3cXJJcHExSENCRVd3R3l0TGVzNWk1Z0x4Q2Jlam12eGtPd0tjY0dCUQ?oc=5\" target=\"_blank\" rel=\"nofollow noopener\">US Open : Zizou Bergs r\u00e9ussit son entr\u00e9e et \u00e9carte Chun Hsin Tseng en 3 manches<\/a>&nbsp;&nbsp;RTBF<\/li>\n<li><a href=\"https:\/\/news.google.com\/rss\/articles\/CBMi0wFBVV95cUxOOHhrVkI4VF9yZ0NlMWNBZVpsQ3BPSGJlUER6QzRoTUxUQ3JvOFlVdlpVcVcwNlU5M2ZfajBWOWFvb2xLSXFFcFZXem16dXpiRjBna3l6VXNKaHl3ZklZdFF0eWktWFBWal9OcnRZdHNZVTk5VGNUOFdlQ3Y5X0pSZ2d2M1B1dU9HNTFJWjFwcEo4NllrWEVfNXZxZGZrMFN2NFNiSElDYkljZmNPcmtDSGJNOTh0ZVNKNXNJcU9WQ3h0UVViQkQ5NTVRU3VuWlgwZEtj?oc=5\" target=\"_blank\" rel=\"nofollow noopener\">Exploit belge \u00e0 l&rsquo;US Open: Rapha\u00ebl Collignon bat Casper Ruud au 2e tour, \u00ab\u00a0c&rsquo;est certainement le plus beau jour de ma vie\u00a0\u00bb<\/a>&nbsp;&nbsp;DHnet<\/li>\n<li><a href=\"https:\/\/news.google.com\/rss\/articles\/CBMixwFBVV95cUxNYTEycU8tbTVST2lRZkVDZlBjZ1lfVGtZR0JUTXBaV3d2aHRpZG5oS0Y2UFJyVWFTV0xRU29MS1RucTlGWmc0QUZFWlFYNGVGRGpmaGV4UlNocGN3eVlKNzVwZ29iQXQyTW1iYWJDX09yUm9rbFE4bDVnU014X3JrSC0zWWRiQzk4SXQwazM4dmZTeGU1RlNWVUxxRWc3Z1pZV2FDYlowUjZSZ3Q2a0tzWVNZMmVfd3BvUXBYbEJxX1k0X1AzRkxN?oc=5\" target=\"_blank\" rel=\"nofollow noopener\">\u201cC\u2019est le plus beau jour de ma vie\u201d: Collignon forge l\u2019exploit contre Ruud au bout d\u2019un thriller<\/a>&nbsp;&nbsp;7sur7.be<\/li>\n<li><a href=\"https:\/\/news.google.com\/rss\/articles\/CBMi4gFBVV95cUxOUzI4RTZkTUVnNWxRRzMzbV80RFc4ek12a1ZpNmR4dXFsNXpVQUZNYzJRMUJOQ3lSbjZlcjZfWXBCN2w5anVFODhsM05pck9YYkNJOF8tYU1qSnhSbnI2TEtoQWdsaHJ6V2ZCRUQ5SnE5MDdQanNhLW5qSmlrWHZOUFdrSkY2TTA1bFdzWDg0OWhEOUFONnlXNnVNazh3alV3cGpPLTdSbExMcnlLMnd0Z2taLVZxWmE2SEEyc2RmT1F2bFM3aF83d3VMLVRjSUxqVHIxQzNXaHZ0c3g1cjdIQV93?oc=5\" target=\"_blank\" rel=\"nofollow noopener\">US Open : Rapha\u00ebl Collignon cr\u00e9e la surprise au 2e tour face \u00e0 Casper Ruud<\/a>&nbsp;&nbsp;La Libre.be<\/li>\n<\/ol>\n","protected":false},"excerpt":{"rendered":"Le Belge Rapha\u00ebl Collignon, 107e mondial, fait tomber Casper Ruud au deuxi\u00e8me tour de l&rsquo;US Open&nbsp;&nbsp;L&rsquo;\u00c9quipe US Open&hellip;\n","protected":false},"author":2,"featured_media":348620,"comment_status":"","ping_status":"","sticky":false,"template":"","format":"standard","meta":{"footnotes":""},"categories":[1415],"tags":[1011,27,60,1467],"class_list":{"0":"post-348619","1":"post","2":"type-post","3":"status-publish","4":"format-standard","5":"has-post-thumbnail","7":"category-tennis","8":"tag-fr","9":"tag-france","10":"tag-sports","11":"tag-tennis"},"share_on_mastodon":{"url":"https:\/\/pubeurope.com\/@fr\/115103080304829742","error":""},"_links":{"self":[{"href":"https:\/\/www.europesays.com\/fr\/wp-json\/wp\/v2\/posts\/348619","targetHints":{"allow":["GET"]}}],"collection":[{"href":"https:\/\/www.europesays.com\/fr\/wp-json\/wp\/v2\/posts"}],"about":[{"href":"https:\/\/www.europesays.com\/fr\/wp-json\/wp\/v2\/types\/post"}],"author":[{"embeddable":true,"href":"https:\/\/www.europesays.com\/fr\/wp-json\/wp\/v2\/users\/2"}],"replies":[{"embeddable":true,"href":"https:\/\/www.europesays.com\/fr\/wp-json\/wp\/v2\/comments?post=348619"}],"version-history":[{"count":0,"href":"https:\/\/www.europesays.com\/fr\/wp-json\/wp\/v2\/posts\/348619\/revisions"}],"wp:featuredmedia":[{"embeddable":true,"href":"https:\/\/www.europesays.com\/fr\/wp-json\/wp\/v2\/media\/348620"}],"wp:attachment":[{"href":"https:\/\/www.europesays.com\/fr\/wp-json\/wp\/v2\/media?parent=348619"}],"wp:term":[{"taxonomy":"category","embeddable":true,"href":"https:\/\/www.europesays.com\/fr\/wp-json\/wp\/v2\/categories?post=348619"},{"taxonomy":"post_tag","embeddable":true,"href":"https:\/\/www.europesays.com\/fr\/wp-json\/wp\/v2\/tags?post=348619"}],"curies":[{"name":"wp","href":"https:\/\/api.w.org\/{rel}","templated":true}]}}