{"id":348621,"date":"2025-08-27T22:27:10","date_gmt":"2025-08-27T22:27:10","guid":{"rendered":"https:\/\/www.europesays.com\/fr\/348621\/"},"modified":"2025-08-27T22:27:10","modified_gmt":"2025-08-27T22:27:10","slug":"ktm-clarifie-sa-position-sur-le-rachat-de-lequipe-tech3-en-motogp","status":"publish","type":"post","link":"https:\/\/www.europesays.com\/fr\/348621\/","title":{"rendered":"KTM clarifie sa position sur le rachat de l&rsquo;\u00e9quipe Tech3 en MotoGP"},"content":{"rendered":"<p>Pit Beirer, le responsable de KTM motorsport, a d\u00e9clar\u00e9 que la marque autrichienne n\u2019\u00e9tait pas impliqu\u00e9e dans les discussions entre Tech3 et de potentiels investisseurs pour la reprise de l\u2019\u00e9quipe MotoGP. L\u2019\u00e9curie d\u2019Herv\u00e9 Poncharal, qui fait partie int\u00e9grante du MotoGP depuis de nombreuses ann\u00e9es, a \u00e9tabli un partenariat satellite avec KTM en 2019, apr\u00e8s avoir mis un terme \u00e0 sa collaboration avec Yamaha qui durait depuis deux d\u00e9cennies.<\/p>\n<p>Depuis qu\u2019elle a adopt\u00e9 les machines KTM, Tech3 a c\u00e9l\u00e9br\u00e9 deux victoires en Grands Prix et a renforc\u00e9 ses liens avec la marque m\u00e8re. Cependant, des rumeurs circulent depuis un certain temps concernant une possible acquisition de l\u2019\u00e9quipe Tech3, le nom de Gunther Steiner, ancien directeur de l\u2019\u00e9quipe Haas de Formule 1, \u00e9tant souvent cit\u00e9.<\/p>\n<p>Poncharal a r\u00e9cemment d\u00e9menti les affirmations selon lesquelles un accord aurait \u00e9t\u00e9 sign\u00e9.<\/p>\n<p>KTM s\u2019impliquera-t-il dans les n\u00e9gociations avec Tech3 ?<\/p>\n<p>L\u2019avenir de l\u2019\u00e9quipe Tech3 pourrait avoir un impact majeur sur KTM. Cependant, Beirer a pr\u00e9cis\u00e9 qu\u2019il n\u2019y avait eu contact qu\u2019avec \u00ab diff\u00e9rentes personnes \u00bb souhaitant s\u2019assurer que des motos seraient disponibles. Pour l\u2019instant, il a affirm\u00e9 que KTM restait en dehors de ces n\u00e9gociations tout en esp\u00e9rant que la situation avec Tech3 demeure stable.<\/p>\n<p>\u00ab Je veux dire, il y a de l\u2019int\u00e9r\u00eat de la part de diff\u00e9rentes personnes, et d\u2019une mani\u00e8re ou d\u2019une autre, elles se connectent avec nous, v\u00e9rifiant si nous avons des motos disponibles \u00bb, a d\u00e9clar\u00e9 Beirer lors du Grand Prix de Hongrie. \u00ab Mais notre partenaire est Herv\u00e9 et nous lui faisons confiance. Nous lui demandons, \u2018s\u2019il te pla\u00eet, g\u00e8re cela\u2019 et quand il y a quelque chose d\u2019important \u00e0 nous dire, qu\u2019il vienne nous en parler. Pour le moment, nous ne sommes pas en premi\u00e8re ligne de ces discussions. \u00bb<\/p>\n<p>\u00ab Nous surveillons simplement attentivement ce que fait Herv\u00e9, mais sinc\u00e8rement, j\u2019esp\u00e8re que \u00e7a restera tr\u00e8s stable comme c\u2019est. \u00bb<\/p>\n<p>KTM a \u00e9galement r\u00e9cemment d\u00e9menti les rumeurs selon lesquelles son ancien sponsor principal, Red Bull, quitterait la marque pour rejoindre Honda l\u2019ann\u00e9e prochaine. Beirer a assur\u00e9 que leur accord actuel avec la soci\u00e9t\u00e9 de boissons \u00e9nerg\u00e9tiques a \u00e9t\u00e9 prolong\u00e9 sur le long terme.<\/p>\n<p>Bon \u00e0 savoir<\/p>\n<ul>\n<li>Le partenariat de Tech3 avec KTM a d\u00e9but\u00e9 en 2019 apr\u00e8s deux d\u00e9cennies de collaboration avec Yamaha.<\/li>\n<li>Tech3 a r\u00e9ussi \u00e0 d\u00e9crocher deux victoires en Grands Prix depuis son changement de fournisseur de motos.<\/li>\n<li>Les rumeurs autour d\u2019une potentielle reprise de Tech3 disent beaucoup de l\u2019int\u00e9r\u00eat croissant pour le MotoGP, r\u00e9unissant diff\u00e9rents acteurs du sport.<\/li>\n<\/ul>\n<p>En ouvrant la discussion sur l\u2019\u00e9volution des \u00e9quipes de MotoGP, il est int\u00e9ressant de se demander comment les dynamiques de partenariat fa\u00e7onnent l\u2019avenir de cette discipline. Que r\u00e9serve l\u2019avenir pour Tech3 et KTM ? La sc\u00e8ne MotoGP pourrait-elle conna\u00eetre des bouleversements plus importants ?<\/p>\n<p class=\"has-white-color has-text-color has-background has-link-color\" style=\"background-color:#b2b2b2;font-size:12px\">Cet article a \u00e9t\u00e9 g\u00e9n\u00e9r\u00e9 gr\u00e2ce \u00e0 l&rsquo;intelligence Artificielle. Chez LesNews, nos r\u00e9dacteurs exploitent l&rsquo;IA pour \u00e9laborer des articles innovants \u00e0 partir de <strong>sources fiables.<\/strong> Si vous rep\u00e9rez une image ou un contenu inappropri\u00e9, merci de nous le signaler via le <a href=\"https:\/\/lesnews.ca\/formulaire-dmca\/\" data-wpel-link=\"internal\" target=\"_blank\" rel=\"noopener\">formulaire DMCA <\/a>\u2013 nous agirons rapidement pour le corriger. \/ This article has been generated using Artificial Intelligence. At LesNews, our editors leverage AI to craft innovative articles <strong>sourced<\/strong> from <strong>reliable references<\/strong>. If you come across any image or content that appears inappropriate, please notify us through the <a href=\"https:\/\/lesnews.ca\/formulaire-dmca\/\" data-wpel-link=\"internal\" target=\"_blank\" rel=\"noopener\">DMCA form<\/a> \u2013 we will promptly take action to address it.<\/p>\n","protected":false},"excerpt":{"rendered":"Pit Beirer, le responsable de KTM motorsport, a d\u00e9clar\u00e9 que la marque autrichienne n\u2019\u00e9tait pas impliqu\u00e9e dans les&hellip;\n","protected":false},"author":2,"featured_media":348622,"comment_status":"","ping_status":"","sticky":false,"template":"","format":"standard","meta":{"footnotes":""},"categories":[1413],"tags":[1011,27,1457,1456,60],"class_list":{"0":"post-348621","1":"post","2":"type-post","3":"status-publish","4":"format-standard","5":"has-post-thumbnail","7":"category-moto","8":"tag-fr","9":"tag-france","10":"tag-moto","11":"tag-motocycle","12":"tag-sports"},"share_on_mastodon":{"url":"https:\/\/pubeurope.com\/@fr\/115103088260323989","error":""},"_links":{"self":[{"href":"https:\/\/www.europesays.com\/fr\/wp-json\/wp\/v2\/posts\/348621","targetHints":{"allow":["GET"]}}],"collection":[{"href":"https:\/\/www.europesays.com\/fr\/wp-json\/wp\/v2\/posts"}],"about":[{"href":"https:\/\/www.europesays.com\/fr\/wp-json\/wp\/v2\/types\/post"}],"author":[{"embeddable":true,"href":"https:\/\/www.europesays.com\/fr\/wp-json\/wp\/v2\/users\/2"}],"replies":[{"embeddable":true,"href":"https:\/\/www.europesays.com\/fr\/wp-json\/wp\/v2\/comments?post=348621"}],"version-history":[{"count":0,"href":"https:\/\/www.europesays.com\/fr\/wp-json\/wp\/v2\/posts\/348621\/revisions"}],"wp:featuredmedia":[{"embeddable":true,"href":"https:\/\/www.europesays.com\/fr\/wp-json\/wp\/v2\/media\/348622"}],"wp:attachment":[{"href":"https:\/\/www.europesays.com\/fr\/wp-json\/wp\/v2\/media?parent=348621"}],"wp:term":[{"taxonomy":"category","embeddable":true,"href":"https:\/\/www.europesays.com\/fr\/wp-json\/wp\/v2\/categories?post=348621"},{"taxonomy":"post_tag","embeddable":true,"href":"https:\/\/www.europesays.com\/fr\/wp-json\/wp\/v2\/tags?post=348621"}],"curies":[{"name":"wp","href":"https:\/\/api.w.org\/{rel}","templated":true}]}}