{"id":348623,"date":"2025-08-27T22:28:21","date_gmt":"2025-08-27T22:28:21","guid":{"rendered":"https:\/\/www.europesays.com\/fr\/348623\/"},"modified":"2025-08-27T22:28:21","modified_gmt":"2025-08-27T22:28:21","slug":"60me-le-transfert-de-lete-prend-forme-au-psg","status":"publish","type":"post","link":"https:\/\/www.europesays.com\/fr\/348623\/","title":{"rendered":"60M\u20ac : Le transfert de l&rsquo;\u00e9t\u00e9 prend forme au PSG !"},"content":{"rendered":"<p>                    Arthur Montagne<br \/>\n                        &#8211;<\/p>\n<p>Journaliste<\/p>\n<p>Affam\u00e9 de sport, il a grandi au son des moteurs de Formule 1 et des exploits de Ronaldinho. Aujourd\u2019hui, diplom\u00e9 d&rsquo;un Master de journalisme de sport, il ne rate plus un Grand Prix de F1 ni un match du PSG, ses deux passions et sp\u00e9cialit\u00e9s<\/p>\n<p class=\"heading\">Attendu depuis le d\u00e9but du mercato, le d\u00e9part de Randal Kolo Muani se confirme s\u00e9rieusement. La presse italienne assure effectivement que l&rsquo;accord entre le PSG et la Juventus est d\u00e9sormais imminent. Il devrait s&rsquo;agir d&rsquo;un pr\u00eat assorti d&rsquo;une obligation. Le montant total de l&rsquo;op\u00e9ration avoisinerait les 60M\u20ac. <\/p>\n<p>D&rsquo;ici lundi, jour de fermeture du mercato estival, le <strong>PSG <\/strong>cherchera \u00e0 vider son loft. Et apr\u00e8s les d\u00e9parts de <strong>Milan Skriniar<\/strong>, <strong>Nordi Mukiele<\/strong>, <strong>Renato Sanches<\/strong> et <strong>Arnau Tenas<\/strong>, <strong>Carlos Soler<\/strong> est \u00e9galement tr\u00e8s proche de rejoindre la <strong>Real Sociedad<\/strong> sous la forme d&rsquo;un pr\u00eat avec option d&rsquo;achat. Mais le dossier le plus attendu concerne <a href=\"https:\/\/le10sport.com\/football\/mercato\/transfert-de-kolo-muani-le-psg-change-davis-cest-la-guerre-sur-le-mercato-755557\" rel=\"nofollow noopener\" target=\"_blank\">Randal Kolo Muani<\/a>.<\/p>\n<p>                                            Accord imminent pour Kolo Muani ?<\/p>\n<p>Cela fait effectivement plusieurs semaines que le <strong>PSG <\/strong>et la <strong>Juventus <\/strong>n\u00e9gocient un nouveau pr\u00eat. Mais cette fois-ci, l&rsquo;accord serait imminent. En effet, selon les informations de <strong>Gianluca Di Marzio<\/strong>, les deux clubs sont d\u00e9sormais tr\u00e8s proches de trouver un accord.<\/p>\n<p>                                            Le montant de l&rsquo;op\u00e9ration avoisine les 60M\u20ac<\/p>\n<p>En effet, le <strong>PSG <\/strong>aurait finalement obtenu ce qu&rsquo;il r\u00e9clamait depuis le d\u00e9but des n\u00e9gociations, \u00e0 savoir une obligation d&rsquo;achat. <strong>Gianluca Di Marzio<\/strong> confirme qu&rsquo;il s&rsquo;agira d&rsquo;un pr\u00eat assorti d&rsquo;une obligation d&rsquo;achat. Sans d\u00e9voile le d\u00e9tail de l&rsquo;op\u00e9ration, le journaliste italien assure toutefois que le montant total du deal avoisinera les 60M\u20ac. Le feuilleton de l&rsquo;\u00e9t\u00e9 touche donc \u00e0 sa fin et <strong>Randal Kolo Muani<\/strong> devrait retourner \u00e0 la <strong>Juventus<\/strong>.<\/p>\n","protected":false},"excerpt":{"rendered":"Arthur Montagne &#8211; Journaliste Affam\u00e9 de sport, il a grandi au son des moteurs de Formule 1 et&hellip;\n","protected":false},"author":2,"featured_media":348624,"comment_status":"","ping_status":"","sticky":false,"template":"","format":"standard","meta":{"footnotes":""},"categories":[1412],"tags":[1451,1452,1453,1454,1455,1011,27,60],"class_list":{"0":"post-348623","1":"post","2":"type-post","3":"status-publish","4":"format-standard","5":"has-post-thumbnail","7":"category-f1","8":"tag-f1","9":"tag-formula-1","10":"tag-formula1","11":"tag-formule-1","12":"tag-formule1","13":"tag-fr","14":"tag-france","15":"tag-sports"},"share_on_mastodon":{"url":"https:\/\/pubeurope.com\/@fr\/115103092143705689","error":""},"_links":{"self":[{"href":"https:\/\/www.europesays.com\/fr\/wp-json\/wp\/v2\/posts\/348623","targetHints":{"allow":["GET"]}}],"collection":[{"href":"https:\/\/www.europesays.com\/fr\/wp-json\/wp\/v2\/posts"}],"about":[{"href":"https:\/\/www.europesays.com\/fr\/wp-json\/wp\/v2\/types\/post"}],"author":[{"embeddable":true,"href":"https:\/\/www.europesays.com\/fr\/wp-json\/wp\/v2\/users\/2"}],"replies":[{"embeddable":true,"href":"https:\/\/www.europesays.com\/fr\/wp-json\/wp\/v2\/comments?post=348623"}],"version-history":[{"count":0,"href":"https:\/\/www.europesays.com\/fr\/wp-json\/wp\/v2\/posts\/348623\/revisions"}],"wp:featuredmedia":[{"embeddable":true,"href":"https:\/\/www.europesays.com\/fr\/wp-json\/wp\/v2\/media\/348624"}],"wp:attachment":[{"href":"https:\/\/www.europesays.com\/fr\/wp-json\/wp\/v2\/media?parent=348623"}],"wp:term":[{"taxonomy":"category","embeddable":true,"href":"https:\/\/www.europesays.com\/fr\/wp-json\/wp\/v2\/categories?post=348623"},{"taxonomy":"post_tag","embeddable":true,"href":"https:\/\/www.europesays.com\/fr\/wp-json\/wp\/v2\/tags?post=348623"}],"curies":[{"name":"wp","href":"https:\/\/api.w.org\/{rel}","templated":true}]}}