{"id":348627,"date":"2025-08-27T22:30:12","date_gmt":"2025-08-27T22:30:12","guid":{"rendered":"https:\/\/www.europesays.com\/fr\/348627\/"},"modified":"2025-08-27T22:30:12","modified_gmt":"2025-08-27T22:30:12","slug":"tfc-psg-kvaratskhelia-de-retour-a-lentrainement","status":"publish","type":"post","link":"https:\/\/www.europesays.com\/fr\/348627\/","title":{"rendered":"TFC \/ PSG &#8211; Kvaratskhelia de retour \u00e0 l&rsquo;entra\u00eenement"},"content":{"rendered":"<p><img width=\"700\" height=\"350\" src=\"https:\/\/www.europesays.com\/fr\/wp-content\/uploads\/2025\/08\/Kvaratskhelia.jpg\" class=\"attachment-jannah-image-post size-jannah-image-post wp-post-image\" alt=\"Kvaratskhelia\" is_main_img=\"1\" decoding=\"async\" fetchpriority=\"high\"  \/><br \/>\n Image :<br \/>\npsg.fr<\/p>\n<p>Absent lors de la victoire face \u00e0 l\u2019Angers SCO (1-0),<br \/>\nl\u2019ailier du PSG, Khvicha Kvaratskhelia, a effectu\u00e9 son retour \u00e0<br \/>\nl\u2019entra\u00eenement cette semaine, \u00e0 J-3 du d\u00e9placement \u00e0<br \/>\nToulouse.<\/p>\n<p>Apr\u00e8s deux victoires en autant de rencontres en ce d\u00e9but de<br \/>\nsaison 2025-2026 de <strong>Ligue 1<\/strong>, le<br \/>\n<strong>PSG<\/strong> a pour ambition de poursuivre sur cette<br \/>\ndynamique avant la tr\u00eave internationale. Ce samedi (21h05 sur<br \/>\nLigue 1+), les champions de France se d\u00e9placent sur la<br \/>\npelouse du <strong><a href=\"https:\/\/canal-supporters.com\/ligue-1-larbitre-de-tfc-psg-j3-designe\/\" title=\"\" rel=\"nofollow noopener\" target=\"_blank\">Toulouse FC<\/a><\/strong>, \u00e9galement vainqueur de ses deux<br \/>\npremiers matches.<\/p>\n<p>Pour cette rencontre, <strong><a href=\"https:\/\/canal-supporters.com\/luis-enrique-nous-croyons-tous-que-nous-pouvons-gagner-tous-les-trophees-et-repeter-cet-exploit-cette-annee\/\" title=\"\" rel=\"nofollow noopener\" target=\"_blank\">Luis Enrique<\/a><\/strong> compte bien poursuivre la mont\u00e9e<br \/>\nen puissance de son \u00e9quipe. Et le coach parisien pourrait s\u2019appuyer<br \/>\nsur le retour de <strong>Khvicha Kvaratskhelia<\/strong>. Absent<br \/>\nface \u00e0 <strong>l\u2019Angers SCO<\/strong> (1-0) la semaine pass\u00e9e en<br \/>\nraison d\u2019une g\u00eane musculaire, l\u2019international g\u00e9orgien a fait son<br \/>\nretour \u00e0 l\u2019entra\u00eenement cette semaine, comme le montrent les images<br \/>\npartag\u00e9s par le club sur son <strong><a href=\"https:\/\/www.psg.fr\/content\/diaporama-les-plus-belles-images-de-lentrainement-du-jour-toulouse-fc-paris-saint-germain-ligue-1-20252026\" target=\"_blank\" rel=\"noopener nofollow\" title=\"\">site internet<\/a><\/strong>.<br \/>\nL\u2019ailier de 24 ans a particip\u00e9 \u00e0 l\u2019entra\u00eenement collectif et a m\u00eame<br \/>\nfait partie de l\u2019\u00e9quipe gagnante lors de la s\u00e9ance du jour.<\/p>\n<blockquote class=\"twitter-tweet\">\n<p lang=\"qme\" dir=\"ltr\">\ud83d\udc9a <a href=\"https:\/\/t.co\/URXHsdGamp\" rel=\"nofollow\">pic.twitter.com\/URXHsdGamp<\/a><\/p>\n<p>\u2014 Paris Saint-Germain (@PSG_inside) <a href=\"https:\/\/twitter.com\/PSG_inside\/status\/1960715514973483161?ref_src=twsrc%5Etfw\" rel=\"nofollow noopener\" target=\"_blank\"><br \/>\nAugust 27, 2025<\/a><\/p><\/blockquote>\n<p>Youtube :<br \/>\n<strong><a href=\"https:\/\/www.youtube.com\/@CanalSupportersParis\" target=\"_blank\" rel=\"noopener nofollow\" title=\"\">Canal Supporters<br \/>\nParis<\/a><\/strong><\/p>\n<p><script async src=\"https:\/\/platform.twitter.com\/widgets.js\" charset=\"utf-8\"><\/script><\/p>\n","protected":false},"excerpt":{"rendered":"Image : psg.fr Absent lors de la victoire face \u00e0 l\u2019Angers SCO (1-0), l\u2019ailier du PSG, Khvicha Kvaratskhelia,&hellip;\n","protected":false},"author":2,"featured_media":348628,"comment_status":"","ping_status":"","sticky":false,"template":"","format":"standard","meta":{"footnotes":""},"categories":[1410],"tags":[40579,18831,81,787,30941,63,1011,27,13297,48501,66,91,92,93,60,40581,40582,96],"class_list":{"0":"post-348627","1":"post","2":"type-post","3":"status-publish","4":"format-standard","5":"has-post-thumbnail","7":"category-football","8":"tag-3e-journee-ligue-1","9":"tag-attaquant-psg","10":"tag-canal-supporters","11":"tag-cs","12":"tag-entrainement-psg","13":"tag-football","14":"tag-fr","15":"tag-france","16":"tag-khvicha-kvaratskhelia","17":"tag-kvaratskhelia-psg","18":"tag-ligue-1","19":"tag-paris-saint-germain","20":"tag-paris-sg","21":"tag-psg","22":"tag-sports","23":"tag-tfc-psg","24":"tag-toulouse-psg","25":"tag-une"},"share_on_mastodon":{"url":"https:\/\/pubeurope.com\/@fr\/115103100503651350","error":""},"_links":{"self":[{"href":"https:\/\/www.europesays.com\/fr\/wp-json\/wp\/v2\/posts\/348627","targetHints":{"allow":["GET"]}}],"collection":[{"href":"https:\/\/www.europesays.com\/fr\/wp-json\/wp\/v2\/posts"}],"about":[{"href":"https:\/\/www.europesays.com\/fr\/wp-json\/wp\/v2\/types\/post"}],"author":[{"embeddable":true,"href":"https:\/\/www.europesays.com\/fr\/wp-json\/wp\/v2\/users\/2"}],"replies":[{"embeddable":true,"href":"https:\/\/www.europesays.com\/fr\/wp-json\/wp\/v2\/comments?post=348627"}],"version-history":[{"count":0,"href":"https:\/\/www.europesays.com\/fr\/wp-json\/wp\/v2\/posts\/348627\/revisions"}],"wp:featuredmedia":[{"embeddable":true,"href":"https:\/\/www.europesays.com\/fr\/wp-json\/wp\/v2\/media\/348628"}],"wp:attachment":[{"href":"https:\/\/www.europesays.com\/fr\/wp-json\/wp\/v2\/media?parent=348627"}],"wp:term":[{"taxonomy":"category","embeddable":true,"href":"https:\/\/www.europesays.com\/fr\/wp-json\/wp\/v2\/categories?post=348627"},{"taxonomy":"post_tag","embeddable":true,"href":"https:\/\/www.europesays.com\/fr\/wp-json\/wp\/v2\/tags?post=348627"}],"curies":[{"name":"wp","href":"https:\/\/api.w.org\/{rel}","templated":true}]}}