{"id":348629,"date":"2025-08-27T22:31:11","date_gmt":"2025-08-27T22:31:11","guid":{"rendered":"https:\/\/www.europesays.com\/fr\/348629\/"},"modified":"2025-08-27T22:31:11","modified_gmt":"2025-08-27T22:31:11","slug":"mort-dune-figure-du-cinema-francais-qui-etait-plus-proche-que-j","status":"publish","type":"post","link":"https:\/\/www.europesays.com\/fr\/348629\/","title":{"rendered":"Mort d\u2019une figure du cin\u00e9ma fran\u00e7ais, qui \u00e9tait plus proche que j &#8230;"},"content":{"rendered":"<p>EN BREF<\/p>\n<ul class=\"bloc_resume_post_list\">\n<li>Paul Belmondo a annonc\u00e9 la mort d\u2019un de ses proches sur<br \/>\nInstagram.<\/li>\n<li>Quatre ans apr\u00e8s la mort de son p\u00e8re, il perd un autre<br \/>\nmembre de sa famille.<\/li>\n<li>Il poste un message \u00e9mouvant.<\/li>\n<\/ul>\n<p>C\u2019est un nouveau deuil pour <a href=\"https:\/\/www.telestar.fr\/people\/jean-paul-belmondo-ses-enfants-se-livrent-une-guerre-secrete-sans-merci-paul-lourdement-accuse-par-ses-soeurs-1694833\" rel=\"nofollow noopener\" target=\"_blank\"><br \/>\nla famille Belmondo<\/a>. Il y a presque quatre ans, le 6 septembre<br \/>\n2021, <a href=\"https:\/\/www.telestar.fr\/people\/jean-paul-belmondo-est-mort-a-l-age-de-88-ans-648268\" rel=\"nofollow noopener\" target=\"_blank\"><br \/>\nJean-Paul Belmondo est d\u00e9c\u00e9d\u00e9.<\/a> Ic\u00f4ne du cin\u00e9ma fran\u00e7ais, il a<br \/>\njou\u00e9 dans plus de 80 films. Mais celui qui \u00e9tait connu pour ses<br \/>\ntalents d\u2019acteurs avait d\u2019autres cordes \u00e0 son arc, puisqu\u2019il \u00e9tait<br \/>\n\u00e9galement cascadeur. Si de nombreux fans ont pleur\u00e9 sa mort, il a<br \/>\naussi laiss\u00e9 derri\u00e8re lui sa famille, ses quatre enfants, mais<br \/>\naussi son fr\u00e8re a\u00een\u00e9.<\/p>\n<p>Mercredi 27 ao\u00fbt, <a href=\"https:\/\/www.telestar.fr\/actu-tv\/jean-paul-belmondo-femmes-enfants-et-petits-enfants-le-point-sur-sa-grande-famille-recomposee-617997\" rel=\"nofollow noopener\" target=\"_blank\"><br \/>\nPaul Belmondo, le fils a\u00een\u00e9 de l\u00a0\u00bbacteur,<\/a> a annonc\u00e9 une triste<br \/>\nnouvelle, qui aurait d\u00e9vast\u00e9 son p\u00e8re.<\/p>\n<p>Alain Belmondo est mort<\/p>\n<p>C\u2019est sur Instagram que l&rsquo;a\u00een\u00e9 de la fratrie Belmondo a partag\u00e9<br \/>\nl&rsquo;information. \u201c<strong>Mon oncle Alain est parti ce matin<br \/>\nrejoindre mon p\u00e8re,<\/strong> <a href=\"https:\/\/www.telestar.fr\/people\/jean-paul-belmondo-tout-sourire-au-cote-de-son-frere-alain-photos-136282\" rel=\"nofollow noopener\" target=\"_blank\"><br \/>\nils \u00e9taient deux fr\u00e8res ins\u00e9parables<\/a>\u201d, commence le fr\u00e8re<br \/>\nde Stella. Pour illustrer ses propos, une photo en noir et blanc<br \/>\ndes deux fr\u00e8res, fumant un cigare. Tout comme Jean-Paul, Alain<br \/>\nBelmondo partageait une passion pour le cin\u00e9ma. Alors que son fr\u00e8re<br \/>\n\u00e9tait dans la lumi\u00e8re, il agissait dans l\u2019ombre. \u201cPendant la<br \/>\nguerre, ils \u00e9taient enfants de ch\u0153ur, ils partageaient la m\u00eame<br \/>\npassion du cin\u00e9ma et du th\u00e9\u00e2tre\u201d, poursuit Paul, expliquant<br \/>\nque son oncle a \u00e9t\u00e9 le r\u00e9gisseur de nombreux films dans lesquels a<br \/>\njou\u00e9 son p\u00e8re. Il cite notamment Le Vieux Fusil, Indochine, Le<br \/>\nProfessionnel, La Veuve Couderc, L\u2019Argent des autres, Borsalino,<br \/>\nL&rsquo;As des As. Mais tout comme son fr\u00e8re, Alain Belmondo avait<br \/>\nplusieurs casquettes, puisqu\u2019il \u00e9tait aussi producteur de films. On<br \/>\nlui doit par exemple Chocolat ou Tom et Lola.<\/p>\n<p>Ensuite, <a href=\"https:\/\/www.telestar.fr\/people\/paul-belmondo-tres-remonte-contre-son-ex-femme-luana-il-repond-point-par-point-a-ses-accusations-publiques-1682456\" rel=\"nofollow noopener\" target=\"_blank\"><br \/>\nl\u2019ex de Luana Belmondo<\/a> a ajout\u00e9 : \u201cIl a \u00e9t\u00e9 le directeur<br \/>\ng\u00e9n\u00e9ral du Th\u00e9\u00e2tre des vari\u00e9t\u00e9s aux c\u00f4t\u00e9s de mon p\u00e8re pendant plus<br \/>\nde dix ans.\u201d<\/p>\n<blockquote class=\"instagram-media\" style=\"background: #ffffff;border: 0;margin: 1px;width: 100%;padding: 0;max-width: 500px;\" data-instgrm-permalink=\"https:\/\/www.instagram.com\/p\/DN3OqmgxN3K\/\" data-instgrm-version=\"14\"\/><p>\n\u201cRepose en paix, Alain\u201d : le message<br \/>\n\u00e9mouvant de Paul Belmondo<\/p>\n<p>Celui qui a <a href=\"https:\/\/www.telestar.fr\/serie_tv\/demain-nous-appartient-paul-belmondo-debarque-dans-la-serie-ces-details-intrigants-sur-son-personnage-1714594\" rel=\"nofollow noopener\" target=\"_blank\"><br \/>\njou\u00e9 dans Demain nous appartient<\/a> conclut en adressant son<br \/>\nsoutien aux autres membres de sa famille, directement touch\u00e9s par<br \/>\nla mort de son oncle : \u201cMon oncle est rest\u00e9 pr\u00e9sent jusqu\u2019\u00e0 la<br \/>\nfin de la vie de mon p\u00e8re et les voil\u00e0 maintenant r\u00e9unis pour<br \/>\nl\u2019\u00e9ternit\u00e9. Je pense \u00e0 Muriel, leur s\u0153ur qui les a accompagn\u00e9s<br \/>\njusqu\u2019\u00e0 la fin et \u00e0 mon cousin Olivier et \u00e0 ses enfants. Avec toi,<br \/>\nAlain, encore une page du cin\u00e9ma fran\u00e7ais se ferme. <strong>Repose<br \/>\nen paix, Alain.<\/strong>\u201d<\/p>\n<p>Par cette publication, le p\u00e8re de famille rend ainsi un bel<br \/>\nhommage \u00e0 son oncle.<\/p>\n<p><script async src=\"\/\/www.instagram.com\/embed.js\"><\/script><\/p>\n","protected":false},"excerpt":{"rendered":"EN BREF Paul Belmondo a annonc\u00e9 la mort d\u2019un de ses proches sur Instagram. Quatre ans apr\u00e8s la&hellip;\n","protected":false},"author":2,"featured_media":348630,"comment_status":"","ping_status":"","sticky":false,"template":"","format":"standard","meta":{"footnotes":""},"categories":[1359],"tags":[548,58,59,1011,27,18,973],"class_list":{"0":"post-348629","1":"post","2":"type-post","3":"status-publish","4":"format-standard","5":"has-post-thumbnail","7":"category-people","8":"tag-article-simple","9":"tag-divertissement","10":"tag-entertainment","11":"tag-fr","12":"tag-france","13":"tag-mort","14":"tag-people"},"share_on_mastodon":{"url":"https:\/\/pubeurope.com\/@fr\/115103104065903458","error":""},"_links":{"self":[{"href":"https:\/\/www.europesays.com\/fr\/wp-json\/wp\/v2\/posts\/348629","targetHints":{"allow":["GET"]}}],"collection":[{"href":"https:\/\/www.europesays.com\/fr\/wp-json\/wp\/v2\/posts"}],"about":[{"href":"https:\/\/www.europesays.com\/fr\/wp-json\/wp\/v2\/types\/post"}],"author":[{"embeddable":true,"href":"https:\/\/www.europesays.com\/fr\/wp-json\/wp\/v2\/users\/2"}],"replies":[{"embeddable":true,"href":"https:\/\/www.europesays.com\/fr\/wp-json\/wp\/v2\/comments?post=348629"}],"version-history":[{"count":0,"href":"https:\/\/www.europesays.com\/fr\/wp-json\/wp\/v2\/posts\/348629\/revisions"}],"wp:featuredmedia":[{"embeddable":true,"href":"https:\/\/www.europesays.com\/fr\/wp-json\/wp\/v2\/media\/348630"}],"wp:attachment":[{"href":"https:\/\/www.europesays.com\/fr\/wp-json\/wp\/v2\/media?parent=348629"}],"wp:term":[{"taxonomy":"category","embeddable":true,"href":"https:\/\/www.europesays.com\/fr\/wp-json\/wp\/v2\/categories?post=348629"},{"taxonomy":"post_tag","embeddable":true,"href":"https:\/\/www.europesays.com\/fr\/wp-json\/wp\/v2\/tags?post=348629"}],"curies":[{"name":"wp","href":"https:\/\/api.w.org\/{rel}","templated":true}]}}