{"id":348631,"date":"2025-08-27T22:32:24","date_gmt":"2025-08-27T22:32:24","guid":{"rendered":"https:\/\/www.europesays.com\/fr\/348631\/"},"modified":"2025-08-27T22:32:24","modified_gmt":"2025-08-27T22:32:24","slug":"je-choisis-jagis-voici-lidentite-visuelle-que-vous-avez-choisie","status":"publish","type":"post","link":"https:\/\/www.europesays.com\/fr\/348631\/","title":{"rendered":"Je choisis \/ J&rsquo;agis : voici l&rsquo;identit\u00e9 visuelle que vous avez choisie&#8230;"},"content":{"rendered":"<p><img fetchpriority=\"high\" decoding=\"async\" width=\"2560\" height=\"1920\" src=\"https:\/\/www.europesays.com\/fr\/wp-content\/uploads\/2025\/08\/Mise-en-page-1_Page-1-6-scaled.jpg\" alt=\"\" class=\"wp-image-109156\"  \/><\/p>\n<p><strong>Plus de 1 400 \u201cvotes\u201d pour d\u00e9gager les 3 logos finalistes, plus de 1 500 suppl\u00e9mentaires pour en choisir un seul, je suis combl\u00e9 par l\u2019enthousiasme autour de cette initiative (totalement d\u00e9sint\u00e9ress\u00e9e ET en open-source je le rappelle) \u201cJe choisis \/ J\u2019agis\u201d pour aider les clients \u00e0 identifier les produits \u00e0 impact et qui pourrait \u00eatre port\u00e9e de mani\u00e8re transversale par les enseignes. <\/strong><\/p>\n<p>A une tr\u00e8s large majorit\u00e9, vous avez donc pr\u00e9f\u00e9r\u00e9 ce panier \u201cclin d\u2019\u0153il\u201d. Je remercie les \u201ccr\u00e9as\u201d d\u2019HighCo qui l\u2019ont imagin\u00e9 (b\u00e9n\u00e9volement) comme tous ceux qui ont particip\u00e9 : New Business Chantrenne, Eric Delalande et C\u2019est qui le Patron. Merci \u00e0 eux, c\u2019est tr\u00e8s tr\u00e8s sympa !<\/p>\n<p><strong>\u00c0 pr\u00e9sent, cette identit\u00e9 visuelle est en totale libre-utilisation. <\/strong>Plusieurs magasins m\u2019ont d\u00e9j\u00e0 fait part de leur int\u00e9r\u00eat pour l\u2019utiliser. Allez-y ! Une (grande) enseigne pr\u00e9pare d\u2019ailleurs quelque chose \u00e0 br\u00e8ve \u00e9ch\u00e9ance ET \u00e0 grande \u00e9chelle. Et, en fonction du calendrier politique, j\u2019ai bon espoir d\u2019une visite minist\u00e9rielle \ud83d\ude09 .<\/p>\n<p><strong>Reste \u00e9videmment \u00e0 d\u00e9finir le p\u00e9rim\u00e8tre des marques \u00e0 impact. <\/strong>C\u2019est mon prochain sujet ! Objectif : r\u00e9unir les M\/Mme RSE des enseignes via la FCD pour former un coll\u00e8ge incontestable capable (coll\u00e9gialement c\u2019est le mot) de dire si telle ou telle marque est dans cette logique de l\u2019impact (pour la soci\u00e9t\u00e9 ou la plan\u00e8te). \u00c0 ces personnalit\u00e9s, pourraient s\u2019en rajouter d\u2019autres, tout aussi incontestables dans le monde de la conso\u2026 Je lance m\u00eame publiquement les invitations. Dans ce \u201ccoll\u00e8ge\u201d, je r\u00eave de R\u00e9my G\u00e9rin (prof \u00e0 l\u2019Essec et qui participe beaucoup \u00e0 ce d\u00e9bat sur la conso responsable), David Garbous (Pr\u00e9sident du Collectif en V\u00e9rit\u00e9 qui a \u0153uvr\u00e9 avec moi sur Origin\u2019Info) ou encore mes confr\u00e8res Yves Puget (le patron de LSA) ou Agathe Lejeune (la r\u00e9dac-chef de Lin\u00e9aires), parce que le sujet peut justifier de transcender les clivages\u2026 M\u2019ssieurs, M\u2019dame, je vous invite donc publiquement ! Quand \u00e0 la FCD, son pr\u00e9sident, Alexandre Bompard, est aussi sensibilis\u00e9 \u00e0 l\u2019initiative. J\u2019attends juste la nouvelle \u201cgouvernance\u201d de l\u2019institution ;-).<\/p>\n<p>En attendant qu\u2019une m\u00e9thodologie qui puisse p\u00e9rim\u00e9trer les d\u00e9marches \u00e0 impact soit mise en place, je laisse \u00e0 chaque magasin le soin d\u2019\u00eatre ce \u201cfiltre\u201d. En gros, soyez fair et plein de bon sens dans la s\u00e9lection.<\/p>\n<p>NB : et pour ceux qui veulent recevoir les \u00e9l\u00e9ments graphiques pour l\u2019utilisation, <a href=\"http:\/\/www.olivierdauvers.fr\/cdn-cgi\/l\/email-protection#06696a6f706f637446696a6f706f637462677370637475286074\" target=\"_blank\" rel=\"noopener\">un mail ici <\/a>et je m\u2019en occupe. Autant que je le peux, j\u2019irai voir et le montrerai ! Et comme je suis pas du genre \u00e0 m\u00e9goter sur les d\u00e9placements, c\u2019est pas juste une promesse en l\u2019air. <\/p>\n<p><img loading=\"lazy\" decoding=\"async\" width=\"2205\" height=\"1654\" src=\"https:\/\/www.europesays.com\/fr\/wp-content\/uploads\/2025\/08\/Mise-en-page-1_Page-2.jpg\" alt=\"\" class=\"wp-image-109157\"  \/><\/p>\n<p><img loading=\"lazy\" decoding=\"async\" width=\"2205\" height=\"1654\" src=\"https:\/\/www.europesays.com\/fr\/wp-content\/uploads\/2025\/08\/Mise-en-page-1_Page-3.jpg\" alt=\"\" class=\"wp-image-109158\"  \/><\/p>\n<p><img loading=\"lazy\" decoding=\"async\" width=\"2205\" height=\"1654\" src=\"https:\/\/www.europesays.com\/fr\/wp-content\/uploads\/2025\/08\/Mise-en-page-1_Page-4.jpg\" alt=\"\" class=\"wp-image-109159\"  \/><\/p>\n<p><img loading=\"lazy\" decoding=\"async\" width=\"2205\" height=\"1654\" src=\"https:\/\/www.europesays.com\/fr\/wp-content\/uploads\/2025\/08\/Mise-en-page-1_Page-5.jpg\" alt=\"\" class=\"wp-image-109160\"  \/><\/p>\n<p><img loading=\"lazy\" decoding=\"async\" width=\"2205\" height=\"1654\" src=\"https:\/\/www.europesays.com\/fr\/wp-content\/uploads\/2025\/08\/Mise-en-page-1_Page-6.jpg\" alt=\"\" class=\"wp-image-109161\"  \/><\/p>\n<p><img loading=\"lazy\" decoding=\"async\" width=\"2205\" height=\"1654\" src=\"https:\/\/www.europesays.com\/fr\/wp-content\/uploads\/2025\/08\/Mise-en-page-1_Page-7.jpg\" alt=\"\" class=\"wp-image-109162\"  \/><\/p>\n","protected":false},"excerpt":{"rendered":"Plus de 1 400 \u201cvotes\u201d pour d\u00e9gager les 3 logos finalistes, plus de 1 500 suppl\u00e9mentaires pour en&hellip;\n","protected":false},"author":2,"featured_media":348632,"comment_status":"","ping_status":"","sticky":false,"template":"","format":"standard","meta":{"footnotes":""},"categories":[1358],"tags":[1348,1384,1385,1386,58,59,1011,27],"class_list":{"0":"post-348631","1":"post","2":"type-post","3":"status-publish","4":"format-standard","5":"has-post-thumbnail","7":"category-arts-et-design","8":"tag-arts","9":"tag-arts-and-design","10":"tag-arts-et-design","11":"tag-design","12":"tag-divertissement","13":"tag-entertainment","14":"tag-fr","15":"tag-france"},"share_on_mastodon":{"url":"https:\/\/pubeurope.com\/@fr\/115103108166543284","error":""},"_links":{"self":[{"href":"https:\/\/www.europesays.com\/fr\/wp-json\/wp\/v2\/posts\/348631","targetHints":{"allow":["GET"]}}],"collection":[{"href":"https:\/\/www.europesays.com\/fr\/wp-json\/wp\/v2\/posts"}],"about":[{"href":"https:\/\/www.europesays.com\/fr\/wp-json\/wp\/v2\/types\/post"}],"author":[{"embeddable":true,"href":"https:\/\/www.europesays.com\/fr\/wp-json\/wp\/v2\/users\/2"}],"replies":[{"embeddable":true,"href":"https:\/\/www.europesays.com\/fr\/wp-json\/wp\/v2\/comments?post=348631"}],"version-history":[{"count":0,"href":"https:\/\/www.europesays.com\/fr\/wp-json\/wp\/v2\/posts\/348631\/revisions"}],"wp:featuredmedia":[{"embeddable":true,"href":"https:\/\/www.europesays.com\/fr\/wp-json\/wp\/v2\/media\/348632"}],"wp:attachment":[{"href":"https:\/\/www.europesays.com\/fr\/wp-json\/wp\/v2\/media?parent=348631"}],"wp:term":[{"taxonomy":"category","embeddable":true,"href":"https:\/\/www.europesays.com\/fr\/wp-json\/wp\/v2\/categories?post=348631"},{"taxonomy":"post_tag","embeddable":true,"href":"https:\/\/www.europesays.com\/fr\/wp-json\/wp\/v2\/tags?post=348631"}],"curies":[{"name":"wp","href":"https:\/\/api.w.org\/{rel}","templated":true}]}}