{"id":348633,"date":"2025-08-27T22:33:20","date_gmt":"2025-08-27T22:33:20","guid":{"rendered":"https:\/\/www.europesays.com\/fr\/348633\/"},"modified":"2025-08-27T22:33:20","modified_gmt":"2025-08-27T22:33:20","slug":"distinction-le-prix-du-livre-grand-est-distingue-le-strasbourgeois-gregoire-carle","status":"publish","type":"post","link":"https:\/\/www.europesays.com\/fr\/348633\/","title":{"rendered":"Distinction. Le Prix du livre Grand Est distingue le Strasbourgeois Gr\u00e9goire Carle"},"content":{"rendered":"<p>Le Prix du Livre Grand Est, port\u00e9 par la collectivit\u00e9 \u00e9ponyme, existe depuis 2008. D\u00e9di\u00e9 \u00e0 l\u2019illustration, il distingue des auteurs de la grande r\u00e9gion. Le jury \u00e9tait cette ann\u00e9e pr\u00e9sid\u00e9 par la romanci\u00e8re <a href=\"https:\/\/www.dna.fr\/p\/agnes-ledig\" target=\"_blank\" rel=\"nofollow noopener\">Agn\u00e8s Ledig<\/a>. L\u2019occasion de remettre en lumi\u00e8re <a href=\"https:\/\/www.dna.fr\/culture-loisirs\/2024\/02\/08\/gregoire-carle-ravive-la-memoire-d-adolescents-resistants-dans-l-alsace-de-1940\" target=\"_blank\" rel=\"nofollow noopener\">Le Lierre et l\u2019Araign\u00e9e , de Gr\u00e9goire Carle publi\u00e9 par Dupuis d\u00e9but 2024<\/a> , laur\u00e9at du prix de la BD. Cet excellent roman graphique m\u00eale r\u00e9cit historique, r\u00e9flexion sensible sur la transmission et ode \u00e0 la nature. Il y raconte comment son grand-p\u00e8re, tout juste sorti de l\u2019adolescence, s\u2019est engag\u00e9 dans la r\u00e9sistance contre l\u2019occupant nazi, avec ses amis, \u00e0 Strasbourg et notamment dans la for\u00eat du Rhin. Le prix de l\u2019album jeunesse revient \u00e0 Cherch\u2019 &amp; trouv\u2019 (Seuil jeunesse) de CSIL, originaire des Ardennes, et le prix \u00ab\u00a0livre vert\u00a0\u00bb est all\u00e9 \u00e0 Petit \u00e0 petit, quelque chose au fond l\u00e0-bas , d\u2019Emilie Vast, de Reims, publi\u00e9 par MeMo.<\/p>\n<p>Le prix sera remis vendredi 12\u00a0septembre dans le cadre du Livre sur la place \u00e0 Nancy.<\/p>\n","protected":false},"excerpt":{"rendered":"Le Prix du Livre Grand Est, port\u00e9 par la collectivit\u00e9 \u00e9ponyme, existe depuis 2008. D\u00e9di\u00e9 \u00e0 l\u2019illustration, il&hellip;\n","protected":false},"author":2,"featured_media":348634,"comment_status":"","ping_status":"","sticky":false,"template":"","format":"standard","meta":{"footnotes":""},"categories":[1357],"tags":[2389,1379,1687,58,2880,59,107,1011,27,1380,2410,640,2879],"class_list":{"0":"post-348633","1":"post","2":"type-post","3":"status-publish","4":"format-standard","5":"has-post-thumbnail","7":"category-livres","8":"tag-alsace","9":"tag-books","10":"tag-culture-loisirs","11":"tag-divertissement","12":"tag-edition-strasbourg","13":"tag-entertainment","14":"tag-fil-info","15":"tag-fr","16":"tag-france","17":"tag-livres","18":"tag-livres-bd","19":"tag-strasbourg","20":"tag-strasbourg-ville"},"share_on_mastodon":{"url":"https:\/\/pubeurope.com\/@fr\/115103111874116567","error":""},"_links":{"self":[{"href":"https:\/\/www.europesays.com\/fr\/wp-json\/wp\/v2\/posts\/348633","targetHints":{"allow":["GET"]}}],"collection":[{"href":"https:\/\/www.europesays.com\/fr\/wp-json\/wp\/v2\/posts"}],"about":[{"href":"https:\/\/www.europesays.com\/fr\/wp-json\/wp\/v2\/types\/post"}],"author":[{"embeddable":true,"href":"https:\/\/www.europesays.com\/fr\/wp-json\/wp\/v2\/users\/2"}],"replies":[{"embeddable":true,"href":"https:\/\/www.europesays.com\/fr\/wp-json\/wp\/v2\/comments?post=348633"}],"version-history":[{"count":0,"href":"https:\/\/www.europesays.com\/fr\/wp-json\/wp\/v2\/posts\/348633\/revisions"}],"wp:featuredmedia":[{"embeddable":true,"href":"https:\/\/www.europesays.com\/fr\/wp-json\/wp\/v2\/media\/348634"}],"wp:attachment":[{"href":"https:\/\/www.europesays.com\/fr\/wp-json\/wp\/v2\/media?parent=348633"}],"wp:term":[{"taxonomy":"category","embeddable":true,"href":"https:\/\/www.europesays.com\/fr\/wp-json\/wp\/v2\/categories?post=348633"},{"taxonomy":"post_tag","embeddable":true,"href":"https:\/\/www.europesays.com\/fr\/wp-json\/wp\/v2\/tags?post=348633"}],"curies":[{"name":"wp","href":"https:\/\/api.w.org\/{rel}","templated":true}]}}