{"id":348635,"date":"2025-08-27T22:34:13","date_gmt":"2025-08-27T22:34:13","guid":{"rendered":"https:\/\/www.europesays.com\/fr\/348635\/"},"modified":"2025-08-27T22:34:13","modified_gmt":"2025-08-27T22:34:13","slug":"les-reactions-politiques-apres-linterview-de-francois-bayrou-sur-tf1","status":"publish","type":"post","link":"https:\/\/www.europesays.com\/fr\/348635\/","title":{"rendered":"les r\u00e9actions politiques apr\u00e8s l&rsquo;interview de Fran\u00e7ois Bayrou sur TF1"},"content":{"rendered":"\n<p class=\"c-chapo \">\n  Le Premier ministre s&rsquo;est livr\u00e9 \u00e0 un exercice d&rsquo;\u00e9quilibriste mercredi soir \u00e0 propos du budget 2026, pour tenter de convaincre les oppositions de ne pas renverser le gouvernement lors du vote de confiance le 8 septembre \u00e0 l&rsquo;Assembl\u00e9e. Sa prestation a provoqu\u00e9 de vives r\u00e9actions politiques.\n<\/p>\n<p>            lire plus tard<\/p>\n<p id=\"dialog__title\" class=\"dialog__title\">Pour sauvegarder cet article, connectez-vous ou cr\u00e9ez un compte franceinfo<\/p>\n<p class=\"dialog__description\">Sans paiement. Sans abonnement.<\/p>\n<p>        Fermer la fen\u00eatre d\u2019activation des notifications France Info<\/p>\n<p>            cr\u00e9er votre compte<\/p>\n<p>            se connecter<\/p>\n<p>        Fermer la fen\u00eatre de pr\u00e9sentation<\/p>\n<p>    <img loading=\"lazy\" decoding=\"async\" class=\"signature__image lazyload\" width=\"100\" height=\"100\" data- alt=\"\" src=\"https:\/\/www.europesays.com\/fr\/wp-content\/uploads\/2025\/05\/64a7df4c5fe71_placeholder-36b69ec8.png\"\/><\/p>\n<p>    Publi\u00e9 le 27\/08\/2025 22:13<\/p>\n<p>        Temps de lecture : 4min<\/p>\n<p>    <img decoding=\"async\"  alt=\"Fran\u00e7ois Bayrou, Premier ministre, le 27 ao\u00fbt 2025 sur TF1. (XAVIER GALIANA \/ AFP)\" width=\"432\" height=\"243\" src=\"https:\/\/www.europesays.com\/fr\/wp-content\/uploads\/2025\/08\/000-72me4gh-68af5745c83e7756195340.jpg\" fetchpriority=\"high\"\/><\/p>\n<p>      Fran\u00e7ois Bayrou, Premier ministre, le 27 ao\u00fbt 2025 sur TF1. (XAVIER GALIANA \/ AFP)<\/p>\n<p>C&rsquo;\u00e9tait une prestation scrut\u00e9e avant tout par les oppositions. Fran\u00e7ois Bayrou \u00e9tait l&rsquo;invit\u00e9 du journal de 20 heures sur TF1, mercredi 27 ao\u00fbt. Le Premier ministre s&rsquo;est dit ouvert \u00e0 \u00ab\u00a0toutes les n\u00e9gociations n\u00e9cessaires\u00a0\u00bb sur le budget 2026 \u00e0 condition \u00ab\u00a0qu&rsquo;on s&rsquo;entende sur l&rsquo;importance de l&rsquo;effort\u00a0\u00bb. Il doit consulter les diff\u00e9rents chefs de parti lundi \u00e0 Matignon, avant d&rsquo;engager la responsabilit\u00e9 de son gouvernement <a href=\"http:\/\/www.franceinfo.fr\/politique\/gouvernement-de-francois-bayrou\/vote-de-confiance-nouveau-premier-ministre-dissolution-quels-sont-les-differents-scenarios-envisageables-en-cas-de-chute-du-gouvernement-bayrou_7455685.html#xtor=CS2-765-%5Bautres%5D-\" rel=\"nofollow noopener\" target=\"_blank\">lors d&rsquo;un vote de confiance<\/a>, le 8 septembre, \u00e0 l&rsquo;Assembl\u00e9e nationale. Sa prestation n&rsquo;a pas manqu\u00e9 de faire r\u00e9agir les diff\u00e9rents partis.<\/p>\n<p>\u00ab\u00a0Bayrou, confus embrouille chiffres et arguments. Il effraye et ment, <a href=\"https:\/\/x.com\/JLMelenchon\/status\/1960777621131944333\" target=\"_blank\" rel=\"noopener nofollow\">tacle sur X<\/a> Jean-Luc M\u00e9lenchon, le fondateur de La France insoumise. Discours populiste anti parti. Et lui ? Il a vot\u00e9 mille milliards de dette suppl\u00e9mentaire. Irr\u00e9el, comme tout en macronie. Le fusible de Macron est grill\u00e9. Le 8 on chasse Bayrou, le 10 on bloque Macron !\u00a0\u00bb\u00a0<\/p>\n<p>Eric Coquerel, le pr\u00e9sident (LFI) de la commission des finances \u00e0 l&rsquo;Assembl\u00e9e nationale, assure que le 8 septembre Fran\u00e7ois Bayrou \u00ab\u00a0va sauter\u00a0\u00bb. D&rsquo;ici \u00e0 cette date, il souhaite que le Premier ministre \u00ab\u00a0arr\u00eate ce feuilleton de catastrophisme [&#8230;] qui peut susciter encore plus de chaos\u00a0\u00bb.\u00a0Interrog\u00e9 sur les consultations \u00e0 Matignon lundi, Eric Coquerel affirme ne pas en avoir parl\u00e9 avec son parti mais pense qu&rsquo;il n&rsquo;y a \u00ab\u00a0rien \u00e0 n\u00e9gocier\u00a0\u00bb. Le d\u00e9put\u00e9 explique ne pas partager le constat fait par Fran\u00e7ois Bayrou \u00ab\u00a0qui laisse penser que la dette est l&rsquo;alpha et l&rsquo;om\u00e9ga de tout crit\u00e8re de sant\u00e9 \u00e9conomique\u00a0\u00bb. Pour Eric Coquerel, la question de la dette \u00ab\u00a0est probl\u00e9matique \u00e0 partir du moment o\u00f9 elle sert \u00e0 financer des cadeaux fiscaux aux plus riches et non pas \u00e0 investir dans l&rsquo;industrie ou l&rsquo;\u00e9conomie ou la transition \u00e9cologique\u00a0\u00bb.\u00a0<\/p>\n<blockquote class=\"ftvi_content_quote\">\n<p class=\"ftvi_citation_quote\">\u00ab\u00a0Plus Fran\u00e7ois Bayrou parle et plus il radicalise les groupes d&rsquo;opposition dans le fait de voter contre le vote de confiance.\u00a0\u00bb<\/p>\n<p>Eric Coquerel, d\u00e9put\u00e9 et pr\u00e9sident (LFI) de la commission des finances \u00e0 l&rsquo;Assembl\u00e9e<\/p>\n<p class=\"ftvi_citation_source\">sur franceinfo<\/p>\n<\/blockquote>\n<p>\u00ab\u00a0&lsquo;T\u2019en fais pas Simone&rsquo;, Bayrou traite avec d\u00e9sinvolture un sujet qui m\u00e9riterait de se hisser \u00e0 la hauteur de l\u2019enjeu. Personne ne conteste le niveau de la dette dont il est, avec Emmanuel Macron, comptable apr\u00e8s 8 ann\u00e9es au pouvoir, <a href=\"https:\/\/x.com\/faureolivier\/status\/1960781779201069184\" target=\"_blank\" rel=\"noopener nofollow\">cingle sur X<\/a> Olivier Faure, le Premier secr\u00e9taire du PS. Ce que nous contestons c\u2019est la punition inflig\u00e9e aux travailleurs, aux malades, aux retrait\u00e9s, aux demandeurs d\u2019emploi, aux jeunes. Nous pr\u00e9senterons cette semaine un autre chemin pour rompre avec cette logique qui conduit le pays \u00e0 la mis\u00e8re et \u00e0 la r\u00e9cession.\u00a0\u00bb<\/p>\n<p>\u00ab\u00a0Je suis tr\u00e8s choqu\u00e9e par les propos de Fran\u00e7ois Bayrou, <a href=\"https:\/\/x.com\/marinetondelier\/status\/1960788847995810122\" target=\"_blank\" rel=\"noopener nofollow\">commente sur X<\/a> Marine Tondelier. Avec sa fable de coque perc\u00e9e et de bateau qui prend l\u2019eau, il fait mine d\u2019oublier que le capitaine et l\u2019\u00e9quipage sont macronistes depuis 8 ans, fustige la secr\u00e9taire nationale des Ecologistes.\u00a0Et ils ont, ensemble, fait passer le d\u00e9ficit de 2\u00a0000 \u00e0 3\u00a0000 milliards d\u2019euros. Pour aujourd\u2019hui en appeler \u00e0 notre responsabilit\u00e9 ?\u00a0\u00bb<\/p>\n<p>\u00ab\u00a0Monsieur le Premier ministre, vous dites ne pas aimer la ruse\u2026 Pour ma part, je n\u2019aime pas le mensonge, <a href=\"https:\/\/x.com\/MLP_officiel\/status\/1960785954903359810\" target=\"_blank\" rel=\"noopener nofollow\">a r\u00e9agi sur le m\u00eame r\u00e9seau social<\/a> Marine Le Pen. Contrairement \u00e0 ce que vous avez affirm\u00e9 devant des millions de Fran\u00e7ais au 20h de TF1, le Rassemblement national n\u2019\u00e9tait pas &lsquo;en vacances&rsquo;.\u00a0Tout le monde peut v\u00e9rifier que je vous ai bien \u00e9crit une lettre pr\u00e9cise et d\u00e9taill\u00e9e sur vos propositions budg\u00e9taires, lettre rest\u00e9e sans r\u00e9ponse\u00a0\u00bb. La pr\u00e9sidente du groupe RN \u00e0 l&rsquo;Assembl\u00e9e rappelle que \u00ab\u00a0le gouvernement a d\u2019ailleurs \u00e9chang\u00e9 avec le RN pour \u00e9viter la publication du d\u00e9cret sur la politique \u00e9nerg\u00e9tique\u00a0\u00bb.<\/p>\n<p>Jordan Bardella <a href=\"https:\/\/x.com\/J_Bardella\/status\/1960792313933988009\" target=\"_blank\" rel=\"noopener nofollow\">a estim\u00e9 sur X<\/a> que \u00ab\u00a0l\u2019inflexibilit\u00e9 affich\u00e9e ce soir par le Premier ministre sur nos lignes rouges nous conforte dans notre choix de voter contre la confiance au gouvernement le 8 septembre. Le RN r\u00e9pond toujours positivement \u00e0 une invitation \u00e0 dialoguer, m\u00eame vaine et extr\u00eamement tardive. Nous nous rendrons donc \u00e0 Matignon avec Marine Le Pen la semaine prochaine, sans aucune illusion, poursuit le pr\u00e9sident du RN. Le retour aux urnes, par la dissolution ou la d\u00e9mission, demeure l\u2019unique solution pour sortir de l\u2019impasse politique et redonner un cap au pays.\u00a0\u00bb<\/p>\n","protected":false},"excerpt":{"rendered":"Le Premier ministre s&rsquo;est livr\u00e9 \u00e0 un exercice d&rsquo;\u00e9quilibriste mercredi soir \u00e0 propos du budget 2026, pour tenter&hellip;\n","protected":false},"author":2,"featured_media":348636,"comment_status":"","ping_status":"","sticky":false,"template":"","format":"standard","meta":{"footnotes":""},"categories":[1356],"tags":[58,59,1011,27,252,1364],"class_list":{"0":"post-348635","1":"post","2":"type-post","3":"status-publish","4":"format-standard","5":"has-post-thumbnail","7":"category-television","8":"tag-divertissement","9":"tag-entertainment","10":"tag-fr","11":"tag-france","12":"tag-television","13":"tag-tv"},"share_on_mastodon":{"url":"https:\/\/pubeurope.com\/@fr\/115103115859634015","error":""},"_links":{"self":[{"href":"https:\/\/www.europesays.com\/fr\/wp-json\/wp\/v2\/posts\/348635","targetHints":{"allow":["GET"]}}],"collection":[{"href":"https:\/\/www.europesays.com\/fr\/wp-json\/wp\/v2\/posts"}],"about":[{"href":"https:\/\/www.europesays.com\/fr\/wp-json\/wp\/v2\/types\/post"}],"author":[{"embeddable":true,"href":"https:\/\/www.europesays.com\/fr\/wp-json\/wp\/v2\/users\/2"}],"replies":[{"embeddable":true,"href":"https:\/\/www.europesays.com\/fr\/wp-json\/wp\/v2\/comments?post=348635"}],"version-history":[{"count":0,"href":"https:\/\/www.europesays.com\/fr\/wp-json\/wp\/v2\/posts\/348635\/revisions"}],"wp:featuredmedia":[{"embeddable":true,"href":"https:\/\/www.europesays.com\/fr\/wp-json\/wp\/v2\/media\/348636"}],"wp:attachment":[{"href":"https:\/\/www.europesays.com\/fr\/wp-json\/wp\/v2\/media?parent=348635"}],"wp:term":[{"taxonomy":"category","embeddable":true,"href":"https:\/\/www.europesays.com\/fr\/wp-json\/wp\/v2\/categories?post=348635"},{"taxonomy":"post_tag","embeddable":true,"href":"https:\/\/www.europesays.com\/fr\/wp-json\/wp\/v2\/tags?post=348635"}],"curies":[{"name":"wp","href":"https:\/\/api.w.org\/{rel}","templated":true}]}}