{"id":348637,"date":"2025-08-27T22:35:09","date_gmt":"2025-08-27T22:35:09","guid":{"rendered":"https:\/\/www.europesays.com\/fr\/348637\/"},"modified":"2025-08-27T22:35:09","modified_gmt":"2025-08-27T22:35:09","slug":"celine-dion-fait-un-retour-remarque-jean-jacques-goldman-na-pas-souhaite-apparaitre-dans-le-documentaire-mais","status":"publish","type":"post","link":"https:\/\/www.europesays.com\/fr\/348637\/","title":{"rendered":"C\u00e9line Dion fait un retour remarqu\u00e9 : Jean-Jacques Goldman n&rsquo;a pas souhait\u00e9 appara\u00eetre dans le documentaire mais&#8230;"},"content":{"rendered":"<p>La suite apr\u00e8s la publicit\u00e9<\/p>\n<p>Trente ans apr\u00e8s sa sortie, <strong>l\u2019album <\/strong><strong>D\u2019eux<\/strong><strong> demeure un monument de la chanson francophone<\/strong>. Paru en mars 1995, ce disque \u00e9crit et compos\u00e9 par Jean-Jacques Goldman s\u2019est vendu \u00e0 plus de dix millions d\u2019exemplaires \u00e0 travers le monde, un record in\u00e9gal\u00e9 qui en fait l\u2019album francophone le plus vendu de tous les temps. <strong>Pour c\u00e9l\u00e9brer cet anniversaire, M6 diffusera le 3 septembre un documentaire<\/strong> \u00e9v\u00e9nement dans lequel <a href=\"https:\/\/www.purepeople.com\/people\/celine-dion_p53\" rel=\"nofollow noopener\" target=\"_blank\">C\u00e9line Dion<\/a> revient, comme rarement, sur l\u2019histoire de cette \u0153uvre culte.<\/p>\n<p>C\u2019est Val\u00e9rie Michelin, manageuse fran\u00e7aise de la chanteuse depuis des ann\u00e9es, qui a r\u00e9ussi \u00e0 c<strong>onvaincre la star de participer au projet<\/strong> apr\u00e8s de longues discussions. L\u2019entretien, enregistr\u00e9 en mai 2025 \u00e0 Las Vegas, offre plus d\u2019une heure d\u2019\u00e9changes o\u00f9 <a href=\"https:\/\/www.purepeople.com\/article\/pour-toi-serge-celine-dion-affectee-personnellement-prend-la-parole_a540432\/1\" rel=\"nofollow noopener\" target=\"_blank\">celle qui a \u00e9t\u00e9 r\u00e9cemment \u00e9t\u00e9 affect\u00e9e personnellement<\/a> <strong>\u00e9voque sa rencontre avec <\/strong><a href=\"https:\/\/www.purepeople.com\/people\/jean-jacques-goldman_p288\" rel=\"nofollow noopener\" target=\"_blank\"><strong>Jean-Jacques Goldman<\/strong><\/a><strong> et la cr\u00e9ation de chansons devenues intemporelles<\/strong>. Dans cet entretien, elle rend hommage \u00e0 son ami en soulignant \u00ab\u00a0le cadeau sans prix\u00a0\u00bb que repr\u00e9sentent ces \u00ab\u00a0chansons extraordinaires\u00a0\u00bb, peut-on lire dans T\u00e9l\u00e9 Magazine du 25 ao\u00fbt 2025.<\/p>\n<p>Jean-Jacques Goldmen a \u00e9t\u00e9 pr\u00e9sent tout au long du projet<\/p>\n<p>Ce t\u00e9moignage est d\u2019autant plus pr\u00e9cieux que <strong>la parole de C\u00e9line Dion s\u2019est faite rare ces derni\u00e8res ann\u00e9es<\/strong> en raison du syndrome de l&rsquo;homme raide dont elle est atteinte. <strong>Elle s\u2019y livre avec le naturel et l\u2019humour qui ont toujours marqu\u00e9 son rapport au public<\/strong>. Pour les fans, c\u2019est l\u2019occasion unique de retrouver une artiste sinc\u00e8re, profond\u00e9ment attach\u00e9e \u00e0 cet album qui a boulevers\u00e9 sa carri\u00e8re et marqu\u00e9 plusieurs g\u00e9n\u00e9rations.<\/p>\n<p>Si Jean-Jacques Goldman,<a href=\"https:\/\/www.purepeople.com\/article\/jean-jacques-goldman-de-retour-en-studio-pour-une-occasion-speciale-un-moment-de-complicite-avec-son-frere-robert_a536165\/1\" rel=\"nofollow noopener\" target=\"_blank\"> qui a r\u00e9cemment fait un retour en studio avec son fr\u00e8re<\/a>, <strong>a choisi de ne pas appara\u00eetre \u00e0 l\u2019\u00e9cran, il a n\u00e9anmoins accept\u00e9 d\u2019apporter son soutien au documentaire<\/strong>, comme le pr\u00e9cisent nos confr\u00e8res de l&rsquo;hbdomadaire. \u00ab\u00a0Nous avons eu acc\u00e8s, gr\u00e2ce \u00e0 <strong>Jean-Jacques Goldman, qui a \u00e9t\u00e9 pr\u00e9sent tout le long du projet m\u00eame s&rsquo;il n&rsquo;a pas souhait\u00e9 appara\u00eetre<\/strong> dans le film, aux maquettes d&rsquo;origine, o\u00f9 C\u00e9line Dion chante a capella pour la premi\u00e8re fois les titres qu&rsquo;elle d\u00e9couvre, poursuit le r\u00e9alisateur. Nous avons r\u00e9cup\u00e9r\u00e9 des photos des s\u00e9ances d&rsquo;enregistrement, une \u00e9mission consacr\u00e9e \u00e0 l&rsquo;album, diffus\u00e9e en 1995 au Canada, ainsi que des rushs jamais utilis\u00e9s de journalistes qui avaient tourn\u00e9 des images en studio.\u00a0\u00bb Un beau cadeau de la part de celui que C\u00e9line consid\u00e8re comme son \u00ab\u00a0fr\u00e8re\u00a0\u00bb.\u00a0<\/p>\n<p>Avec ses confidences intimes, son lot de souvenirs rares et l\u2019empreinte discr\u00e8te mais essentielle de Goldman, <strong>ce documentaire s\u2019annonce comme un rendez-vous incontournable pour c\u00e9l\u00e9brer l\u2019album francophone<\/strong> le plus mythique de tous les temps.<\/p>\n","protected":false},"excerpt":{"rendered":"La suite apr\u00e8s la publicit\u00e9 Trente ans apr\u00e8s sa sortie, l\u2019album D\u2019eux demeure un monument de la chanson&hellip;\n","protected":false},"author":2,"featured_media":348638,"comment_status":"","ping_status":"","sticky":false,"template":"","format":"standard","meta":{"footnotes":""},"categories":[1355],"tags":[58,59,1011,27,1361,873],"class_list":{"0":"post-348637","1":"post","2":"type-post","3":"status-publish","4":"format-standard","5":"has-post-thumbnail","7":"category-musique","8":"tag-divertissement","9":"tag-entertainment","10":"tag-fr","11":"tag-france","12":"tag-music","13":"tag-musique"},"share_on_mastodon":{"url":"https:\/\/pubeurope.com\/@fr\/115103120053593471","error":""},"_links":{"self":[{"href":"https:\/\/www.europesays.com\/fr\/wp-json\/wp\/v2\/posts\/348637","targetHints":{"allow":["GET"]}}],"collection":[{"href":"https:\/\/www.europesays.com\/fr\/wp-json\/wp\/v2\/posts"}],"about":[{"href":"https:\/\/www.europesays.com\/fr\/wp-json\/wp\/v2\/types\/post"}],"author":[{"embeddable":true,"href":"https:\/\/www.europesays.com\/fr\/wp-json\/wp\/v2\/users\/2"}],"replies":[{"embeddable":true,"href":"https:\/\/www.europesays.com\/fr\/wp-json\/wp\/v2\/comments?post=348637"}],"version-history":[{"count":0,"href":"https:\/\/www.europesays.com\/fr\/wp-json\/wp\/v2\/posts\/348637\/revisions"}],"wp:featuredmedia":[{"embeddable":true,"href":"https:\/\/www.europesays.com\/fr\/wp-json\/wp\/v2\/media\/348638"}],"wp:attachment":[{"href":"https:\/\/www.europesays.com\/fr\/wp-json\/wp\/v2\/media?parent=348637"}],"wp:term":[{"taxonomy":"category","embeddable":true,"href":"https:\/\/www.europesays.com\/fr\/wp-json\/wp\/v2\/categories?post=348637"},{"taxonomy":"post_tag","embeddable":true,"href":"https:\/\/www.europesays.com\/fr\/wp-json\/wp\/v2\/tags?post=348637"}],"curies":[{"name":"wp","href":"https:\/\/api.w.org\/{rel}","templated":true}]}}