{"id":348639,"date":"2025-08-27T22:36:41","date_gmt":"2025-08-27T22:36:41","guid":{"rendered":"https:\/\/www.europesays.com\/fr\/348639\/"},"modified":"2025-08-27T22:36:41","modified_gmt":"2025-08-27T22:36:41","slug":"les-films-chainsaw-man-the-compilation-vont-bientot-arriver-sur-crunchyroll-27-aout-2025","status":"publish","type":"post","link":"https:\/\/www.europesays.com\/fr\/348639\/","title":{"rendered":"Les films Chainsaw Man &#8211; The Compilation vont bient\u00f4t arriver sur Crunchyroll, 27 Ao\u00fbt 2025"},"content":{"rendered":"<p style=\"text-align: justify;\">La plateforme <strong>Crunchyroll <\/strong>a annonc\u00e9 l&rsquo;arriv\u00e9e dans son catalogue, dans le courant du mois de <strong>septembre<\/strong>, de <strong><a href=\"https:\/\/www.manga-news.com\/index.php\/dvd\/Chainsaw-Man-The-Compilation\" target=\"_blank\" rel=\"noopener\">Chainsaw Man &#8211; The Compilation<\/a><\/strong> dans le monde entier sauf en Asie.<\/p>\n<p style=\"text-align: justify;\">Au programme, deux longs m\u00e9trages pr\u00e9vus au Japon le 5 septembre et compilant la <a href=\"https:\/\/www.manga-news.com\/index.php\/dvd\/Chainsaw-Man4\" target=\"_blank\" rel=\"noopener\">premi\u00e8re saison de la s\u00e9rie d&rsquo;animation<\/a> \u00e0 succ\u00e8s, le tout avec en prime un contenu in\u00e9dit: Chainsaw Days, une adaptation de pages bonus qu&rsquo;on pouvait trouver dans le manga d&rsquo;origine. Ces films permettront donc de se replonger dans ce r\u00e9cit \u00e0 succ\u00e8s en attendant le long m\u00e9trage <a href=\"https:\/\/www.manga-news.com\/index.php\/dvd\/Chainsaw-Man-Movie-Reze-Arc\" target=\"_blank\" rel=\"noopener\">Chainsaw Man &#8211; Le Film : L&rsquo;Arc de Reze<\/a> qui sortira dans les salles fran\u00e7aises le 22 octobre et le 29 octobre en Belgique.<\/p>\n<p>Rappelons que cet anime est produit par le studio <a href=\"https:\/\/www.manga-news.com\/index.php\/auteur\/MAPPA\" target=\"_blank\" rel=\"noopener\">MAPPA<\/a> et est adapt\u00e9 du <a href=\"https:\/\/www.manga-news.com\/index.php\/serie\/Chainsaw-Man\" target=\"_blank\" rel=\"noopener\">manga \u00e9ponyme<\/a> de <a href=\"https:\/\/www.manga-news.com\/index.php\/auteur\/FUJIMOTO-Tatsuki\" target=\"_blank\" rel=\"noopener\">Tatsuki Fujimoto<\/a>, qui est publi\u00e9 en France par les \u00e9ditions Crunchyroll.<\/p>\n<p style=\"text-align: justify;\"><img decoding=\"async\" src=\"https:\/\/www.europesays.com\/fr\/wp-content\/uploads\/2025\/08\/chainsaw-man-the-compilation-anime.webp.webp\" alt=\"\" style=\"width: 100%; max-width: 781px; height: auto; max-height: 438px;\"\/><\/p>\n<p>Synopsis :<\/p>\n<p style=\"text-align: justify;\">Denji est un adolescent qui vit avec son chien-d\u00e9mon-tron\u00e7onneuse, Pochita. \u00c0 cause d&rsquo;une \u00e9norme dette que son p\u00e8re a laiss\u00e9e derri\u00e8re lui, le gar\u00e7on se retrouve dans la mis\u00e8re la plus totale, cherchant avec Pochita \u00e0 rembourser l&rsquo;argent en r\u00e9coltant des cadavres de d\u00e9mons pour le compte d&rsquo;une organisation.<\/p>\n<p style=\"text-align: justify;\">Un jour, Denji est trahi et tu\u00e9. Encore conscient, il passe un contrat avec Pochita et rena\u00eet sous le nom de Chainsaw Man, un homme au c\u0153ur de d\u00e9mon&#8230;<\/p>\n","protected":false},"excerpt":{"rendered":"La plateforme Crunchyroll a annonc\u00e9 l&rsquo;arriv\u00e9e dans son catalogue, dans le courant du mois de septembre, de Chainsaw&hellip;\n","protected":false},"author":2,"featured_media":348640,"comment_status":"","ping_status":"","sticky":false,"template":"","format":"standard","meta":{"footnotes":""},"categories":[1354],"tags":[1111,47,2566,58,59,1346,1011,27,1922,48502,6681,6683,2567,6682,1360,1404],"class_list":{"0":"post-348639","1":"post","2":"type-post","3":"status-publish","4":"format-standard","5":"has-post-thumbnail","7":"category-films","8":"tag-actu","9":"tag-actualite","10":"tag-anime","11":"tag-divertissement","12":"tag-entertainment","13":"tag-films","14":"tag-fr","15":"tag-france","16":"tag-info","17":"tag-les-films-chainsaw-man-the-compilation-vont-bientot-arriver-sur-crunchyroll","18":"tag-manga","19":"tag-manga-news","20":"tag-manga-news-com","21":"tag-mangas","22":"tag-movies","23":"tag-quotidien"},"share_on_mastodon":{"url":"https:\/\/pubeurope.com\/@fr\/115103123754326262","error":""},"_links":{"self":[{"href":"https:\/\/www.europesays.com\/fr\/wp-json\/wp\/v2\/posts\/348639","targetHints":{"allow":["GET"]}}],"collection":[{"href":"https:\/\/www.europesays.com\/fr\/wp-json\/wp\/v2\/posts"}],"about":[{"href":"https:\/\/www.europesays.com\/fr\/wp-json\/wp\/v2\/types\/post"}],"author":[{"embeddable":true,"href":"https:\/\/www.europesays.com\/fr\/wp-json\/wp\/v2\/users\/2"}],"replies":[{"embeddable":true,"href":"https:\/\/www.europesays.com\/fr\/wp-json\/wp\/v2\/comments?post=348639"}],"version-history":[{"count":0,"href":"https:\/\/www.europesays.com\/fr\/wp-json\/wp\/v2\/posts\/348639\/revisions"}],"wp:featuredmedia":[{"embeddable":true,"href":"https:\/\/www.europesays.com\/fr\/wp-json\/wp\/v2\/media\/348640"}],"wp:attachment":[{"href":"https:\/\/www.europesays.com\/fr\/wp-json\/wp\/v2\/media?parent=348639"}],"wp:term":[{"taxonomy":"category","embeddable":true,"href":"https:\/\/www.europesays.com\/fr\/wp-json\/wp\/v2\/categories?post=348639"},{"taxonomy":"post_tag","embeddable":true,"href":"https:\/\/www.europesays.com\/fr\/wp-json\/wp\/v2\/tags?post=348639"}],"curies":[{"name":"wp","href":"https:\/\/api.w.org\/{rel}","templated":true}]}}