{"id":348648,"date":"2025-08-27T22:41:11","date_gmt":"2025-08-27T22:41:11","guid":{"rendered":"https:\/\/www.europesays.com\/fr\/348648\/"},"modified":"2025-08-27T22:41:11","modified_gmt":"2025-08-27T22:41:11","slug":"nvidia-leader-de-lia-chute-apres-les-resultats-du-deuxieme-trimestre-27-08-2025-a-2229","status":"publish","type":"post","link":"https:\/\/www.europesays.com\/fr\/348648\/","title":{"rendered":"Nvidia, leader de l&rsquo;IA, chute apr\u00e8s les r\u00e9sultats du deuxi\u00e8me trimestre &#8211; 27\/08\/2025 \u00e0 22:29"},"content":{"rendered":"<p>\n ((Traduction automatis\u00e9e par Reuters \u00e0 l&rsquo;aide de l&rsquo;apprentissage<br \/>\nautomatique et de l&rsquo;IA g\u00e9n\u00e9rative, veuillez vous r\u00e9f\u00e9rer \u00e0<br \/>\nl&rsquo;avertissement suivant: https:\/\/bit.ly\/rtrsauto))\n<\/p>\n<p>\n 27 ao\u00fbt &#8211; ** Les actions de Nvidia<br \/>\n <a href=\"https:\/\/www.boursorama.com\/cours\/NVDA\/\" target=\"_blank\" rel=\"noopener\"><br \/>\n  NVDA.O<br \/>\n <\/a><br \/>\n , la soci\u00e9t\u00e9 la<br \/>\nplus pr\u00e9cieuse au monde, chutent de 3,1 % \u00e0 175,98 $ dans les<br \/>\n\u00e9changes prolong\u00e9s\n<\/p>\n<p>\n ** Le g\u00e9ant de l&rsquo;IA NVDA pr\u00e9voit  un chiffre<br \/>\nd&rsquo;affaires de 54,0 milliards de dollars pour le troisi\u00e8me<br \/>\ntrimestre, plus ou moins 2 %, par rapport \u00e0 l&rsquo;estimation moyenne<br \/>\ndes analystes de 53,14 milliards de dollars, selon les donn\u00e9es<br \/>\ncompil\u00e9es par LSEG\n<\/p>\n<p>\n ** Les pr\u00e9visions de NVDA pour le troisi\u00e8me trimestre ne<br \/>\ntiennent pas compte des livraisons de puces d&rsquo;IA H20 \u00e0 la Chine\n<\/p>\n<p>\n ** Il n&rsquo;y a pas eu non plus de ventes de H20 \u00e0 des clients<br \/>\nbas\u00e9s en Chine au deuxi\u00e8me trimestre\n<\/p>\n<p>\n ** Les options NVDA ont impliqu\u00e9  une variation<br \/>\nd&rsquo;environ 6 % pour les actions dans l&rsquo;une ou l&rsquo;autre direction \u00e0<br \/>\nla suite des r\u00e9sultats\n<\/p>\n<p>\n ** 58 des 65 courtiers \u00e9valuent le titre \u00e0 \u00ab\u00a0acheter\u00a0\u00bb ou<br \/>\nplus, 6 \u00e0 \u00ab\u00a0conserver\u00a0\u00bb et 1 \u00e0 \u00ab\u00a0vendre\u00a0\u00bb; PT m\u00e9dian de 200 $ &#8211;<br \/>\ndonn\u00e9es compil\u00e9es par LSEG\n<\/p>\n<p>\n ** \u00c0 la derni\u00e8re cl\u00f4ture, l&rsquo;action NVDA avait gagn\u00e9 plus<br \/>\nd&rsquo;un tiers depuis le d\u00e9but de l&rsquo;ann\u00e9e<\/p>\n","protected":false},"excerpt":{"rendered":"((Traduction automatis\u00e9e par Reuters \u00e0 l&rsquo;aide de l&rsquo;apprentissage automatique et de l&rsquo;IA g\u00e9n\u00e9rative, veuillez vous r\u00e9f\u00e9rer \u00e0 l&rsquo;avertissement&hellip;\n","protected":false},"author":2,"featured_media":348649,"comment_status":"","ping_status":"","sticky":false,"template":"","format":"standard","meta":{"footnotes":""},"categories":[6],"tags":[400,398,408,35,405,33,34,1011,27,403,402,399,404,401,406,407],"class_list":{"0":"post-348648","1":"post","2":"type-post","3":"status-publish","4":"format-standard","5":"has-post-thumbnail","7":"category-economie","8":"tag-action-cac-40","9":"tag-bourse-de-paris","10":"tag-boursorama","11":"tag-business","12":"tag-cotations","13":"tag-economie","14":"tag-economy","15":"tag-fr","16":"tag-france","17":"tag-indices-devises","18":"tag-investir","19":"tag-investissement","20":"tag-marche-boursier","21":"tag-sicav","22":"tag-trackers","23":"tag-warrants"},"share_on_mastodon":{"url":"https:\/\/pubeurope.com\/@fr\/115103143232320914","error":""},"_links":{"self":[{"href":"https:\/\/www.europesays.com\/fr\/wp-json\/wp\/v2\/posts\/348648","targetHints":{"allow":["GET"]}}],"collection":[{"href":"https:\/\/www.europesays.com\/fr\/wp-json\/wp\/v2\/posts"}],"about":[{"href":"https:\/\/www.europesays.com\/fr\/wp-json\/wp\/v2\/types\/post"}],"author":[{"embeddable":true,"href":"https:\/\/www.europesays.com\/fr\/wp-json\/wp\/v2\/users\/2"}],"replies":[{"embeddable":true,"href":"https:\/\/www.europesays.com\/fr\/wp-json\/wp\/v2\/comments?post=348648"}],"version-history":[{"count":0,"href":"https:\/\/www.europesays.com\/fr\/wp-json\/wp\/v2\/posts\/348648\/revisions"}],"wp:featuredmedia":[{"embeddable":true,"href":"https:\/\/www.europesays.com\/fr\/wp-json\/wp\/v2\/media\/348649"}],"wp:attachment":[{"href":"https:\/\/www.europesays.com\/fr\/wp-json\/wp\/v2\/media?parent=348648"}],"wp:term":[{"taxonomy":"category","embeddable":true,"href":"https:\/\/www.europesays.com\/fr\/wp-json\/wp\/v2\/categories?post=348648"},{"taxonomy":"post_tag","embeddable":true,"href":"https:\/\/www.europesays.com\/fr\/wp-json\/wp\/v2\/tags?post=348648"}],"curies":[{"name":"wp","href":"https:\/\/api.w.org\/{rel}","templated":true}]}}