{"id":348650,"date":"2025-08-27T22:42:10","date_gmt":"2025-08-27T22:42:10","guid":{"rendered":"https:\/\/www.europesays.com\/fr\/348650\/"},"modified":"2025-08-27T22:42:10","modified_gmt":"2025-08-27T22:42:10","slug":"il-ny-aura-pas-detat-palestinien-promet-le-chef-de-la-diplomatie-israelienne-apres-un-entretien-avec-son-homologue-americain-a-washington","status":"publish","type":"post","link":"https:\/\/www.europesays.com\/fr\/348650\/","title":{"rendered":"il n\u2019y aura pas d\u2019Etat palestinien, promet le chef de la diplomatie isra\u00e9lienne apr\u00e8s un entretien avec son homologue am\u00e9ricain \u00e0 Washington"},"content":{"rendered":"<p>   Au Conseil de s\u00e9curit\u00e9 de l\u2019ONU, Save the Children d\u00e9crit la lente agonie d\u2019enfants qui ne pleurent plus             <\/p>\n<p class=\"post__live-container--answer-text post__space-node\">Les enfants affam\u00e9s de la bande de Gaza \u00ab\u00a0ont atteint leur point de rupture, o\u00f9 est le v\u00f4tre\u00a0?\u00a0\u00bb, a lanc\u00e9 mercredi devant les membres du Conseil de s\u00e9curit\u00e9 des Nations unies la directrice g\u00e9n\u00e9rale de l\u2019ONG Save the Children, d\u00e9crivant en d\u00e9tail la lente agonie de ceux qui n\u2019ont m\u00eame plus la force de pleurer.<\/p>\n<p class=\"post__live-container--answer-text post__space-node\">Invit\u00e9e \u00e0 s\u2019exprimer lors d\u2019une r\u00e9union du Conseil sur le conflit isra\u00e9lo-palestinien, Inger Ashing a insist\u00e9 sur le fait que l\u2019\u00e9tat de famine d\u00e9clar\u00e9e la semaine derni\u00e8re par l\u2019ONU dans l\u2019enclave n\u2019est pas qu\u2019un \u00ab\u00a0terme technique\u00a0\u00bb.<\/p>\n<p class=\"post__live-container--answer-text post__space-node\">\u00ab\u00a0Quand il n\u2019y a pas assez \u00e0 manger, les enfants souffrent de malnutrition s\u00e9v\u00e8re, puis ils meurent lentement et douloureusement. C\u2019est, en termes simples, ce qu\u2019est la famine\u00a0\u00bb, a-t-elle poursuivi, avant de d\u00e9crire les \u00e9tapes de ce d\u00e9p\u00e9rissement en quelques semaines, le corps qui \u00ab\u00a0se consume lui-m\u00eame\u00a0\u00bb, \u00ab\u00a0mangeant les muscles et les organes vitaux\u00a0\u00bb, jusqu\u2019au dernier souffle.<\/p>\n<p class=\"post__live-container--answer-text post__space-node\">\u00ab\u00a0Et pourtant nos cliniques sont presque silencieuses. Les enfants n\u2019ont plus la force de parler ou de pleurer en agonisant. Ils restent allong\u00e9s l\u00e0, \u00e9maci\u00e9s, d\u00e9p\u00e9rissant litt\u00e9ralement \u00e0 vue d\u2019\u0153il, leur tout petit corps vaincu par la faim et la maladie\u00a0\u00bb, a-t-elle racont\u00e9. \u00ab\u00a0Nous vous avions dit haut et fort que cela se profilait\u00a0\u00bb, a-t-elle lanc\u00e9. \u00ab\u00a0Tout le monde dans cette salle a une responsabilit\u00e9 l\u00e9gale et morale d\u2019agir pour arr\u00eater cette atrocit\u00e9.\u00a0\u00bb<\/p>\n<p class=\"post__live-container--answer-text post__space-node\">\u00ab\u00a0Mettre un terme \u00e0 cette crise cr\u00e9\u00e9e par l\u2019homme r\u00e9clame que nous agissions comme si c\u2019\u00e9tait notre m\u00e8re, notre p\u00e8re, notre enfant, notre famille qui essayait de survivre \u00e0 Gaza aujourd\u2019hui\u00a0\u00bb, a, quant \u00e0 elle, d\u00e9clar\u00e9 la coordinatrice adjointe des secours d\u2019urgence de l\u2019ONU, Joyce Msuya, se f\u00e9licitant de la \u00ab\u00a0l\u00e9g\u00e8re augmentation\u00a0\u00bb de l\u2019aide humanitaire, ces derni\u00e8res semaines, ainsi que de la reprise de livraisons commerciales de nourriture. \u00ab\u00a0Ce sont des d\u00e9veloppements importants, mais ils ne vont ni inverser la famine ni arr\u00eater sa course\u00a0\u00bb, a-t-elle ajout\u00e9.<\/p>\n","protected":false},"excerpt":{"rendered":"Au Conseil de s\u00e9curit\u00e9 de l\u2019ONU, Save the Children d\u00e9crit la lente agonie d\u2019enfants qui ne pleurent plus&hellip;\n","protected":false},"author":2,"featured_media":348651,"comment_status":"","ping_status":"","sticky":false,"template":"","format":"standard","meta":{"footnotes":""},"categories":[5],"tags":[11,1011,27,14,12,28],"class_list":{"0":"post-348650","1":"post","2":"type-post","3":"status-publish","4":"format-standard","5":"has-post-thumbnail","7":"category-international","8":"tag-actualites","9":"tag-fr","10":"tag-france","11":"tag-international","12":"tag-news","13":"tag-world"},"share_on_mastodon":{"url":"https:\/\/pubeurope.com\/@fr\/115103147208514142","error":""},"_links":{"self":[{"href":"https:\/\/www.europesays.com\/fr\/wp-json\/wp\/v2\/posts\/348650","targetHints":{"allow":["GET"]}}],"collection":[{"href":"https:\/\/www.europesays.com\/fr\/wp-json\/wp\/v2\/posts"}],"about":[{"href":"https:\/\/www.europesays.com\/fr\/wp-json\/wp\/v2\/types\/post"}],"author":[{"embeddable":true,"href":"https:\/\/www.europesays.com\/fr\/wp-json\/wp\/v2\/users\/2"}],"replies":[{"embeddable":true,"href":"https:\/\/www.europesays.com\/fr\/wp-json\/wp\/v2\/comments?post=348650"}],"version-history":[{"count":0,"href":"https:\/\/www.europesays.com\/fr\/wp-json\/wp\/v2\/posts\/348650\/revisions"}],"wp:featuredmedia":[{"embeddable":true,"href":"https:\/\/www.europesays.com\/fr\/wp-json\/wp\/v2\/media\/348651"}],"wp:attachment":[{"href":"https:\/\/www.europesays.com\/fr\/wp-json\/wp\/v2\/media?parent=348650"}],"wp:term":[{"taxonomy":"category","embeddable":true,"href":"https:\/\/www.europesays.com\/fr\/wp-json\/wp\/v2\/categories?post=348650"},{"taxonomy":"post_tag","embeddable":true,"href":"https:\/\/www.europesays.com\/fr\/wp-json\/wp\/v2\/tags?post=348650"}],"curies":[{"name":"wp","href":"https:\/\/api.w.org\/{rel}","templated":true}]}}