{"id":348664,"date":"2025-08-27T22:50:27","date_gmt":"2025-08-27T22:50:27","guid":{"rendered":"https:\/\/www.europesays.com\/fr\/348664\/"},"modified":"2025-08-27T22:50:27","modified_gmt":"2025-08-27T22:50:27","slug":"3e-cmonthebeach-2025-a-toulon-les-14-et-15-mai-2025","status":"publish","type":"post","link":"https:\/\/www.europesays.com\/fr\/348664\/","title":{"rendered":"3e #CMonTheBeach 2025 \u00e0 Toulon les 14 et 15 mai 2025 \u00a0"},"content":{"rendered":"<p>3e \u00e9dition de #CMonTheBeach, l\u2019\u00e9v\u00e9nement d\u00e9di\u00e9 au marketing de contenu dans le tourisme, qui se tiendra les 14 et 15\u00a0mai 2025 \u00e0 Toulon.<\/p>\n<p>Cet \u00e9v\u00e9nement s\u2019adresse aux entreprises du tourisme (h\u00f4tels, campings, prestataires d\u2019activit\u00e9s et sites touristiques) et aux destinations (OT, CDT, CRT) pour 2 jours d\u2019\u00e9changes et de networking, rythm\u00e9es par 42 ateliers &amp; conf\u00e9rences.<\/p>\n<p>Le programme de cette \u00e9dition propose un parcours particuli\u00e8rement adapt\u00e9 aux professionnels de l\u2019h\u00f4tellerie, avec 10 ateliers sp\u00e9cifiquement con\u00e7us pour r\u00e9pondre aux enjeux du secteur face \u00e0 la r\u00e9volution de l\u2019IA et aux nouvelles exigences du marketing digital, dont voici une s\u00e9lection\u00a0:<\/p>\n<ul class=\"spip\">\n<li> E10 &#8211; L\u2019IA au service de vos avis clients\u00a0: r\u00e9pondre, analyser, performer.<\/li>\n<li> E15 &#8211; Top des outils IA pour r\u00e9volutionner les process de son h\u00e9bergement.<\/li>\n<li> E20 &#8211; Parcours d\u2019achat\u00a0: de la recherche \u00e0 la r\u00e9servation, l\u2019IA pourrait bien tout bouleverser\u2026<\/li>\n<li> E32 &#8211; Employee Advocacy\u00a0: mobilisez vos \u00e9quipes pour performer sur LinkedIn\u00a0!<\/li>\n<li> M35 &#8211; Comment s\u00e9duire et manager les nouvelles g\u00e9n\u00e9rations\u00a0?<\/li>\n<li> E42 &#8211; Je gagne 2h par jour avec l\u2019IA\u00a0: retours d\u2019exp\u00e9riences.<\/li>\n<\/ul>\n<p>Renseignements\u00a0: <a href=\"https:\/\/www.cmonthebeach.com\/\" class=\"spip_url spip_out auto\" rel=\"nofollow external noopener\" target=\"_blank\">https:\/\/www.cmonthebeach.com\/<\/a><\/p>\n","protected":false},"excerpt":{"rendered":"3e \u00e9dition de #CMonTheBeach, l\u2019\u00e9v\u00e9nement d\u00e9di\u00e9 au marketing de contenu dans le tourisme, qui se tiendra les 14&hellip;\n","protected":false},"author":2,"featured_media":348665,"comment_status":"","ping_status":"","sticky":false,"template":"","format":"standard","meta":{"footnotes":""},"categories":[9619],"tags":[1111,11,1777,674,1011,27,12,882,25,2310],"class_list":{"0":"post-348664","1":"post","2":"type-post","3":"status-publish","4":"format-standard","5":"has-post-thumbnail","7":"category-toulon","8":"tag-actu","9":"tag-actualites","10":"tag-eu","11":"tag-europe","12":"tag-fr","13":"tag-france","14":"tag-news","15":"tag-provence-alpes-cote-dazur","16":"tag-republique-francaise","17":"tag-toulon"},"share_on_mastodon":{"url":"https:\/\/pubeurope.com\/@fr\/115103178716661766","error":""},"_links":{"self":[{"href":"https:\/\/www.europesays.com\/fr\/wp-json\/wp\/v2\/posts\/348664","targetHints":{"allow":["GET"]}}],"collection":[{"href":"https:\/\/www.europesays.com\/fr\/wp-json\/wp\/v2\/posts"}],"about":[{"href":"https:\/\/www.europesays.com\/fr\/wp-json\/wp\/v2\/types\/post"}],"author":[{"embeddable":true,"href":"https:\/\/www.europesays.com\/fr\/wp-json\/wp\/v2\/users\/2"}],"replies":[{"embeddable":true,"href":"https:\/\/www.europesays.com\/fr\/wp-json\/wp\/v2\/comments?post=348664"}],"version-history":[{"count":0,"href":"https:\/\/www.europesays.com\/fr\/wp-json\/wp\/v2\/posts\/348664\/revisions"}],"wp:featuredmedia":[{"embeddable":true,"href":"https:\/\/www.europesays.com\/fr\/wp-json\/wp\/v2\/media\/348665"}],"wp:attachment":[{"href":"https:\/\/www.europesays.com\/fr\/wp-json\/wp\/v2\/media?parent=348664"}],"wp:term":[{"taxonomy":"category","embeddable":true,"href":"https:\/\/www.europesays.com\/fr\/wp-json\/wp\/v2\/categories?post=348664"},{"taxonomy":"post_tag","embeddable":true,"href":"https:\/\/www.europesays.com\/fr\/wp-json\/wp\/v2\/tags?post=348664"}],"curies":[{"name":"wp","href":"https:\/\/api.w.org\/{rel}","templated":true}]}}