{"id":348675,"date":"2025-08-27T23:01:09","date_gmt":"2025-08-27T23:01:09","guid":{"rendered":"https:\/\/www.europesays.com\/fr\/348675\/"},"modified":"2025-08-27T23:01:09","modified_gmt":"2025-08-27T23:01:09","slug":"les-discussions-avancent-entre-rennes-et-angers-pour-lepaul","status":"publish","type":"post","link":"https:\/\/www.europesays.com\/fr\/348675\/","title":{"rendered":"les discussions avancent entre Rennes et Angers pour Lepaul"},"content":{"rendered":"<p>L&rsquo;attaquant du SCO d&rsquo;Angers, Esteban Lepaul, est convoit\u00e9 par le Stade Rennais en ces derniers jours du mercato d&rsquo;\u00e9t\u00e9. Les discussions entre les deux clubs seraient constructives et un accord pourrait intervenir rapidement.<\/p>\n<p><a href=\"https:\/\/rmcsport.bfmtv.com\/football\/transferts\/mercato-rennes-serait-proche-d-un-accord-avec-le-sporting-pour-l-attaquant-conrad-harder_AV-202508220139.html\" title=\"Mercato: Rennes serait proche d&#039;un accord avec le Sporting pour l&#039;attaquant Conrad Harder\" class=\"internal_link\" rel=\"nofollow noopener\" target=\"_blank\">Esteban Lepaul<\/a> pourrait bient\u00f4t devenir le successeur d\u00e9sign\u00e9 d&rsquo;Arnaud Kalimuendo \u00e0 la pointe de l&rsquo;attaque rennaise. En effet, comme r\u00e9v\u00e9l\u00e9 par <a href=\"https:\/\/rmcsport.bfmtv.com\/football\/transferts\/video-bade-maupay-lepaul-les-5-infos-mercato-du-mardi-19-aout-a-12h_VN-202508190280.html\" title=\"Bad\u00e9, Maupay, Lepaul... Les 5 infos mercato du mardi 19 ao\u00fbt \u00e0 12h\" class=\"internal_link\" rel=\"nofollow noopener\" target=\"_blank\">RMC Sport<\/a> ces derniers jours, le profil de l&rsquo;avant-centre de 25 ans pla\u00eet beaucoup aux dirigeants bretons. Et les discussions entre le Stade Rennais et le SCO d&rsquo;Angers avancent bien. Un accord est m\u00eame susceptible d&rsquo;\u00eatre trouv\u00e9 prochainement entre les deux clubs.<\/p>\n<p><a href=\"https:\/\/rmcsport.bfmtv.com\/football\/transferts\/direct-mercato-toutes-les-infos-et-rumeurs-de-transfert-du-25-aout-en-live_LN-202508250221.html\" title=\"DIRECT. Mercato: l&#039;OM a trouv\u00e9 un accord avec Bournemouth pour Hamed Junior Traor\u00e9\" class=\"internal_link\" rel=\"nofollow noopener\" target=\"_blank\">&gt;&gt; Les infos mercato EN DIRECT<\/a><\/p>\n<p>Lepaul d\u00e9j\u00e0 d&rsquo;accord avec Rennes pour un contrat de 4 ans<\/p>\n<p>De son c\u00f4t\u00e9, le joueur s&rsquo;est d\u00e9j\u00e0 mis d&rsquo;accord avec Rennes pour un contrat de quatre ans, comme r\u00e9v\u00e9l\u00e9 par RMC Sport. Une premi\u00e8re offre de 10 millions d&rsquo;euros avait \u00e9t\u00e9 formul\u00e9e il y a quelques jours par le Stade Rennais, qui avait \u00e9t\u00e9 retoqu\u00e9e par le SCO.<\/p>\n<p>D\u00e9j\u00e0 buteur cette saison lors de la premi\u00e8re journ\u00e9e pour la victoire des Angevins face au promu du Paris FC (1-0), Esteban Lepaul sort d&rsquo;une saison accomplie avec pas moins de 13 buts en compteur en 31 apparitions toutes comp\u00e9titions confondues (9 buts en 28 matchs de Ligue 1, 4 buts en trois matchs de Coupe de France).<\/p>\n","protected":false},"excerpt":{"rendered":"L&rsquo;attaquant du SCO d&rsquo;Angers, Esteban Lepaul, est convoit\u00e9 par le Stade Rennais en ces derniers jours du mercato&hellip;\n","protected":false},"author":2,"featured_media":348676,"comment_status":"","ping_status":"","sticky":false,"template":"","format":"standard","meta":{"footnotes":""},"categories":[2821],"tags":[1111,11,829,1777,674,1011,27,12,584,25],"class_list":{"0":"post-348675","1":"post","2":"type-post","3":"status-publish","4":"format-standard","5":"has-post-thumbnail","7":"category-rennes","8":"tag-actu","9":"tag-actualites","10":"tag-bretagne","11":"tag-eu","12":"tag-europe","13":"tag-fr","14":"tag-france","15":"tag-news","16":"tag-rennes","17":"tag-republique-francaise"},"share_on_mastodon":{"url":"https:\/\/pubeurope.com\/@fr\/115103221922103422","error":""},"_links":{"self":[{"href":"https:\/\/www.europesays.com\/fr\/wp-json\/wp\/v2\/posts\/348675","targetHints":{"allow":["GET"]}}],"collection":[{"href":"https:\/\/www.europesays.com\/fr\/wp-json\/wp\/v2\/posts"}],"about":[{"href":"https:\/\/www.europesays.com\/fr\/wp-json\/wp\/v2\/types\/post"}],"author":[{"embeddable":true,"href":"https:\/\/www.europesays.com\/fr\/wp-json\/wp\/v2\/users\/2"}],"replies":[{"embeddable":true,"href":"https:\/\/www.europesays.com\/fr\/wp-json\/wp\/v2\/comments?post=348675"}],"version-history":[{"count":0,"href":"https:\/\/www.europesays.com\/fr\/wp-json\/wp\/v2\/posts\/348675\/revisions"}],"wp:featuredmedia":[{"embeddable":true,"href":"https:\/\/www.europesays.com\/fr\/wp-json\/wp\/v2\/media\/348676"}],"wp:attachment":[{"href":"https:\/\/www.europesays.com\/fr\/wp-json\/wp\/v2\/media?parent=348675"}],"wp:term":[{"taxonomy":"category","embeddable":true,"href":"https:\/\/www.europesays.com\/fr\/wp-json\/wp\/v2\/categories?post=348675"},{"taxonomy":"post_tag","embeddable":true,"href":"https:\/\/www.europesays.com\/fr\/wp-json\/wp\/v2\/tags?post=348675"}],"curies":[{"name":"wp","href":"https:\/\/api.w.org\/{rel}","templated":true}]}}