{"id":348687,"date":"2025-08-27T23:07:41","date_gmt":"2025-08-27T23:07:41","guid":{"rendered":"https:\/\/www.europesays.com\/fr\/348687\/"},"modified":"2025-08-27T23:07:41","modified_gmt":"2025-08-27T23:07:41","slug":"55-entreprises-visees-six-suspects-interpelles-dans-des-camps-de-gens-du-voyage-police-realites","status":"publish","type":"post","link":"https:\/\/www.europesays.com\/fr\/348687\/","title":{"rendered":"55 entreprises vis\u00e9es, six suspects interpell\u00e9s dans des camps de gens du voyage \u2013 Police &#038; R\u00e9alit\u00e9s"},"content":{"rendered":"<p>Une \u00e9quipe de six cambrioleurs, dont trois mineurs, a \u00e9t\u00e9 arr\u00eat\u00e9e \u00e0 Nantes pour 55 vols dans des entreprises. Le pr\u00e9judice d\u00e9passerait les 100 000 euros.<\/p>\n<p><a href=\"https:\/\/i0.wp.com\/policeetrealites.com\/wp-content\/uploads\/2021\/09\/cambrioleur-cambriolage.jpg?ssl=1\" rel=\"nofollow noopener\" target=\"_blank\"><img loading=\"lazy\" data-recalc-dims=\"1\" decoding=\"async\" width=\"640\" height=\"427\" data-attachment-id=\"180369\" data-permalink=\"https:\/\/policeetrealites.com\/cambrioleur-cambriolage\/\" data-orig-file=\"https:\/\/i0.wp.com\/policeetrealites.com\/wp-content\/uploads\/2021\/09\/cambrioleur-cambriolage.jpg?fit=870%2C580&amp;ssl=1\" data-orig-size=\"870,580\" data-comments-opened=\"0\" data-image-meta=\"{&quot;aperture&quot;:&quot;0&quot;,&quot;credit&quot;:&quot;&quot;,&quot;camera&quot;:&quot;&quot;,&quot;caption&quot;:&quot;&quot;,&quot;created_timestamp&quot;:&quot;0&quot;,&quot;copyright&quot;:&quot;&quot;,&quot;focal_length&quot;:&quot;0&quot;,&quot;iso&quot;:&quot;0&quot;,&quot;shutter_speed&quot;:&quot;0&quot;,&quot;title&quot;:&quot;&quot;,&quot;orientation&quot;:&quot;0&quot;}\" data-image-title=\"cambrioleur-cambriolage\" data-image-description=\"\" data-image-caption=\"\" data-medium-file=\"https:\/\/i0.wp.com\/policeetrealites.com\/wp-content\/uploads\/2021\/09\/cambrioleur-cambriolage.jpg?fit=300%2C200&amp;ssl=1\" data-large-file=\"https:\/\/i0.wp.com\/policeetrealites.com\/wp-content\/uploads\/2021\/09\/cambrioleur-cambriolage.jpg?fit=640%2C427&amp;ssl=1\" src=\"https:\/\/www.europesays.com\/fr\/wp-content\/uploads\/2025\/08\/cambrioleur-cambriolage.jpg\" alt=\"\" class=\"wp-image-180369\"\/><\/a><\/p>\n<p>Une op\u00e9ration polici\u00e8re d\u2019envergure men\u00e9e ce lundi 25 ao\u00fbt a permis l\u2019interpellation de six individus soup\u00e7onn\u00e9s d\u2019avoir commis une s\u00e9rie de 55 cambriolages dans des entreprises de la m\u00e9tropole nantaise. Selon les informations de <a href=\"https:\/\/www.ouest-france.fr\/faits-divers\/cambriolage\/une-equipe-de-cambrioleurs-interpellee-apres-des-vols-dans-des-entreprises-autour-de-nantes-bf24b350-8339-11f0-b7f6-35541b8d2287?utm_content=photo&amp;utm_term=presseocean&amp;utm_campaign=twitter&amp;utm_source=nonli&amp;utm_medium=Social\" target=\"_blank\" rel=\"noreferrer noopener nofollow\">Ouest-France<\/a>, ces vols, survenus entre f\u00e9vrier et ao\u00fbt 2025, ont sem\u00e9 la crainte parmi les commer\u00e7ants et les dirigeants locaux, qui d\u00e9plorent des pr\u00e9judices importants en mat\u00e9riel informatique et outils. L\u2019enqu\u00eate, men\u00e9e par la brigade des atteintes aux biens du commissariat de Nantes, met en lumi\u00e8re un r\u00e9seau organis\u00e9 op\u00e9rant dans l\u2019ombre de la ville.<\/p>\n<p>L\u2019intervention a eu lieu t\u00f4t le matin, vers 7 heures, dans deux camps de gens du voyage situ\u00e9s en bordure de Nantes : l\u2019un au quai \u00c9mile-Cormerais et l\u2019autre \u00e0 proximit\u00e9 de la d\u00e9charge de Tougas. Les forces de l\u2019ordre ont proc\u00e9d\u00e9 \u00e0 des perquisitions simultan\u00e9es, aboutissant \u00e0 la d\u00e9couverte d\u2019un important butin. Parmi les objets saisis figurent 70 ordinateurs, des outils professionnels et des t\u00e9l\u00e9phones portables, d\u2019une valeur estim\u00e9e \u00e0 plusieurs dizaines de milliers d\u2019euros. Ces \u00e9l\u00e9ments vol\u00e9s correspondent aux signalements faits par les victimes, principalement des entreprises du secteur tertiaire install\u00e9es dans l\u2019agglom\u00e9ration nantaise.<\/p>\n<p>Les suspects interpell\u00e9s se composent de trois mineurs \u00e2g\u00e9s de 14, 15 et 17 ans, ainsi que de trois adultes de 18, 26 et 27 ans. Les cinq plus jeunes sont accus\u00e9s d\u2019avoir particip\u00e9 directement aux effractions, tandis que l\u2019homme de 27 ans est soup\u00e7onn\u00e9 d\u2019avoir servi de receleur, revendant une partie du mat\u00e9riel vol\u00e9. Selon les premiers \u00e9l\u00e9ments de l\u2019enqu\u00eate, la bande op\u00e9rait de nuit, ciblant des locaux d\u2019entreprises peu surveill\u00e9s, en arrachant les barreaux ou en for\u00e7ant les serrures pour d\u00e9rober du mat\u00e9riel high-tech et des outils. \u00ab\u00a0C\u2019est une \u00e9quipe bien rod\u00e9e qui a frapp\u00e9 m\u00e9thodiquement, profitant de la vuln\u00e9rabilit\u00e9 des sites professionnels pendant les heures creuses\u00a0\u00bb, explique un policier de la brigade.<\/p>\n<p>Antoine Leroy, procureur de la R\u00e9publique de Nantes, a confirm\u00e9 les d\u00e9tails de l\u2019op\u00e9ration lors d\u2019une d\u00e9claration officielle. \u00ab\u00a0Les investigations ont permis de relier ces suspects \u00e0 une cinquantaine de faits pr\u00e9cis. Les saisies effectu\u00e9es, incluant 70 ordinateurs, outils et t\u00e9l\u00e9phones, confirment l\u2019ampleur du r\u00e9seau\u00a0\u00bb, a-t-il d\u00e9clar\u00e9. Le magistrat a insist\u00e9 sur la rapidit\u00e9 de l\u2019enqu\u00eate, qui a mobilis\u00e9 des ressources importantes pour \u00e9viter une escalade des vols dans la r\u00e9gion. Les suspects ont \u00e9t\u00e9 plac\u00e9s en garde \u00e0 vue et devraient \u00eatre pr\u00e9sent\u00e9s devant un juge dans les prochains jours. Les mineurs, en raison de leur \u00e2ge, rel\u00e8veront de la justice des mineurs, tandis que les majeurs risquent des poursuites pour association de malfaiteurs et recel.<\/p>\n<p>Cette affaire s\u2019inscrit dans un contexte plus large de recrudescence des cambriolages dans l\u2019agglom\u00e9ration nantaise cet \u00e9t\u00e9. Selon les statistiques de la police, les vols par effraction ont augment\u00e9 de mani\u00e8re notable depuis juin 2025, touchant particuli\u00e8rement les entreprises et les commerces. Des op\u00e9rations similaires ont eu lieu plus t\u00f4t dans l\u2019ann\u00e9e, comme en mars, o\u00f9 trois complices ont \u00e9t\u00e9 arr\u00eat\u00e9s pour 36 vols dans le centre-ville et sur l\u2019\u00eele de Nantes, avec la saisie de mat\u00e9riel informatique. Bien que ces cas soient distincts, ils illustrent une tendance pr\u00e9occupante : les bandes organis\u00e9es, souvent compos\u00e9es de jeunes et de r\u00e9cidivistes, profitent des failles s\u00e9curitaires pour piller les biens des soci\u00e9t\u00e9s.<\/p>\n<p>Les repr\u00e9sentants des entreprises touch\u00e9es, contact\u00e9s par Ouest-France, expriment un soulagement m\u00eal\u00e9 d\u2019inqui\u00e9tude. \u00ab\u00a0Enfin une bonne nouvelle, mais il faut que la pr\u00e9vention soit renforc\u00e9e. Nos stocks d\u2019ordinateurs et d\u2019outils sont essentiels \u00e0 notre activit\u00e9 quotidienne\u00a0\u00bb, t\u00e9moigne un dirigeant d\u2019une soci\u00e9t\u00e9 de services informatiques \u00e0 Saint-Herblain, l\u2019une des zones les plus affect\u00e9es. La Chambre de Commerce et d\u2019Industrie de Nantes envisage d\u00e9j\u00e0 des mesures collectives, comme l\u2019installation de syst\u00e8mes d\u2019alarme renforc\u00e9s et des patrouilles nocturnes, pour contrer cette menace persistante.Cette arrestation marque un coup d\u2019arr\u00eat \u00e0 une s\u00e9rie de d\u00e9lits qui a co\u00fbt\u00e9 cher \u00e0 l\u2019\u00e9conomie locale. Alors que la rentr\u00e9e bat son plein, les autorit\u00e9s appellent \u00e0 la vigilance accrue des professionnels. L\u2019enqu\u00eate se poursuit pour identifier d\u2019\u00e9ventuels complices et \u00e9valuer le pr\u00e9judice total, qui pourrait d\u00e9passer les 100 000 euros. Reste \u00e0 esp\u00e9rer que cette op\u00e9ration dissuadera d\u2019autres bandes de s\u2019aventurer dans la r\u00e9gion.<\/p>\n<p>J\u2019aime \u00e7a\u00a0:<\/p>\n<p>J\u2019aime chargement\u2026<\/p>\n<p><a class=\"sd-link-color\"\/><\/p>\n<p>\tEn savoir plus sur Police &amp; R\u00e9alit\u00e9s<\/p>\n<p class=\"has-text-align-center\" style=\"margin-top:10px;margin-bottom:10px;font-size:15px\">Subscribe to get the latest posts sent to your email.<\/p>\n<p>\t\tContinue Reading<\/p>\n","protected":false},"excerpt":{"rendered":"Une \u00e9quipe de six cambrioleurs, dont trois mineurs, a \u00e9t\u00e9 arr\u00eat\u00e9e \u00e0 Nantes pour 55 vols dans des&hellip;\n","protected":false},"author":2,"featured_media":879,"comment_status":"","ping_status":"","sticky":false,"template":"","format":"standard","meta":{"footnotes":""},"categories":[2818],"tags":[1111,11,1777,674,1011,27,766,12,2636,25],"class_list":{"0":"post-348687","1":"post","2":"type-post","3":"status-publish","4":"format-standard","5":"has-post-thumbnail","7":"category-nantes","8":"tag-actu","9":"tag-actualites","10":"tag-eu","11":"tag-europe","12":"tag-fr","13":"tag-france","14":"tag-nantes","15":"tag-news","16":"tag-pays-de-la-loire","17":"tag-republique-francaise"},"share_on_mastodon":{"url":"https:\/\/pubeurope.com\/@fr\/115103245529204922","error":""},"_links":{"self":[{"href":"https:\/\/www.europesays.com\/fr\/wp-json\/wp\/v2\/posts\/348687","targetHints":{"allow":["GET"]}}],"collection":[{"href":"https:\/\/www.europesays.com\/fr\/wp-json\/wp\/v2\/posts"}],"about":[{"href":"https:\/\/www.europesays.com\/fr\/wp-json\/wp\/v2\/types\/post"}],"author":[{"embeddable":true,"href":"https:\/\/www.europesays.com\/fr\/wp-json\/wp\/v2\/users\/2"}],"replies":[{"embeddable":true,"href":"https:\/\/www.europesays.com\/fr\/wp-json\/wp\/v2\/comments?post=348687"}],"version-history":[{"count":0,"href":"https:\/\/www.europesays.com\/fr\/wp-json\/wp\/v2\/posts\/348687\/revisions"}],"wp:featuredmedia":[{"embeddable":true,"href":"https:\/\/www.europesays.com\/fr\/wp-json\/wp\/v2\/media\/879"}],"wp:attachment":[{"href":"https:\/\/www.europesays.com\/fr\/wp-json\/wp\/v2\/media?parent=348687"}],"wp:term":[{"taxonomy":"category","embeddable":true,"href":"https:\/\/www.europesays.com\/fr\/wp-json\/wp\/v2\/categories?post=348687"},{"taxonomy":"post_tag","embeddable":true,"href":"https:\/\/www.europesays.com\/fr\/wp-json\/wp\/v2\/tags?post=348687"}],"curies":[{"name":"wp","href":"https:\/\/api.w.org\/{rel}","templated":true}]}}