{"id":348695,"date":"2025-08-27T23:12:11","date_gmt":"2025-08-27T23:12:11","guid":{"rendered":"https:\/\/www.europesays.com\/fr\/348695\/"},"modified":"2025-08-27T23:12:11","modified_gmt":"2025-08-27T23:12:11","slug":"previsions-du-jeudi-28-aout-2025-3","status":"publish","type":"post","link":"https:\/\/www.europesays.com\/fr\/348695\/","title":{"rendered":"pr\u00e9visions du jeudi 28 ao\u00fbt 2025"},"content":{"rendered":"<p>On observera la pr\u00e9sence persistante de nuages aujourd&rsquo;hui \u00e0 Lille. Les valeurs afficheront entre 15\u00b0C et 25\u00b0C. Un petit vent de sud-ouest soufflera. Le matin, le soleil sera dissimul\u00e9 derri\u00e8re des nuages. On pense qu&rsquo;il y aura des orages de faible intensit\u00e9. Le ciel va quelque peu se d\u00e9gager dans l&rsquo;apr\u00e8s-midi avec des \u00e9claircies. Les temp\u00e9ratures vont enregistrer une augmentation de plusieurs degr\u00e9s. Les valeurs s&rsquo;\u00e9chelonneront entre 22 et 25\u00b0C. On sera sous un ciel tr\u00e8s perturb\u00e9 dans la soir\u00e9e avec des orages de faible intensit\u00e9 en pr\u00e9vision. Il fera environ 18\u00b0C. Un ciel d\u00e9pourvu de nuages est \u00e0 pr\u00e9voir dans la nuit reliant jeudi et vendredi.<\/p>\n<p>Malheureusement pour Lille, il y aura encore des nuages demain. Une chute du mercure est \u00e0 craindre. Les valeurs seront comprises entre 13 et 20\u00b0C. Un vent de sud-ouest rafra\u00eechira un peu l&rsquo;atmosph\u00e8re. Il faudra s&rsquo;attendre \u00e0 des perturbations le matin, les Lillois se retrouveront sous des pluies \u00e9parses. Il va faire 15\u00b0C en moyenne. Intemp\u00e9ries : on pr\u00e9voit de la bruine l\u00e9g\u00e8re pour demain apr\u00e8s-midi. Les maximales pourront atteindre 20\u00b0C alors que les minimales seront de 17\u00b0C.<\/p>\n<p>Une am\u00e9lioration est attendue les prochains jours. Pr\u00e9voyez 24\u00b0C en moyenne qui accompagneront des journ\u00e9es ensoleill\u00e9es.<\/p>\n<p><\/p>\n","protected":false},"excerpt":{"rendered":"On observera la pr\u00e9sence persistante de nuages aujourd&rsquo;hui \u00e0 Lille. Les valeurs afficheront entre 15\u00b0C et 25\u00b0C. Un&hellip;\n","protected":false},"author":2,"featured_media":348696,"comment_status":"","ping_status":"","sticky":false,"template":"","format":"standard","meta":{"footnotes":""},"categories":[2815],"tags":[1111,11,1777,674,1011,27,811,1307,12,1308,1309,2119,25],"class_list":{"0":"post-348695","1":"post","2":"type-post","3":"status-publish","4":"format-standard","5":"has-post-thumbnail","7":"category-lille","8":"tag-actu","9":"tag-actualites","10":"tag-eu","11":"tag-europe","12":"tag-fr","13":"tag-france","14":"tag-hauts-de-france","15":"tag-lille","16":"tag-news","17":"tag-nord","18":"tag-nord-pas-de-calais","19":"tag-previsions-meteo","20":"tag-republique-francaise"},"share_on_mastodon":{"url":"https:\/\/pubeurope.com\/@fr\/115103265178796347","error":""},"_links":{"self":[{"href":"https:\/\/www.europesays.com\/fr\/wp-json\/wp\/v2\/posts\/348695","targetHints":{"allow":["GET"]}}],"collection":[{"href":"https:\/\/www.europesays.com\/fr\/wp-json\/wp\/v2\/posts"}],"about":[{"href":"https:\/\/www.europesays.com\/fr\/wp-json\/wp\/v2\/types\/post"}],"author":[{"embeddable":true,"href":"https:\/\/www.europesays.com\/fr\/wp-json\/wp\/v2\/users\/2"}],"replies":[{"embeddable":true,"href":"https:\/\/www.europesays.com\/fr\/wp-json\/wp\/v2\/comments?post=348695"}],"version-history":[{"count":0,"href":"https:\/\/www.europesays.com\/fr\/wp-json\/wp\/v2\/posts\/348695\/revisions"}],"wp:featuredmedia":[{"embeddable":true,"href":"https:\/\/www.europesays.com\/fr\/wp-json\/wp\/v2\/media\/348696"}],"wp:attachment":[{"href":"https:\/\/www.europesays.com\/fr\/wp-json\/wp\/v2\/media?parent=348695"}],"wp:term":[{"taxonomy":"category","embeddable":true,"href":"https:\/\/www.europesays.com\/fr\/wp-json\/wp\/v2\/categories?post=348695"},{"taxonomy":"post_tag","embeddable":true,"href":"https:\/\/www.europesays.com\/fr\/wp-json\/wp\/v2\/tags?post=348695"}],"curies":[{"name":"wp","href":"https:\/\/api.w.org\/{rel}","templated":true}]}}