{"id":348700,"date":"2025-08-27T23:15:12","date_gmt":"2025-08-27T23:15:12","guid":{"rendered":"https:\/\/www.europesays.com\/fr\/348700\/"},"modified":"2025-08-27T23:15:12","modified_gmt":"2025-08-27T23:15:12","slug":"previsions-du-jeudi-28-aout-2025-4","status":"publish","type":"post","link":"https:\/\/www.europesays.com\/fr\/348700\/","title":{"rendered":"pr\u00e9visions du jeudi 28 ao\u00fbt 2025"},"content":{"rendered":"<p>\u00c0 Marseille, le soleil se montrerait plus t\u00f4t dans la journ\u00e9e si des nuages n&rsquo;\u00e9taient pas pr\u00e9sents dans le ciel. Il va faire 24\u00b0C en moyenne. De petites averses ponctueront cette matin\u00e9e. Les valeurs afficheront entre 23 et 24\u00b0C. Une petite brise de nord soufflera. C&rsquo;est un soleil splendide qui va briller l&rsquo;apr\u00e8s-midi. La ville sera touch\u00e9e par un vent d&rsquo;ouest de 20 km\/h. Le soir, on s&rsquo;attend \u00e0 des orages. Les temp\u00e9ratures seront comprises entre 23\u00b0C et 24\u00b0C. On passera de jeudi \u00e0 vendredi par une nuit claire.<\/p>\n<p>Demain, les Marseillais vont pouvoir b\u00e9n\u00e9ficier d&rsquo;un soleil radieux. Une chute des temp\u00e9ratures est attendue. Les valeurs s&rsquo;\u00e9chelonneront entre 20 et 25\u00b0C. Il fera en moyenne 22\u00b0C, le matin. Un vent de nord-ouest est pr\u00e9vu : il soufflera \u00e0 23 km\/h. Les temp\u00e9ratures afficheront entre 24 et 25\u00b0C pendant l&rsquo;apr\u00e8s-midi. Il va pleuvoir demain soir. Les maximales pourront atteindre 23\u00b0C alors que les minimales seront de 22\u00b0C. Un vent de nord-ouest, enregistrant 29 km\/h, soufflera.<\/p>\n<p>Les jours qui suivent s&rsquo;annoncent identiques. On s&rsquo;attend \u00e0 des journ\u00e9es ensoleill\u00e9es, accompagn\u00e9es par des temp\u00e9ratures dans les 26\u00b0C en moyenne.<\/p>\n<p><\/p>\n","protected":false},"excerpt":{"rendered":"\u00c0 Marseille, le soleil se montrerait plus t\u00f4t dans la journ\u00e9e si des nuages n&rsquo;\u00e9taient pas pr\u00e9sents dans&hellip;\n","protected":false},"author":2,"featured_media":348701,"comment_status":"","ping_status":"","sticky":false,"template":"","format":"standard","meta":{"footnotes":""},"categories":[2814],"tags":[1111,11,885,1777,674,1011,27,884,12,883,2119,882,25],"class_list":{"0":"post-348700","1":"post","2":"type-post","3":"status-publish","4":"format-standard","5":"has-post-thumbnail","7":"category-marseille","8":"tag-actu","9":"tag-actualites","10":"tag-bouches-du-rhone","11":"tag-eu","12":"tag-europe","13":"tag-fr","14":"tag-france","15":"tag-marseille","16":"tag-news","17":"tag-paca","18":"tag-previsions-meteo","19":"tag-provence-alpes-cote-dazur","20":"tag-republique-francaise"},"share_on_mastodon":{"url":"https:\/\/pubeurope.com\/@fr\/115103276984451681","error":""},"_links":{"self":[{"href":"https:\/\/www.europesays.com\/fr\/wp-json\/wp\/v2\/posts\/348700","targetHints":{"allow":["GET"]}}],"collection":[{"href":"https:\/\/www.europesays.com\/fr\/wp-json\/wp\/v2\/posts"}],"about":[{"href":"https:\/\/www.europesays.com\/fr\/wp-json\/wp\/v2\/types\/post"}],"author":[{"embeddable":true,"href":"https:\/\/www.europesays.com\/fr\/wp-json\/wp\/v2\/users\/2"}],"replies":[{"embeddable":true,"href":"https:\/\/www.europesays.com\/fr\/wp-json\/wp\/v2\/comments?post=348700"}],"version-history":[{"count":0,"href":"https:\/\/www.europesays.com\/fr\/wp-json\/wp\/v2\/posts\/348700\/revisions"}],"wp:featuredmedia":[{"embeddable":true,"href":"https:\/\/www.europesays.com\/fr\/wp-json\/wp\/v2\/media\/348701"}],"wp:attachment":[{"href":"https:\/\/www.europesays.com\/fr\/wp-json\/wp\/v2\/media?parent=348700"}],"wp:term":[{"taxonomy":"category","embeddable":true,"href":"https:\/\/www.europesays.com\/fr\/wp-json\/wp\/v2\/categories?post=348700"},{"taxonomy":"post_tag","embeddable":true,"href":"https:\/\/www.europesays.com\/fr\/wp-json\/wp\/v2\/tags?post=348700"}],"curies":[{"name":"wp","href":"https:\/\/api.w.org\/{rel}","templated":true}]}}