{"id":348704,"date":"2025-08-27T23:17:18","date_gmt":"2025-08-27T23:17:18","guid":{"rendered":"https:\/\/www.europesays.com\/fr\/348704\/"},"modified":"2025-08-27T23:17:18","modified_gmt":"2025-08-27T23:17:18","slug":"a-lyon-une-enquete-ouverte-sur-une-video-faisant-reference-a-letat-islamique","status":"publish","type":"post","link":"https:\/\/www.europesays.com\/fr\/348704\/","title":{"rendered":"\u00e0 Lyon, une enqu\u00eate ouverte sur une vid\u00e9o faisant r\u00e9f\u00e9rence \u00e0 l\u2019\u00c9tat islamique"},"content":{"rendered":"<p>Une enqu\u00eate a \u00e9t\u00e9 ouverte apr\u00e8s la diffusion d\u2019une vid\u00e9o montrant un jeune homme se pr\u00e9sentant comme lyonnais qui menace un autre internaute de d\u00e9capitation et fait r\u00e9f\u00e9rence \u00e0 l\u2019\u00c9tat islamique.<\/p>\n<p class=\"fig-paragraph\">\u00abNous, c\u2019est l\u2019\u00c9tat Islamique\u00bb. Une enqu\u00eate a \u00e9t\u00e9 ouverte \u00e0 Lyon apr\u00e8s la diffusion d&rsquo;une vid\u00e9o comportant des menaces et une r\u00e9f\u00e9rence \u00e0 l&rsquo;\u00c9tat islamique lors d&rsquo;un live sur le r\u00e9seau Tiktok, a indiqu\u00e9 mercredi le parquet de\u00a0<a href=\"http:\/\/www.lefigaro.fr\/lyon\/lyon-enquete-ouverte-apres-l-agression-antisemite-d-un-adolescent-de-14-ans-devant-une-synagogue-20250826\" data-fig-type=\"NewsFlash\" data-gtm-custom-categorie=\"navigation\" data-gtm-custom-action=\"crossclick\" data-gtm-custom-label=\"Contextuel\" data-gtm-event=\"customEventSPE\" data-fig-domain=\"LEFIGARO\" target=\"_blank\" rel=\"noopener\">Lyon<\/a>. Les images ont \u00e9t\u00e9 relay\u00e9es sur d\u2019autres r\u00e9seaux sociaux depuis.<\/p>\n<p class=\"fig-paragraph\">Cette vid\u00e9o a \u00e9t\u00e9 capt\u00e9e par un influenceur et opposant au pouvoir alg\u00e9rien Chawki Benzehra, qui l&rsquo;a mise en ligne mardi soir sur son compte X en condamnant sa teneur. On y voit un homme se pr\u00e9sentant comme un Lyonnais qui menace un autre internaute\u00a0: \u00abJe vais te couper t\u00eate\u00bb.<\/p>\n<p>                                    <a class=\"fig-a11y-skip a11y-hidden\" href=\"#fig-a11y-skip-main-inarticle\"><br \/>\n        Passer la publicit\u00e9<br \/>\n    <\/a><\/p>\n<p>Signalement et enqu\u00eate<\/p>\n<p class=\"fig-paragraph\">La\u00a0<a href=\"http:\/\/www.lefigaro.fr\/lyon\/lyon-deux-jeunes-mortellement-percutes-en-trottinette-le-conducteur-mis-en-examen-pour-homicide-involontaire-20250217\" data-fig-type=\"NewsFlash\" data-gtm-custom-categorie=\"navigation\" data-gtm-custom-action=\"crossclick\" data-gtm-custom-label=\"Contextuel\" data-gtm-event=\"customEventSPE\" data-fig-domain=\"LEFIGARO\" target=\"_blank\" rel=\"noopener\">pr\u00e9fecture<\/a>\u00a0de la r\u00e9gion Auvergne-Rh\u00f4ne-Alpes a indiqu\u00e9 qu&rsquo;un signalement avait \u00e9t\u00e9 r\u00e9alis\u00e9 aupr\u00e8s de la plateforme Pharos de la police nationale \u00abcompte tenu des propos prof\u00e9r\u00e9s dans la vid\u00e9o mentionn\u00e9e\u00bb, appelant \u00e0 ne pas la relayer.<\/p>\n<p class=\"fig-body-link\">\n            \u00c0 lire aussi<br \/>\n        <a class=\"fig-body-link__link\" href=\"http:\/\/www.lefigaro.fr\/lyon\/si-je-sors-demain-je-fais-un-attentat-l-inquietant-parcours-de-detention-du-terroriste-de-l-attaque-de-la-rue-victor-hugo-a-lyon-20240322\" data-fig-type=\"NewsFlash\" data-gtm-custom-categorie=\"navigation\" data-gtm-custom-action=\"crossclick\" data-gtm-custom-label=\"Contextuel\" data-gtm-event=\"customEventSPE\" data-fig-domain=\"LEFIGARO\" target=\"_blank\" rel=\"noopener\">\u00abSi je sors demain, je fais un attentat\u00bb, l&rsquo;inqui\u00e9tant parcours de d\u00e9tention du terroriste de l&rsquo;attaque de la rue Victor Hugo \u00e0 Lyon<br \/>\n    <\/a>\n<\/p>\n<p class=\"fig-paragraph\">L&rsquo;enqu\u00eate a \u00e9t\u00e9 confi\u00e9e \u00e0 la Division de la criminalit\u00e9 organis\u00e9e et sp\u00e9cialis\u00e9e (DCOS, ex-police judiciaire), a pr\u00e9cis\u00e9 le parquet.<\/p>\n","protected":false},"excerpt":{"rendered":"Une enqu\u00eate a \u00e9t\u00e9 ouverte apr\u00e8s la diffusion d\u2019une vid\u00e9o montrant un jeune homme se pr\u00e9sentant comme lyonnais&hellip;\n","protected":false},"author":2,"featured_media":348705,"comment_status":"","ping_status":"","sticky":false,"template":"","format":"standard","meta":{"footnotes":""},"categories":[1889],"tags":[1111,11,2430,23398,1777,674,1011,27,2428,12,25,1254],"class_list":{"0":"post-348704","1":"post","2":"type-post","3":"status-publish","4":"format-standard","5":"has-post-thumbnail","7":"category-lyon","8":"tag-actu","9":"tag-actualites","10":"tag-auvergne-rhone-alpes","11":"tag-etat-islamique","12":"tag-eu","13":"tag-europe","14":"tag-fr","15":"tag-france","16":"tag-lyon","17":"tag-news","18":"tag-republique-francaise","19":"tag-terrorisme"},"share_on_mastodon":{"url":"https:\/\/pubeurope.com\/@fr\/115103284749643186","error":""},"_links":{"self":[{"href":"https:\/\/www.europesays.com\/fr\/wp-json\/wp\/v2\/posts\/348704","targetHints":{"allow":["GET"]}}],"collection":[{"href":"https:\/\/www.europesays.com\/fr\/wp-json\/wp\/v2\/posts"}],"about":[{"href":"https:\/\/www.europesays.com\/fr\/wp-json\/wp\/v2\/types\/post"}],"author":[{"embeddable":true,"href":"https:\/\/www.europesays.com\/fr\/wp-json\/wp\/v2\/users\/2"}],"replies":[{"embeddable":true,"href":"https:\/\/www.europesays.com\/fr\/wp-json\/wp\/v2\/comments?post=348704"}],"version-history":[{"count":0,"href":"https:\/\/www.europesays.com\/fr\/wp-json\/wp\/v2\/posts\/348704\/revisions"}],"wp:featuredmedia":[{"embeddable":true,"href":"https:\/\/www.europesays.com\/fr\/wp-json\/wp\/v2\/media\/348705"}],"wp:attachment":[{"href":"https:\/\/www.europesays.com\/fr\/wp-json\/wp\/v2\/media?parent=348704"}],"wp:term":[{"taxonomy":"category","embeddable":true,"href":"https:\/\/www.europesays.com\/fr\/wp-json\/wp\/v2\/categories?post=348704"},{"taxonomy":"post_tag","embeddable":true,"href":"https:\/\/www.europesays.com\/fr\/wp-json\/wp\/v2\/tags?post=348704"}],"curies":[{"name":"wp","href":"https:\/\/api.w.org\/{rel}","templated":true}]}}