{"id":348710,"date":"2025-08-27T23:21:17","date_gmt":"2025-08-27T23:21:17","guid":{"rendered":"https:\/\/www.europesays.com\/fr\/348710\/"},"modified":"2025-08-27T23:21:17","modified_gmt":"2025-08-27T23:21:17","slug":"rachida-dati-accepte-de-se-retirer-face-a-michel-barnier-mais-pas-a-nimporte-quel-prix","status":"publish","type":"post","link":"https:\/\/www.europesays.com\/fr\/348710\/","title":{"rendered":"Rachida Dati accepte de se retirer face \u00e0 Michel Barnier mais pas \u00e0 n&rsquo;importe quel prix"},"content":{"rendered":"<p class=\"mb-4 text-lg md:leading-8 break-words\">Fin du vaudeville. Apr\u00e8s avoir <a href=\"https:\/\/fr.news.yahoo.com\/coup-bluff-calcul-g%C3%A9nie-rachida-163936920.html\" data-ylk=\"slk:affirm\u00e9 \u00eatre candidate face \u00e0 Michel Barnier;elm:context_link;itc:0;sec:content-canvas;outcm:mb_qualified_link;_E:mb_qualified_link;ct:story;\" class=\"link  yahoo-link\" target=\"_blank\" rel=\"noopener\">affirm\u00e9 \u00eatre candidate face \u00e0 Michel Barnier<\/a> dans le cadre d&rsquo;une l\u00e9gislative partielle organis\u00e9e \u00e0 l&rsquo;automne \u00e0 Paris, Rachida Dati a finalement accept\u00e9 de se retirer, a appris BFMTV, confirmant une information du <a href=\"https:\/\/www.lepoint.fr\/politique\/info-le-point-legislative-partielle-a-paris-vers-la-fin-du-conflit-entre-rachida-dati-et-michel-barnier-27-08-2025-2597090_20.php#11\" rel=\"nofollow noopener\" target=\"_blank\" data-ylk=\"slk:Point;elm:context_link;itc:0;sec:content-canvas\" class=\"link \">Point<\/a>.<\/p>\n<p class=\"mb-4 text-lg md:leading-8 break-words\">En \u00e9change, la ministre de la Culture va \u00eatre officiellement investie par son parti ce jeudi \u00e0 l&rsquo;issue d&rsquo;une commission nationale d&rsquo;investiture. Pour faciliter son retrait, Rachida Dati va se voir<a href=\"https:\/\/fr.news.yahoo.com\/coup-bluff-calcul-g%C3%A9nie-rachida-163936920.html\" data-ylk=\"slk:accorder la possibilit\u00e9 de composer;elm:context_link;itc:0;sec:content-canvas;outcm:mb_qualified_link;_E:mb_qualified_link;ct:story;\" class=\"link  yahoo-link\" target=\"_blank\" rel=\"noopener\"> accorder la possibilit\u00e9 de composer<\/a> librement la liste de ses colistiers LR aux municipales.<\/p>\n<p>L\u00e2cher du lest<\/p>\n<p class=\"mb-4 text-lg md:leading-8 break-words\">Jusqu&rsquo;ici, le pr\u00e9sident des R\u00e9publicains Bruno Retailleau avait <a href=\"https:\/\/fr.news.yahoo.com\/pr%C3%AAte-%C3%A0-faire-p%C3%A9ter-rachida-042700529.html\" data-ylk=\"slk:dit non;elm:context_link;itc:0;sec:content-canvas;outcm:mb_qualified_link;_E:mb_qualified_link;ct:story;\" class=\"link  yahoo-link\" target=\"_blank\" rel=\"noopener\">dit non<\/a>, par crainte de fragiliser la f\u00e9d\u00e9ration LR de Paris, l&rsquo;une des plus grandes de France, largement pourvoyeuse d&rsquo;\u00e9lus au S\u00e9nat. La man\u0153uvre avait fortement <a href=\"https:\/\/fr.news.yahoo.com\/pr%C3%AAte-%C3%A0-faire-p%C3%A9ter-rachida-042700529.html\" data-ylk=\"slk:d\u00e9plu \u00e0 Rachida Dati;elm:context_link;itc:0;sec:content-canvas;outcm:mb_qualified_link;_E:mb_qualified_link;ct:story;\" class=\"link  yahoo-link\" target=\"_blank\" rel=\"noopener\">d\u00e9plu \u00e0 Rachida Dati<\/a> qui avait alors officialis\u00e9 sa candidature pour la l\u00e9gislative partielle.<\/p>\n<p class=\"mb-4 text-lg md:leading-8 break-words\">Mais le ministre de l&rsquo;Int\u00e9rieur, longtemps pr\u00e9sident du groupe LR de la chambre haute, a finalement pr\u00e9f\u00e9r\u00e9 s&rsquo;\u00e9viter une guerre intestine et c\u00e9der aux demandes de sa coll\u00e8gue de la Culture.<\/p>\n<p class=\"mb-4 text-lg md:leading-8 break-words\">Concr\u00e8tement, l&rsquo;ancien Premier ministre, qui <a href=\"https:\/\/fr.news.yahoo.com\/match-lombre-entre-%C3%A9douard-philippe-141017273.html\" data-ylk=\"slk:cherche \u00e0 revenir dans le jeu politique;elm:context_link;itc:0;sec:content-canvas;outcm:mb_qualified_link;_E:mb_qualified_link;ct:story;\" class=\"link  yahoo-link\" target=\"_blank\" rel=\"noopener\">cherche \u00e0 revenir dans le jeu politique<\/a> depuis son d\u00e9part de Matignon, a donc les coud\u00e9es franches pour se voir devenir d\u00e9put\u00e9 de Paris fin septembre dans une circonscription en or pour le socle commun.<\/p>\n<p class=\"mb-4 text-lg md:leading-8 break-words\">Quant \u00e0 Rachida Dati, toujours <a href=\"https:\/\/fr.news.yahoo.com\/pr%C3%AAte-%C3%A0-faire-p%C3%A9ter-rachida-042700529.html\" data-ylk=\"slk:en d\u00e9licatesse avec une partie de son camp;elm:context_link;itc:0;sec:content-canvas;outcm:mb_qualified_link;_E:mb_qualified_link;ct:story;\" class=\"link  yahoo-link\" target=\"_blank\" rel=\"noopener\">en d\u00e9licatesse avec une partie de son camp<\/a>, \u00e0 la fois depuis son d\u00e9part pour la macronie mais aussi \u00e0 cause de <a href=\"https:\/\/fr.news.yahoo.com\/pr%C3%AAte-%C3%A0-faire-p%C3%A9ter-rachida-042700529.html\" data-ylk=\"slk:son style tr\u00e8s clivant;elm:context_link;itc:0;sec:content-canvas;outcm:mb_qualified_link;_E:mb_qualified_link;ct:story;\" class=\"link  yahoo-link\" target=\"_blank\" rel=\"noopener\">son style tr\u00e8s clivant<\/a>, elle s&rsquo;assure que la droite parisienne la soutiendra mordicus dans sa conqu\u00eate de l&rsquo;H\u00f4tel de ville.<\/p>\n<p>Faire le m\u00e9nage \u00e0 droite<\/p>\n<p class=\"mb-4 text-lg md:leading-8 break-words\">De quoi lui donner le sourire alors que sa candidature ne s&rsquo;annon\u00e7ait pas comme un chemin bord\u00e9 de roses. Certains t\u00e9nors de la droite parisienne l&rsquo;exhortent depuis des semaines \u00e0 se pr\u00e9senter lors d&rsquo;une primaire interne, \u00e0 <b><a href=\"https:\/\/www.bfmtv.com\/paris\/elections-municipales-2026-le-maire-du-17e-arrondissement-de-paris-exhorte-rachida-dati-de-se-plier-a-une-primaire_AN-202507100389.html\" rel=\"nofollow noopener\" target=\"_blank\" data-ylk=\"slk:l&#039;image du maire du 17e arrondissement Geoffroy Boulard;elm:context_link;itc:0;sec:content-canvas\" class=\"link \">l&rsquo;image du maire du 17e arrondissement Geoffroy Boulard<\/a>.<\/b> Une candidature dissidente n&rsquo;a \u00e9galement rien d&rsquo;impossible et pourrait \u00eatre incarn\u00e9e par le s\u00e9nateur LR Francis Szpiner qui envisage de se pr\u00e9senter contre elle.<\/p>\n<p class=\"mb-4 text-lg md:leading-8 break-words\">Bref, il \u00e9tait urgent pour Rachida Dati d&rsquo;\u00eatre certaine d&rsquo;un vaste soutien de la droite pour entrer dans le grand bain de la campagne. Faire le m\u00e9nage en amont des municipales a \u00e9galement pour vertu de s&rsquo;\u00e9viter de faire face \u00e0 une opposition interne en cas de victoire en mars prochain.<\/p>\n<p class=\"mb-4 text-lg md:leading-8 break-words\">Le calcul se comprend: la droite est tr\u00e8s divis\u00e9e au Conseil de Paris et si\u00e8ge dans pas moins de trois groupes, auxquels il faut ajouter le Modem, Horizons et Renaissance qui si\u00e8gent \u00e9galement dans un groupe \u00e0 part. =<\/p>\n<p class=\"mb-4 text-lg md:leading-8 break-words\">Reste d\u00e9sormais \u00e0 convaincre largement les macronistes de la soutenir alors que sa candidature est loin de faire l&rsquo;unanimit\u00e9 au sein du parti dirig\u00e9 par Gabriel Attal. Une partie d&rsquo;entre eux soutient en sous-main <a href=\"https:\/\/fr.news.yahoo.com\/pr%C3%AAte-%C3%A0-faire-p%C3%A9ter-rachida-042700529.html\" data-ylk=\"slk:la candidature de Pierre-Yves Bournazel;elm:context_link;itc:0;sec:content-canvas;outcm:mb_qualified_link;_E:mb_qualified_link;ct:story;\" class=\"link  yahoo-link\" target=\"_blank\" rel=\"noopener\">la candidature de Pierre-Yves Bournazel<\/a>, \u00e9lu Horizon dans le 18e arrondissement et proche d&rsquo;\u00c9douard Philippe.<\/p>\n<p class=\"mb-4 text-lg md:leading-8 break-words\">Une derni\u00e8re hypoth\u00e8se reste encore \u00e0 lever: celle de l&rsquo;avenir judiciaire de Rachida Dati. Fragilis\u00e9e par <a href=\"https:\/\/fr.news.yahoo.com\/comprendre-justice-reproche-%C3%A0-rachida-124314265.html\" data-ylk=\"slk:son renvoi en correctionnelle pour &quot;corruption passive&quot; et &quot;trafic d&#039;influence;elm:context_link;itc:0;sec:content-canvas;outcm:mb_qualified_link;_E:mb_qualified_link;ct:story;\" class=\"link  yahoo-link\" target=\"_blank\" rel=\"noopener\">son renvoi en correctionnelle pour \u00ab\u00a0corruption passive\u00a0\u00bb et \u00ab\u00a0trafic d&rsquo;influence<\/a> \u00e0 l&rsquo;\u00e9t\u00e9, la maire du 7e arrondissement affrontera un proc\u00e8s tr\u00e8s probablement en 2026, donnant des arguments \u00e0 ses contempteurs mais aussi aux \u00e9lus Renaissance.<\/p>\n<p class=\"mb-4 text-lg md:leading-8 break-words\"><a href=\"https:\/\/www.bfmtv.com\/politique\/les-republicains\/legislative-partielle-a-paris-rachida-dati-accepte-de-se-retirer-face-a-michel-barnier_AN-202508270499.html#xtor=AL-68\" rel=\"nofollow noopener\" target=\"_blank\" data-ylk=\"slk:Article original publi\u00e9 sur BFMTV.com;elm:context_link;itc:0;sec:content-canvas\" class=\"link \">Article original publi\u00e9 sur BFMTV.com<\/a><\/p>\n","protected":false},"excerpt":{"rendered":"Fin du vaudeville. Apr\u00e8s avoir affirm\u00e9 \u00eatre candidate face \u00e0 Michel Barnier dans le cadre d&rsquo;une l\u00e9gislative partielle&hellip;\n","protected":false},"author":2,"featured_media":348711,"comment_status":"","ping_status":"","sticky":false,"template":"","format":"standard","meta":{"footnotes":""},"categories":[1888],"tags":[1111,1928,11,1927,1777,674,1011,27,39207,3228,39901,2616,12,1926,626,1925,417,25],"class_list":{"0":"post-348710","1":"post","2":"type-post","3":"status-publish","4":"format-standard","5":"has-post-thumbnail","7":"category-paris","8":"tag-actu","9":"tag-actu-paris","10":"tag-actualites","11":"tag-actualites-paris","12":"tag-eu","13":"tag-europe","14":"tag-fr","15":"tag-france","16":"tag-legislative-partielle","17":"tag-lr","18":"tag-ministre-de-linterieur-2","19":"tag-ministre-de-la-culture","20":"tag-news","21":"tag-news-paris","22":"tag-paris","23":"tag-paris-news","24":"tag-rachida-dati","25":"tag-republique-francaise"},"share_on_mastodon":{"url":"https:\/\/pubeurope.com\/@fr\/115103300520026266","error":""},"_links":{"self":[{"href":"https:\/\/www.europesays.com\/fr\/wp-json\/wp\/v2\/posts\/348710","targetHints":{"allow":["GET"]}}],"collection":[{"href":"https:\/\/www.europesays.com\/fr\/wp-json\/wp\/v2\/posts"}],"about":[{"href":"https:\/\/www.europesays.com\/fr\/wp-json\/wp\/v2\/types\/post"}],"author":[{"embeddable":true,"href":"https:\/\/www.europesays.com\/fr\/wp-json\/wp\/v2\/users\/2"}],"replies":[{"embeddable":true,"href":"https:\/\/www.europesays.com\/fr\/wp-json\/wp\/v2\/comments?post=348710"}],"version-history":[{"count":0,"href":"https:\/\/www.europesays.com\/fr\/wp-json\/wp\/v2\/posts\/348710\/revisions"}],"wp:featuredmedia":[{"embeddable":true,"href":"https:\/\/www.europesays.com\/fr\/wp-json\/wp\/v2\/media\/348711"}],"wp:attachment":[{"href":"https:\/\/www.europesays.com\/fr\/wp-json\/wp\/v2\/media?parent=348710"}],"wp:term":[{"taxonomy":"category","embeddable":true,"href":"https:\/\/www.europesays.com\/fr\/wp-json\/wp\/v2\/categories?post=348710"},{"taxonomy":"post_tag","embeddable":true,"href":"https:\/\/www.europesays.com\/fr\/wp-json\/wp\/v2\/tags?post=348710"}],"curies":[{"name":"wp","href":"https:\/\/api.w.org\/{rel}","templated":true}]}}