{"id":348716,"date":"2025-08-27T23:24:12","date_gmt":"2025-08-27T23:24:12","guid":{"rendered":"https:\/\/www.europesays.com\/fr\/348716\/"},"modified":"2025-08-27T23:24:12","modified_gmt":"2025-08-27T23:24:12","slug":"replay-guerre-en-ukraine-les-negociateurs-russes-et-ukrainiens-sont-en-contact-pas-encore-de-date-officielle-pour-de-nouveaux-pourparlers","status":"publish","type":"post","link":"https:\/\/www.europesays.com\/fr\/348716\/","title":{"rendered":"REPLAY. Guerre en Ukraine\u00a0: les n\u00e9gociateurs russes et ukrainiens sont \u00ab\u00a0en contact\u00a0\u00bb, pas encore de date officielle pour de nouveaux pourparlers"},"content":{"rendered":"<p>22h44.Fin de ce direct<\/p>\n<p class=\"live-post__amorce\">C&rsquo;est la fin de ce direct, merci \u00e0 tous de l&rsquo;avoir suivi. <\/p>\n<p>19h20.Des responsables ukrainiens rencontreront des membres de l&rsquo;administration Trump \u00e0 New York vendredi\u00a0<\/p>\n<p class=\"live-post__amorce\">Le pr\u00e9sident ukrainien Volodymyr Zelensky a annonc\u00e9 mercredi que des membres de son \u00e9quipe allaient rencontrer vendredi \u00e0 New York des repr\u00e9sentants de l&rsquo;administration de Donald Trump, dans le cadre des efforts visant \u00e0 trouver une issue \u00e0 la guerre avec la Russie. \u00ab\u00a0Vendredi, des r\u00e9unions auront lieu \u00e0 New York, aux Etats-Unis, avec l&rsquo;\u00e9quipe du pr\u00e9sident Trump\u00a0\u00bb apr\u00e8s \u00ab\u00a0des r\u00e9unions en Suisse\u00a0\u00bb jeudi, a indiqu\u00e9 M. Zelensky dans son adresse quotidienne diffus\u00e9e sur les r\u00e9seaux sociaux.<\/p>\n<p>12h24.Le Kremlin se dit \u00ab\u00a0d\u00e9favorable\u00a0\u00bb \u00e0 l&rsquo;\u00e9ventuel envoi de troupes europ\u00e9ennes en Ukraine<\/p>\n<p class=\"live-post__amorce\">La Russie s&rsquo;est dite\u00a0\u00bbd\u00e9favorable\u00a0\u00bb \u00e0 un \u00e9ventuel envoi de troupes europ\u00e9ennes en Ukraine en cas d&rsquo;accord de paix entre Kiev et Moscou, a d\u00e9clar\u00e9 le Kremlin, alors que Kiev travaille sur d&rsquo;\u00e9ventuelles garanties de s\u00e9curit\u00e9 avec ses alli\u00e9s occidentaux.<\/p>\n<p class=\"live-post__amorce\">\u00ab\u00a0Il n&rsquo;y a pas d&rsquo;arm\u00e9e europ\u00e9enne, il n&rsquo;y a que des arm\u00e9es de pays sp\u00e9cifiques, qui sont pour la plupart membres de l&rsquo;OTAN\u00a0\u00bb, a ajout\u00e9 le porte-parole de la pr\u00e9sidence russe, Dmitri Peskov, lors de son briefing quotidien.<\/p>\n<p>11h57.Les n\u00e9gociateurs russes et ukrainiens \u00ab\u00a0en contact\u00a0\u00bb, mais pas de date pour de nouveaux pourparlers<\/p>\n<p class=\"live-post__amorce\">\u00ab\u00a0Les chefs des groupes de n\u00e9gociations (russe et ukrainien, NDLR) sont en contact\u00a0\u00bb, a d\u00e9clar\u00e9 le porte-parole du Kremlin, Dmitri Peskov, lors de son briefing quotidien, tout en disant ne pas \u00eatre en mesure d&rsquo;indiquer une date pour de futurs pourparlers entre les deux pays. \u00ab\u00a0Tout autre contact \u00e0 haut niveau, ou au plus haut niveau, doit \u00eatre bien pr\u00e9par\u00e9, afin d&rsquo;\u00eatre fructueux\u00a0\u00bb, a-t-il ajout\u00e9, ce terme d\u00e9signant une rencontre entre les pr\u00e9sidents russe et ukrainien.<\/p>\n<p>11h57.Pour le Kremlin, une rencontre Poutine-Zelensky doit \u00eatre \u00ab\u00a0bien pr\u00e9par\u00e9e\u00a0\u00bb<\/p>\n<p class=\"live-post__amorce\">Le Kremlin a affirm\u00e9 que toute rencontre entre les pr\u00e9sidents Vladimir Poutine et Volodymyr Zelensky, r\u00e9clam\u00e9e par Kiev et Washington, devait \u00eatre \u00ab\u00a0bien pr\u00e9par\u00e9e\u00a0\u00bb, sugg\u00e9rant qu&rsquo;elle n&rsquo;\u00e9tait donc pas \u00e0 l&rsquo;ordre du jour pour Moscou. <\/p>\n<p>10h01.\u00a0\u00bbEn col\u00e8re\u00a0\u00bb, Donald Trump menace Vladimir Poutine de \u00ab\u00a0guerre \u00e9conomique\u00a0\u00bb s\u2019il n\u2019accepte pas un cessez-le-feu<\/p>\n<p class=\"live-post__amorce\">Visiblement contrari\u00e9 face \u00e0 l\u2019attitude belliciste de son homologue russe, Donald Trump menace d\u00e9sormais Vladimir Poutine de sanctions \u00e9conomiques dures s\u2019il n\u2019accepte pas son accord de cessez-le-feu. Retrouvez notre article <a href=\"https:\/\/www.ladepeche.fr\/2025\/08\/27\/guerre-en-ukraine-en-colere-donald-trump-menace-vladimir-poutine-de-guerre-economique-sil-naccepte-pas-un-cessez-le-feu-12895550.php\" target=\"_blank\" rel=\"noopener noreferrer nofollow\" class=\"\"> ici<\/a> . <\/p>\n<p class=\"std-elt__inline\">\n        <strong>\u00c0 lire aussi :<\/strong><br \/>\n        <a href=\"https:\/\/www.ladepeche.fr\/2025\/08\/27\/guerre-en-ukraine-en-colere-donald-trump-menace-vladimir-poutine-de-guerre-economique-sil-naccepte-pas-un-cessez-le-feu-12895550.php\" target=\"_blank\" rel=\"noopener\">Guerre en Ukraine\u00a0: \u00ab\u00a0en col\u00e8re\u00a0\u00bb, Donald Trump menace Vladimir Poutine de \u00ab\u00a0guerre \u00e9conomique\u00a0\u00bb s\u2019il n\u2019accepte pas un cessez-le-feu<\/a>\n    <\/p>\n<p>07h45.Pour la premi\u00e8re fois, Kiev reconna\u00eet que les troupes russes ont p\u00e9n\u00e9tr\u00e9 dans sa r\u00e9gion de Dnipropetrovsk<\/p>\n<p class=\"live-post__amorce\">L&rsquo;Ukraine a pour la premi\u00e8re fois reconnu mardi que les soldats russes avaient p\u00e9n\u00e9tr\u00e9 dans sa r\u00e9gion de Dnipropetrovsk (centre-est), o\u00f9 Moscou avait revendiqu\u00e9 de son c\u00f4t\u00e9 des avanc\u00e9es d\u00e8s le mois de juillet.  Kiev d\u00e9mentait jusque-l\u00e0 toute p\u00e9n\u00e9tration des troupes russes dans cette r\u00e9gion. L&rsquo;arm\u00e9e russe, qui occupe environ 20% de l&rsquo;Ukraine, dans l&rsquo;est et le sud, a acc\u00e9l\u00e9r\u00e9 sa progression sur le terrain ces derniers mois face \u00e0 des unit\u00e9s ukrainiennes moins nombreuses et moins bien \u00e9quip\u00e9es.<\/p>\n<p>07h44.Bonjour et bienvenue dans ce direct<\/p>\n<p class=\"live-post__amorce\">Suivez, ce mercredi 27 ao\u00fbt, toute l&rsquo;actualit\u00e9 du conflit en Ukraine.<\/p>\n","protected":false},"excerpt":{"rendered":"22h44.Fin de ce direct C&rsquo;est la fin de ce direct, merci \u00e0 tous de l&rsquo;avoir suivi. 19h20.Des responsables&hellip;\n","protected":false},"author":2,"featured_media":348717,"comment_status":"","ping_status":"","sticky":false,"template":"","format":"standard","meta":{"footnotes":""},"categories":[1591],"tags":[11,1887,12,1885,1886,132],"class_list":{"0":"post-348716","1":"post","2":"type-post","3":"status-publish","4":"format-standard","5":"has-post-thumbnail","7":"category-russie","8":"tag-actualites","9":"tag-federation-de-russie","10":"tag-news","11":"tag-russia","12":"tag-russian-federation","13":"tag-russie"},"share_on_mastodon":{"url":"https:\/\/pubeurope.com\/@fr\/115103312427483163","error":""},"_links":{"self":[{"href":"https:\/\/www.europesays.com\/fr\/wp-json\/wp\/v2\/posts\/348716","targetHints":{"allow":["GET"]}}],"collection":[{"href":"https:\/\/www.europesays.com\/fr\/wp-json\/wp\/v2\/posts"}],"about":[{"href":"https:\/\/www.europesays.com\/fr\/wp-json\/wp\/v2\/types\/post"}],"author":[{"embeddable":true,"href":"https:\/\/www.europesays.com\/fr\/wp-json\/wp\/v2\/users\/2"}],"replies":[{"embeddable":true,"href":"https:\/\/www.europesays.com\/fr\/wp-json\/wp\/v2\/comments?post=348716"}],"version-history":[{"count":0,"href":"https:\/\/www.europesays.com\/fr\/wp-json\/wp\/v2\/posts\/348716\/revisions"}],"wp:featuredmedia":[{"embeddable":true,"href":"https:\/\/www.europesays.com\/fr\/wp-json\/wp\/v2\/media\/348717"}],"wp:attachment":[{"href":"https:\/\/www.europesays.com\/fr\/wp-json\/wp\/v2\/media?parent=348716"}],"wp:term":[{"taxonomy":"category","embeddable":true,"href":"https:\/\/www.europesays.com\/fr\/wp-json\/wp\/v2\/categories?post=348716"},{"taxonomy":"post_tag","embeddable":true,"href":"https:\/\/www.europesays.com\/fr\/wp-json\/wp\/v2\/tags?post=348716"}],"curies":[{"name":"wp","href":"https:\/\/api.w.org\/{rel}","templated":true}]}}