{"id":348718,"date":"2025-08-27T23:25:14","date_gmt":"2025-08-27T23:25:14","guid":{"rendered":"https:\/\/www.europesays.com\/fr\/348718\/"},"modified":"2025-08-27T23:25:14","modified_gmt":"2025-08-27T23:25:14","slug":"le-kremlin-ne-veut-pas-de-soldats-europeens-tandis-que-larmee-russe-attaque-fort-2","status":"publish","type":"post","link":"https:\/\/www.europesays.com\/fr\/348718\/","title":{"rendered":"Le Kremlin ne veut pas de soldats europ\u00e9ens, tandis que l&rsquo;arm\u00e9e russe attaque fort"},"content":{"rendered":"<p class=\"mb-4 text-lg md:leading-8 break-words\"><strong>R\u00e9cap&rsquo; &#8211; \u00ab 20 Minutes \u00bb fait le point pour vous tous les soirs sur le conflit en Ukraine. Ce mercredi, le Kremlin a r\u00e9exprim\u00e9 son opposition \u00e0 l&rsquo;arriv\u00e9e \u00e9ventuelle de troupes de pays membres de l&rsquo;Otan<\/strong><\/p>\n<p class=\"mb-4 text-lg md:leading-8 break-words\">Vous avez rat\u00e9 les derniers \u00e9v\u00e9nements sur la <a href=\"https:\/\/www.20minutes.fr\/monde\/ukraine\/?at_medium=RSS%20feed&amp;at_campaign=ynews&amp;utm_source=yahoo&amp;utm_medium=rss&amp;utm_campaign=news_feed&amp;utm_content=in_article_link\" rel=\"nofollow noopener\" target=\"_blank\" data-ylk=\"slk:guerre en Ukraine;elm:context_link;itc:0;sec:content-canvas\" class=\"link \">guerre en Ukraine<\/a> ? 20 Minutes fait le point pour vous tous les soirs. Voici l\u2019essentiel de ce mercredi 27 ao\u00fbt, 1.281e jour du conflit.<\/p>\n<p>Le fait du jour<\/p>\n<p class=\"mb-4 text-lg md:leading-8 break-words\">Il ne change pas d\u2019avis, m\u00eame dans une hypoth\u00e8se de tr\u00eave. Le <a href=\"https:\/\/www.20minutes.fr\/dossier\/kremlin?at_medium=RSS%20feed&amp;at_campaign=ynews&amp;utm_source=yahoo&amp;utm_medium=rss&amp;utm_campaign=news_feed&amp;utm_content=in_article_link\" rel=\"nofollow noopener\" target=\"_blank\" data-ylk=\"slk:Kremlin;elm:context_link;itc:0;sec:content-canvas\" class=\"link \">Kremlin<\/a> s\u2019est dit \u00ab d\u00e9favorable \u00bb mercredi \u00e0 un \u00e9ventuel envoi de troupes europ\u00e9ennes en Ukraine dans le cadre d\u2019un potentiel accord de paix. L\u2019Ukraine conditionne tout accord \u00e0 l\u2019obtention de solides garanties de s\u00e9curit\u00e9 de ses alli\u00e9s pour se prot\u00e9ger d\u2019un nouvel assaut russe \u00e0 l\u2019avenir, que Kiev voit comme quasiment in\u00e9vitable. Parmi les pistes \u00e9voqu\u00e9es, le d\u00e9ploiement de troupes europ\u00e9ennes en Ukraine, <a href=\"https:\/\/www.20minutes.fr\/dossier\/donald_trump?at_medium=RSS%20feed&amp;at_campaign=ynews&amp;utm_source=yahoo&amp;utm_medium=rss&amp;utm_campaign=news_feed&amp;utm_content=in_article_link\" rel=\"nofollow noopener\" target=\"_blank\" data-ylk=\"slk:Donald Trump;elm:context_link;itc:0;sec:content-canvas\" class=\"link \">Donald Trump<\/a> ayant exclu l\u2019envoi de soldats am\u00e9ricains au sol.<\/p>\n<p class=\"mb-4 text-lg md:leading-8 break-words\">Le porte-parole du Kremlin, Dmitri Peskov, a d\u00e9clar\u00e9 que la Russie voyait ces discussions d\u2019un oeil \u00ab d\u00e9favorable \u00bb. \u00ab Il n\u2019y a pas d\u2019arm\u00e9e europ\u00e9enne, il n\u2019y a que des arm\u00e9es de pays sp\u00e9cifiques, qui sont pour la plupart membres de l\u2019Otan \u00bb, appuie-t-il La Russie consid\u00e8re l\u2019expansion de l\u2019Otan \u00e0 ses fronti\u00e8res comme l\u2019une des \u00ab causes profondes \u00bb ayant men\u00e9 \u00e0 son offensive contre l\u2019Ukraine.<\/p>\n<p class=\"mb-4 text-lg md:leading-8 break-words\">Dmitri Peskov a, par ailleurs, soulign\u00e9 mercredi que tout contact entre Volodymyr Zelenskky et Vladimir Poutine \u00ab doit \u00eatre bien pr\u00e9par\u00e9, afin d\u2019\u00eatre fructueux \u00bb, fa\u00e7on de sugg\u00e9rer que cette rencontre n\u2019est pas \u00e0 l\u2019ordre du jour pour Moscou.<\/p>\n<p>Le chiffre du jour<\/p>\n<p class=\"mb-4 text-lg md:leading-8 break-words\">3. C\u2019est le nombre de morts recens\u00e9s \u00e0 l\u2019issue d\u2019attaques russes dans le sud de l\u2019Ukraine ce mercredi, ont an(&#8230;)<\/p>\n<p class=\"mb-4 text-lg md:leading-8 break-words\"><a href=\"https:\/\/www.20minutes.fr\/monde\/ukraine\/4169808-20250827-guerre-ukraine-kremlin-previent-europeens-armee-russe-attaque-fort?at_medium=RSS%20feed&amp;at_campaign=ynews&amp;utm_source=yahoo&amp;utm_medium=rss&amp;utm_campaign=news_feed&amp;utm_content=read_more_link&quot;\" rel=\"nofollow noopener\" target=\"_blank\" data-ylk=\"slk:Lire la suite sur 20minutes;elm:context_link;itc:0;sec:content-canvas\" class=\"link \">Lire la suite sur 20minutes<\/a><\/p>\n<p>\u00c0 lire aussi :<br \/><a href=\"https:\/\/www.20minutes.fr\/monde\/ukraine\/4169668-20250826-guerre-ukraine-drone-ecrase-estonie-president-finlandais-exhorte-trump-agir-contre-russie?at_medium=RSS%20feed&amp;at_campaign=ynews&amp;utm_source=yahoo&amp;utm_medium=rss&amp;utm_campaign=news_feed&amp;utm_content=related_content_link\" rel=\"nofollow noopener\" target=\"_blank\" data-ylk=\"slk:Guerre en Ukraine : Un drone s\u2019\u00e9crase en Estonie, le pr\u00e9sident finlandais exhorte Trump \u00e0 agir contre la Russie;elm:context_link;itc:0;sec:content-canvas\" class=\"link \">Guerre en Ukraine : Un drone s\u2019\u00e9crase en Estonie, le pr\u00e9sident finlandais exhorte Trump \u00e0 agir contre la Russie<\/a><br \/><a href=\"https:\/\/www.20minutes.fr\/monde\/etats-unis\/4169543-20250826-quand-trump-assure-appelle-president-europe-outre-atlantique?at_medium=RSS%20feed&amp;at_campaign=ynews&amp;utm_source=yahoo&amp;utm_medium=rss&amp;utm_campaign=news_feed&amp;utm_content=related_content_link\" rel=\"nofollow noopener\" target=\"_blank\" data-ylk=\"slk:Quand Trump assure qu\u2019on l\u2019appelle \u00ab pr\u00e9sident de l\u2019Europe \u00bb outre atlantique;elm:context_link;itc:0;sec:content-canvas\" class=\"link \">Quand Trump assure qu\u2019on l\u2019appelle \u00ab pr\u00e9sident de l\u2019Europe \u00bb outre atlantique<\/a><\/p>\n","protected":false},"excerpt":{"rendered":"R\u00e9cap&rsquo; &#8211; \u00ab 20 Minutes \u00bb fait le point pour vous tous les soirs sur le conflit en&hellip;\n","protected":false},"author":2,"featured_media":348719,"comment_status":"","ping_status":"","sticky":false,"template":"","format":"standard","meta":{"footnotes":""},"categories":[1590],"tags":[642,11,5438,75,1777,674,4998,5493,12,48509,220],"class_list":{"0":"post-348718","1":"post","2":"type-post","3":"status-publish","4":"format-standard","5":"has-post-thumbnail","7":"category-ukraine","8":"tag-20-minutes","9":"tag-actualites","10":"tag-dmitri-peskov","11":"tag-donald-trump","12":"tag-eu","13":"tag-europe","14":"tag-kremlin","15":"tag-lukraine","16":"tag-news","17":"tag-pays-membres-de-lotan-2","18":"tag-ukraine"},"share_on_mastodon":{"url":"https:\/\/pubeurope.com\/@fr\/115103316236775374","error":""},"_links":{"self":[{"href":"https:\/\/www.europesays.com\/fr\/wp-json\/wp\/v2\/posts\/348718","targetHints":{"allow":["GET"]}}],"collection":[{"href":"https:\/\/www.europesays.com\/fr\/wp-json\/wp\/v2\/posts"}],"about":[{"href":"https:\/\/www.europesays.com\/fr\/wp-json\/wp\/v2\/types\/post"}],"author":[{"embeddable":true,"href":"https:\/\/www.europesays.com\/fr\/wp-json\/wp\/v2\/users\/2"}],"replies":[{"embeddable":true,"href":"https:\/\/www.europesays.com\/fr\/wp-json\/wp\/v2\/comments?post=348718"}],"version-history":[{"count":0,"href":"https:\/\/www.europesays.com\/fr\/wp-json\/wp\/v2\/posts\/348718\/revisions"}],"wp:featuredmedia":[{"embeddable":true,"href":"https:\/\/www.europesays.com\/fr\/wp-json\/wp\/v2\/media\/348719"}],"wp:attachment":[{"href":"https:\/\/www.europesays.com\/fr\/wp-json\/wp\/v2\/media?parent=348718"}],"wp:term":[{"taxonomy":"category","embeddable":true,"href":"https:\/\/www.europesays.com\/fr\/wp-json\/wp\/v2\/categories?post=348718"},{"taxonomy":"post_tag","embeddable":true,"href":"https:\/\/www.europesays.com\/fr\/wp-json\/wp\/v2\/tags?post=348718"}],"curies":[{"name":"wp","href":"https:\/\/api.w.org\/{rel}","templated":true}]}}