{"id":348720,"date":"2025-08-27T23:26:14","date_gmt":"2025-08-27T23:26:14","guid":{"rendered":"https:\/\/www.europesays.com\/fr\/348720\/"},"modified":"2025-08-27T23:26:14","modified_gmt":"2025-08-27T23:26:14","slug":"deux-enfants-tues-dans-une-fusillade-dans-une-eglise","status":"publish","type":"post","link":"https:\/\/www.europesays.com\/fr\/348720\/","title":{"rendered":"deux enfants tu\u00e9s dans une fusillade dans une \u00e9glise"},"content":{"rendered":"<p>Une \u00e9glise de Minneapolis (Minnesota), attenante \u00e0 une \u00e9cole catholique, a \u00e9t\u00e9 le th\u00e9\u00e2tre de tirs ce mercredi. Un tireur a ouvert le feu, tuant deux enfants et en blessant 14 autres parmi les \u00e9coliers rassembl\u00e9s pour une messe, a d\u00e9clar\u00e9 la police.<\/p>\n<p>Le tireur, \u00e2g\u00e9 d&rsquo;une vingtaine d&rsquo;ann\u00e9es a agi seul, a pr\u00e9cis\u00e9 Brian O&rsquo;Hara, le chef de la police de Minneapolis, lors d&rsquo;une conf\u00e9rence de presse. Il \u00e9tait porteur de trois armes \u00e0 feu et s&rsquo;est suicid\u00e9 sur le lieu de l&rsquo;attaque. <\/p>\n<p>De l&rsquo;ext\u00e9rieur, il a tir\u00e9 \u00e0 travers les vitraux et sem\u00e9 l&rsquo;effroi parmi des dizaines d&rsquo;\u00e9coliers qui assistaient \u00e0 une messe, deux jours apr\u00e8s la rentr\u00e9e des classes. Selon les enqu\u00eateurs, il a fait feu \u00e0 des dizaines de reprises en utilisant deux fusils et un pistolet. Des armes acquises \u00ab l\u00e9galement \u00bb, selon la police. <\/p>\n<p>Deux victimes \u00e2g\u00e9es de 8 et 10 ans<\/p>\n<p>\u00ab Deux jeunes enfants, de 8 et 10 ans, ont \u00e9t\u00e9 tu\u00e9s alors qu&rsquo;ils \u00e9taient assis sur les bancs de l&rsquo;\u00e9glise \u00bb, a ajout\u00e9 le chef de la police. Les victimes bless\u00e9es par balle, 14 enfants \u00e2g\u00e9s de 6 \u00e0 15 ans et trois paroissiens de plus de 80 ans, devraient survivre \u00e0 leurs blessures, selon Brian O&rsquo;Hara. <\/p>\n<p>La police f\u00e9d\u00e9rale am\u00e9ricaine, le FBI, a ouvert une enqu\u00eate mercredi pour \u00ab crime motiv\u00e9 par la haine contre les catholiques \u00bb. \u00ab Le FBI enqu\u00eate sur (&#8230;) un acte de terrorisme int\u00e9rieur et un crime motiv\u00e9 par la haine visant les catholiques \u00bb, a \u00e9crit Kash Patel, patron de cette agence f\u00e9d\u00e9rale, sur X, identifiant le tireur comme \u00e9tant \u00ab Robin Westman, un homme n\u00e9 sous le nom de Robert Westman \u00bb. Le tireur avait pr\u00e9par\u00e9 un manifeste qui devait \u00eatre diffus\u00e9 ult\u00e9rieurement sur YouTube et la police l&rsquo;en a \u00ab retir\u00e9 \u00bb.<\/p>\n<p>  Qui est le tireur\u00a0? <\/p>\n<p>Cet ancien \u00e9l\u00e8ve de l&rsquo;\u00e9tablissement a \u00e9t\u00e9 identifi\u00e9 comme \u00e9tant \u00ab Robin Westman, un homme n\u00e9 sous le nom de Robert Westman \u00bb, selon Kash Patel.<\/p>\n<p>Des documents judiciaires de 2019-2020, consult\u00e9s par l&rsquo;AFP, font \u00e9tat d&rsquo;un changement de pr\u00e9nom, de Robert \u00e0 Robin, de cette personne n\u00e9e de sexe masculin mais s&rsquo;identifiant comme une femme. \u00ab Nous avons la confirmation que le tireur \u00e9tait un homme qui se disait transgenre \u00bb, a quant \u00e0 elle \u00e9crit Kristi Noem, la ministre de la S\u00e9curit\u00e9 int\u00e9rieure, \u00e9voquant un \u00ab monstre tar\u00e9 \u00bb. L&rsquo;administration Trump m\u00e8ne depuis des mois une offensive contre les politiques favorables aux personnes transgenres.<\/p>\n<p>Le maire de Minneapolis, Jacob Frey, a de son c\u00f4t\u00e9 condamn\u00e9 les attaques contre les personnes transgenres et l&rsquo;instrumentalisation par l&rsquo;extr\u00eame droite am\u00e9ricaine de la tuerie. <\/p>\n<p>  Le pape exprime ses condol\u00e9ances<\/p>\n<p>Le \u00ab Minnesota a le coeur bris\u00e9 \u00bb, a \u00e9crit sur X le gouverneur de cet Etat, Tim Walz. \u00ab Des agents de police qui ont \u00e9t\u00e9 d\u00e9p\u00each\u00e9s, aux membres du clerg\u00e9 et aux enseignants qui r\u00e9confortent, en passant par les soignants \u00e0 l&rsquo;h\u00f4pital qui sauvent des vies, nous traverserons cette \u00e9preuve ensemble \u00bb, a-t-il d\u00e9clar\u00e9, avant d&rsquo;ajouter: \u00ab Serrez fort vos enfants dans vos bras \u00bb.<\/p>\n<p>Le pape L\u00e9on XIV s&rsquo;est dit \u00ab attrist\u00e9 \u00bb et a exprim\u00e9 ses condol\u00e9ances aux familles des victimes.<\/p>\n<p>Des images en direct ont montr\u00e9 des parents venant chercher leurs enfants et quitter les lieux. Contact\u00e9e par l&rsquo;AFP, une personne au sein de l&rsquo;\u00e9cole a affirm\u00e9 \u00eatre \u00ab\u00a0en train de faire sortir [les] enfants du b\u00e2timent\u00a0\u00bb. Sur son compte X, la ville de Minneapolis a affirm\u00e9 que \u00ab le tireur \u00e9tait ma\u00eetris\u00e9 \u00bb et qu&rsquo;il n&rsquo;y avait \u00ab actuellement aucune menace \u00bb pour les habitants.<\/p>\n<p>Donald Trump a d\u00e9clar\u00e9 avoir \u00e9t\u00e9 \u00ab pleinement inform\u00e9 \u00bb de la \u00ab tragique \u00bb attaque par armes \u00e0 feu dans cette \u00e9cole de Minneapolis, dans le Minnesota. \u00ab La Maison Blanche va continuer \u00e0 suivre cette terrible situation \u00bb, a ajout\u00e9 le pr\u00e9sident am\u00e9ricain sur son r\u00e9seau Truth Social. Dans une d\u00e9claration, le pr\u00e9sident am\u00e9ricain a ensuite demand\u00e9 \u00e0 ce que les drapeaux soient mis en berne jusqu&rsquo;au 31 ao\u00fbt. Un responsable de la Maison Blanche a \u00e9galement d\u00e9clar\u00e9 que Donald Trump avait rapidement parl\u00e9 avec le gouverneur Tim Walz.<\/p>\n<p>Avec plus d&rsquo;armes \u00e0 feu en circulation que d&rsquo;habitants, les \u00c9tats-Unis affichent le taux de mortalit\u00e9 par armes le plus \u00e9lev\u00e9 de tous les pays d\u00e9velopp\u00e9s. Les tueries sont un fl\u00e9au r\u00e9current que les gouvernements successifs n&rsquo;ont jusqu&rsquo;\u00e0 pr\u00e9sent pas r\u00e9ussi \u00e0 endiguer, de nombreux Am\u00e9ricains restant tr\u00e8s attach\u00e9s \u00e0 leurs armes.<\/p>\n<p>Cette ann\u00e9e, au moins 287 tueries de masse, d\u00e9finies comme faisant au moins quatre morts ou bless\u00e9s, ont eu lieu aux Etats-Unis, selon l&rsquo;ONG Gun Violence Archive. En 2024, au moins 16 700 personnes, sans compter les suicides, avaient \u00e9t\u00e9 tu\u00e9es par arme \u00e0 feu.<\/p>\n","protected":false},"excerpt":{"rendered":"Une \u00e9glise de Minneapolis (Minnesota), attenante \u00e0 une \u00e9cole catholique, a \u00e9t\u00e9 le th\u00e9\u00e2tre de tirs ce mercredi.&hellip;\n","protected":false},"author":2,"featured_media":348721,"comment_status":"","ping_status":"","sticky":false,"template":"","format":"standard","meta":{"footnotes":""},"categories":[1589],"tags":[11,271,272,73,1866,274,107,329,12,1864,1865,1863,308],"class_list":{"0":"post-348720","1":"post","2":"type-post","3":"status-publish","4":"format-standard","5":"has-post-thumbnail","7":"category-etats-unis","8":"tag-actualites","9":"tag-crime","10":"tag-delit-et-contravention","11":"tag-etats-unis","12":"tag-etats-unis-damerique","13":"tag-faits-divers-justice","14":"tag-fil-info","15":"tag-france-monde","16":"tag-news","17":"tag-united-states","18":"tag-united-states-of-america","19":"tag-us","20":"tag-usa"},"share_on_mastodon":{"url":"https:\/\/pubeurope.com\/@fr\/115103320154570683","error":""},"_links":{"self":[{"href":"https:\/\/www.europesays.com\/fr\/wp-json\/wp\/v2\/posts\/348720","targetHints":{"allow":["GET"]}}],"collection":[{"href":"https:\/\/www.europesays.com\/fr\/wp-json\/wp\/v2\/posts"}],"about":[{"href":"https:\/\/www.europesays.com\/fr\/wp-json\/wp\/v2\/types\/post"}],"author":[{"embeddable":true,"href":"https:\/\/www.europesays.com\/fr\/wp-json\/wp\/v2\/users\/2"}],"replies":[{"embeddable":true,"href":"https:\/\/www.europesays.com\/fr\/wp-json\/wp\/v2\/comments?post=348720"}],"version-history":[{"count":0,"href":"https:\/\/www.europesays.com\/fr\/wp-json\/wp\/v2\/posts\/348720\/revisions"}],"wp:featuredmedia":[{"embeddable":true,"href":"https:\/\/www.europesays.com\/fr\/wp-json\/wp\/v2\/media\/348721"}],"wp:attachment":[{"href":"https:\/\/www.europesays.com\/fr\/wp-json\/wp\/v2\/media?parent=348720"}],"wp:term":[{"taxonomy":"category","embeddable":true,"href":"https:\/\/www.europesays.com\/fr\/wp-json\/wp\/v2\/categories?post=348720"},{"taxonomy":"post_tag","embeddable":true,"href":"https:\/\/www.europesays.com\/fr\/wp-json\/wp\/v2\/tags?post=348720"}],"curies":[{"name":"wp","href":"https:\/\/api.w.org\/{rel}","templated":true}]}}