{"id":348722,"date":"2025-08-27T23:27:12","date_gmt":"2025-08-27T23:27:12","guid":{"rendered":"https:\/\/www.europesays.com\/fr\/348722\/"},"modified":"2025-08-27T23:27:12","modified_gmt":"2025-08-27T23:27:12","slug":"circonstance-specifique-veolia-au-royaume-uni","status":"publish","type":"post","link":"https:\/\/www.europesays.com\/fr\/348722\/","title":{"rendered":"Circonstance sp\u00e9cifique \u00ab\u00a0Veolia au Royaume-Uni\u00a0\u00bb"},"content":{"rendered":"<p>Le Point de contact national (PCN) fran\u00e7ais pour la mise en \u0153uvre des Principes directeurs de l\u2019OCDE \u00e0 l\u2019intention des entreprises multinationales a \u00e9t\u00e9 saisi le 14 f\u00e9vrier 2025 par le syndicat britannique Unite the Union. La circonstance sp\u00e9cifique concerne le manquement suppos\u00e9 de la multinationale fran\u00e7aise Veolia \u00e0 son devoir de diligence raisonnable sur les activit\u00e9s men\u00e9es par sa filiale britannique sur le site de Sheffield au Royaume-Uni. La saisine est fond\u00e9e sur des all\u00e9gations d\u2019atteintes aux directeurs de l\u2019OCDE en mati\u00e8re d\u2019Emploi et Relations industrielles (Chapitre V) et d\u2019Int\u00e9r\u00eats des consommateurs (Chapitre VIII).<\/p>\n<p><strong>Le plaignant ayant retir\u00e9 sa saisine au stade de l\u2019\u00e9valuation initiale et le PCN n\u2019ayant pas commenc\u00e9 \u00e0 traiter la circonstance sp\u00e9cifique sur le fond, le PCN cl\u00f4ture la saisine. <\/strong><\/p>\n","protected":false},"excerpt":{"rendered":"Le Point de contact national (PCN) fran\u00e7ais pour la mise en \u0153uvre des Principes directeurs de l\u2019OCDE \u00e0&hellip;\n","protected":false},"author":2,"featured_media":348723,"comment_status":"","ping_status":"","sticky":false,"template":"","format":"standard","meta":{"footnotes":""},"categories":[1588],"tags":[11,1777,674,12,473,1853,1851,1850,1852],"class_list":{"0":"post-348722","1":"post","2":"type-post","3":"status-publish","4":"format-standard","5":"has-post-thumbnail","7":"category-royaume-uni","8":"tag-actualites","9":"tag-eu","10":"tag-europe","11":"tag-news","12":"tag-royaume-uni","13":"tag-royaume-uni-de-grande-bretagne-et-dirlande-du-nord","14":"tag-uk","15":"tag-united-kingdom","16":"tag-united-kingdom-of-great-britain-and-northern-ireland"},"share_on_mastodon":{"url":"https:\/\/pubeurope.com\/@fr\/115103324388096028","error":""},"_links":{"self":[{"href":"https:\/\/www.europesays.com\/fr\/wp-json\/wp\/v2\/posts\/348722","targetHints":{"allow":["GET"]}}],"collection":[{"href":"https:\/\/www.europesays.com\/fr\/wp-json\/wp\/v2\/posts"}],"about":[{"href":"https:\/\/www.europesays.com\/fr\/wp-json\/wp\/v2\/types\/post"}],"author":[{"embeddable":true,"href":"https:\/\/www.europesays.com\/fr\/wp-json\/wp\/v2\/users\/2"}],"replies":[{"embeddable":true,"href":"https:\/\/www.europesays.com\/fr\/wp-json\/wp\/v2\/comments?post=348722"}],"version-history":[{"count":0,"href":"https:\/\/www.europesays.com\/fr\/wp-json\/wp\/v2\/posts\/348722\/revisions"}],"wp:featuredmedia":[{"embeddable":true,"href":"https:\/\/www.europesays.com\/fr\/wp-json\/wp\/v2\/media\/348723"}],"wp:attachment":[{"href":"https:\/\/www.europesays.com\/fr\/wp-json\/wp\/v2\/media?parent=348722"}],"wp:term":[{"taxonomy":"category","embeddable":true,"href":"https:\/\/www.europesays.com\/fr\/wp-json\/wp\/v2\/categories?post=348722"},{"taxonomy":"post_tag","embeddable":true,"href":"https:\/\/www.europesays.com\/fr\/wp-json\/wp\/v2\/tags?post=348722"}],"curies":[{"name":"wp","href":"https:\/\/api.w.org\/{rel}","templated":true}]}}