{"id":348724,"date":"2025-08-27T23:28:10","date_gmt":"2025-08-27T23:28:10","guid":{"rendered":"https:\/\/www.europesays.com\/fr\/348724\/"},"modified":"2025-08-27T23:28:10","modified_gmt":"2025-08-27T23:28:10","slug":"lallemagne-inaugure-la-future-plus-grande-usine-de-munitions-deurope-pour-rearmer-le-continent","status":"publish","type":"post","link":"https:\/\/www.europesays.com\/fr\/348724\/","title":{"rendered":"L&rsquo;Allemagne\u00a0inaugure la future plus grande usine de munitions d\u2019Europe pour r\u00e9armer le continent"},"content":{"rendered":"<p>Unterl\u00fcss, petit village du nord de l\u2019<a href=\"https:\/\/www.20minutes.fr\/dossier\/allemagne\" class=\"c-link c-link--is-underlined\" target=\"_blank\" rel=\"noopener\">Allemagne<\/a> pr\u00e8s de Hanovre, est d\u00e9sormais au c\u0153ur de la strat\u00e9gie de r\u00e9armement du continent. Mercredi, le conglom\u00e9rat allemand Rheinmetall y a inaugur\u00e9 la future plus grande usine de munitions d\u2019<a href=\"https:\/\/www.20minutes.fr\/dossier\/europe\" class=\"c-link c-link--is-underlined\" target=\"_blank\" rel=\"noopener\">Europe<\/a>, en pr\u00e9sence du secr\u00e9taire g\u00e9n\u00e9ral de l\u2019Otan, <a href=\"https:\/\/www.20minutes.fr\/monde\/mark-rutte\/\" class=\"c-link c-link--is-underlined\" target=\"_blank\" rel=\"noopener\">Mark Rutte<\/a>. Un symbole fort, alors que la guerre en Ukraine continue de pousser les pays europ\u00e9ens \u00e0 renforcer leurs arsenaux.<\/p>\n<p>\u00ab\u00a0C\u2019est tr\u00e8s important d\u2019\u00eatre ici, car l\u2019industrie de la d\u00e9fense en Allemagne, en Europe et en Am\u00e9rique du Nord compte plus que jamais\u00a0\u00bb, au moment o\u00f9 \u00ab\u00a0la Russie et la Chine d\u00e9veloppent rapidement et massivement leurs arm\u00e9es et leurs capacit\u00e9s, avec tr\u00e8s peu de transparence\u00a0\u00bb, a d\u00e9clar\u00e9 le patron de l\u2019Otan lors de la c\u00e9r\u00e9monie officielle.<\/p>\n<p>Une production massive au service de l\u2019arm\u00e9e<\/p>\n<p>Construite en seulement 15 mois, l\u2019usine doit livrer d\u00e8s cette ann\u00e9e ses premiers obus de 155\u00a0mm, capables de frapper jusqu\u2019\u00e0 40 kilom\u00e8tres. \u00c0 terme et d\u2019ici \u00e0\u00a02027, la production doit atteindre 350.000 unit\u00e9s par an, sur un site de la taille de cinq terrains de football.<\/p>\n<\/p>\n<p>L\u2019arm\u00e9e allemande a d\u00e9j\u00e0 pass\u00e9 une commande colossale de 8,5\u00a0milliards d\u2019euros en munitions, mais une partie de la production sera \u00e9galement destin\u00e9e \u00e0 l\u2019Ukraine.<\/p>\n<p>Un signal \u00ab\u00a0tr\u00e8s important\u00a0\u00bb pour les Ukrainiens<\/p>\n<p>Pour le vice-chancelier et ministre allemand des Finances, Lars Klingbeil, de retour de Kiev, ce site repr\u00e9sente surtout \u00ab\u00a0un signal tr\u00e8s important\u00a0\u00bb pour les Ukrainiens. Le <a href=\"https:\/\/www.20minutes.fr\/dossier\/ministre_de_la_defense\" class=\"c-link c-link--is-underlined\" target=\"_blank\" rel=\"noopener\">ministre de la D\u00e9fense<\/a> Boris Pistorius a insist\u00e9 sur la n\u00e9cessit\u00e9 pour l\u2019Allemagne d&rsquo;\u00ab\u00a0assumer davantage de responsabilit\u00e9s pour la s\u00e9curit\u00e9 en Europe\u00a0\u00bb.<\/p>\n<p>Mark Rutte, a quant \u00e0 lui, rappel\u00e9 que face au r\u00e9armement rapide de la <a href=\"https:\/\/www.20minutes.fr\/monde\/russie\/\" class=\"c-link c-link--is-underlined\" target=\"_blank\" rel=\"noopener\">Russie<\/a> et de la <a href=\"https:\/\/www.20minutes.fr\/dossier\/chine\" class=\"c-link c-link--is-underlined\" target=\"_blank\" rel=\"noopener\">Chine<\/a>, les alli\u00e9s occidentaux devaient relancer des lignes de production et acc\u00e9l\u00e9rer les d\u00e9lais de livraison. \u00ab\u00a0Nous devons donc red\u00e9marrer certaines de nos lignes de production \u00e0 l\u2019arr\u00eat, mettre au point des proc\u00e9d\u00e9s de fabrication plus rapides et acqu\u00e9rir les composants n\u00e9cessaires afin que, lorsque les commandes arriveront, elles puissent \u00eatre livr\u00e9es plus vite\u00a0\u00bb, a-t-il ajout\u00e9.<\/p>\n<p><a href=\"https:\/\/www.20minutes.fr\/monde\/ukraine\/\" class=\"c-link c-btn c-btn--primary\" target=\"_blank\" rel=\"noopener\">Notre dossier sur la guerre en Ukraine<\/a>Poids lourd de l\u2019armement europ\u00e9en<\/p>\n<p>D\u00e9j\u00e0 leader europ\u00e9en des munitions de chars et d\u2019artillerie, Rheinmetall a investi plus de 500\u00a0millions d\u2019euros dans ce site, qui cr\u00e9era 500 emplois. \u00c0 partir de l\u2019an prochain, des moteurs de fus\u00e9es y seront \u00e9galement produits, en partenariat avec l\u2019am\u00e9ricain Lockheed Martin.<\/p>\n<p>Cette inauguration s\u2019inscrit dans une trajectoire budg\u00e9taire ambitieuse\u00a0: l\u2019Allemagne pr\u00e9voit de consacrer 3,5\u00a0% de son PIB \u00e0 la d\u00e9fense en\u00a02029, soit plus du triple du niveau d\u2019avant-guerre. En parall\u00e8le, un projet de loi a \u00e9t\u00e9 pr\u00e9sent\u00e9 pour faciliter le recrutement dans l\u2019arm\u00e9e et instaurer un service militaire partiel si n\u00e9cessaire.<\/p>\n","protected":false},"excerpt":{"rendered":"Unterl\u00fcss, petit village du nord de l\u2019Allemagne pr\u00e8s de Hanovre, est d\u00e9sormais au c\u0153ur de la strat\u00e9gie de&hellip;\n","protected":false},"author":2,"featured_media":348725,"comment_status":"","ping_status":"","sticky":false,"template":"","format":"standard","meta":{"footnotes":""},"categories":[1587],"tags":[47,11,672,1804,1805,1803,1777,674,1801,131,2287,74,12,136,1802],"class_list":{"0":"post-348724","1":"post","2":"type-post","3":"status-publish","4":"format-standard","5":"has-post-thumbnail","7":"category-allemagne","8":"tag-actualite","9":"tag-actualites","10":"tag-allemagne","11":"tag-bundesrepublik-deutschland","12":"tag-de","13":"tag-deutschland","14":"tag-eu","15":"tag-europe","16":"tag-germany","17":"tag-guerre-en-ukraine","18":"tag-mark-rutte","19":"tag-monde","20":"tag-news","21":"tag-otan","22":"tag-republique-federale-dallemagne"},"share_on_mastodon":{"url":"https:\/\/pubeurope.com\/@fr\/115103328152939787","error":""},"_links":{"self":[{"href":"https:\/\/www.europesays.com\/fr\/wp-json\/wp\/v2\/posts\/348724","targetHints":{"allow":["GET"]}}],"collection":[{"href":"https:\/\/www.europesays.com\/fr\/wp-json\/wp\/v2\/posts"}],"about":[{"href":"https:\/\/www.europesays.com\/fr\/wp-json\/wp\/v2\/types\/post"}],"author":[{"embeddable":true,"href":"https:\/\/www.europesays.com\/fr\/wp-json\/wp\/v2\/users\/2"}],"replies":[{"embeddable":true,"href":"https:\/\/www.europesays.com\/fr\/wp-json\/wp\/v2\/comments?post=348724"}],"version-history":[{"count":0,"href":"https:\/\/www.europesays.com\/fr\/wp-json\/wp\/v2\/posts\/348724\/revisions"}],"wp:featuredmedia":[{"embeddable":true,"href":"https:\/\/www.europesays.com\/fr\/wp-json\/wp\/v2\/media\/348725"}],"wp:attachment":[{"href":"https:\/\/www.europesays.com\/fr\/wp-json\/wp\/v2\/media?parent=348724"}],"wp:term":[{"taxonomy":"category","embeddable":true,"href":"https:\/\/www.europesays.com\/fr\/wp-json\/wp\/v2\/categories?post=348724"},{"taxonomy":"post_tag","embeddable":true,"href":"https:\/\/www.europesays.com\/fr\/wp-json\/wp\/v2\/tags?post=348724"}],"curies":[{"name":"wp","href":"https:\/\/api.w.org\/{rel}","templated":true}]}}