{"id":348728,"date":"2025-08-27T23:30:12","date_gmt":"2025-08-27T23:30:12","guid":{"rendered":"https:\/\/www.europesays.com\/fr\/348728\/"},"modified":"2025-08-27T23:30:12","modified_gmt":"2025-08-27T23:30:12","slug":"psg-zaire-emery-est-un-cador-paris-a-eu-raison","status":"publish","type":"post","link":"https:\/\/www.europesays.com\/fr\/348728\/","title":{"rendered":"PSG : Za\u00efre-Emery est un cador, Paris a eu raison"},"content":{"rendered":"<p><strong>Malgr\u00e9 un exercice 2024\/2025 en dessous des attentes, Warren Za\u00efre-Emery garde la confiance de Luis Enrique. L\u2019international fran\u00e7ais est par ailleurs le troisi\u00e8me joueur de moins de 20 ans le plus performant en 2025 selon le CIES.<\/strong><\/p>\n<p>Warren Za\u00efre-Emery doit retrouver de la confiance cette saison. En premier lieu, le milieu de terrain du Paris Saint-Germain veut retrouver une place dans le onze de Luis Enrique. Mais dans un second temps, l\u2019international fran\u00e7ais veut retrouver du temps de jeu pour disputer la Coupe du monde 2026 en Am\u00e9rique du Nord avec les Bleus. Dans cette optique, le joueur s\u2019est exprim\u00e9 \u00e0 l\u2019issue de la victoire contre Angers sur les objectifs de sa saison. \u00ab\u00a0L\u2019objectif, c\u2019est de me remettre en confiance, de prendre du plaisir et d\u2019aller chercher ma place, l\u00e0 o\u00f9 j\u2019\u00e9tais il y a deux ans, l\u2019ann\u00e9e derni\u00e8re encore, c\u2019est l\u2019objectif. Je vais donner le meilleur de moi-m\u00eame et reprendre confiance en moi, c\u2019est ce que j\u2019ai \u00e0 faire,\u00a0\u00bb explique-t-il. Mais ce mercredi, le CIES Centre international d&rsquo;\u00e9tudes du sport) a publi\u00e9 un rapport sur les meilleurs joueurs de moins de 20 ans en 2025 et <a href=\"https:\/\/www.foot01.com\/equipe\/paris\/\" rel=\"nofollow noopener\" target=\"_blank\">Warren Za\u00efre-Emery<\/a> se classe sur le podium.<\/p>\n<p>Seul Yamal et Cubarsi devant lui<\/p>\n<blockquote class=\"twitter-tweet\"><p>&#13;<\/p>\n<p lang=\"fr\" dir=\"ltr\">\ud83d\udd34\ud83d\udd35\u2b50\ufe0f Warren Za\u00efre-Emery sur le podium des jeunes joueurs les plus performants en 2025, selon le CIES <a href=\"https:\/\/t.co\/PIBvRh3oMI\" rel=\"nofollow\">pic.twitter.com\/PIBvRh3oMI<\/a><\/p>\n<p>&#13;<br \/>\n\u2014 ParisSG INFOS (@Paris_sginfos) <a href=\"https:\/\/twitter.com\/Paris_sginfos\/status\/1960610990623424805?ref_src=twsrc%5Etfw\" rel=\"nofollow noopener\" target=\"_blank\">August 27, 2025<\/a><\/p><\/blockquote>\n<p>Le milieu de terrain du Paris Saint-Germain se classe \u00e0 la troisi\u00e8me position de ce classement. Seuls Lamine Yamal et Pau Cubarsi le devancent. Les deux joueurs du FC Barcelone ont \u00e9galement b\u00e9n\u00e9fici\u00e9 de beaucoup de temps de jeu la saison pass\u00e9e. De son c\u00f4t\u00e9, le Fran\u00e7ais est devant le nouveau joueur de Chelsea Estevao et le n\u00e9o madril\u00e8ne Franco Mastantuono. C\u00f4t\u00e9 club fran\u00e7ais, Mamadou Sarr (Strasbourg) se classe \u00e0 la 13e position et Senny Mayulu (PSG) est quant \u00e0 lui 26e. Un classement qui redonnera de la confiance \u00e0 Warren Za\u00efre-Emery pour tenter de retrouver son plein potentiel cette saison. Le joueur a de grandes chances de figurer dans la liste de Didier Deschamps pour les rencontres de ce mois de septembre avec les Bleus selon RMC.<\/p>\n<p>          <script async src=\"https:\/\/platform.twitter.com\/widgets.js\" charset=\"utf-8\"><\/script><\/p>\n","protected":false},"excerpt":{"rendered":"Malgr\u00e9 un exercice 2024\/2025 en dessous des attentes, Warren Za\u00efre-Emery garde la confiance de Luis Enrique. L\u2019international fran\u00e7ais&hellip;\n","protected":false},"author":2,"featured_media":348729,"comment_status":"","ping_status":"","sticky":false,"template":"","format":"standard","meta":{"footnotes":""},"categories":[1586],"tags":[11,1777,674,1779,1011,27,12,25,1778,364],"class_list":{"0":"post-348728","1":"post","2":"type-post","3":"status-publish","4":"format-standard","5":"has-post-thumbnail","7":"category-europe","8":"tag-actualites","9":"tag-eu","10":"tag-europe","11":"tag-european-union","12":"tag-fr","13":"tag-france","14":"tag-news","15":"tag-republique-francaise","16":"tag-ue","17":"tag-union-europeenne"},"share_on_mastodon":{"url":"https:\/\/pubeurope.com\/@fr\/115103335979566332","error":""},"_links":{"self":[{"href":"https:\/\/www.europesays.com\/fr\/wp-json\/wp\/v2\/posts\/348728","targetHints":{"allow":["GET"]}}],"collection":[{"href":"https:\/\/www.europesays.com\/fr\/wp-json\/wp\/v2\/posts"}],"about":[{"href":"https:\/\/www.europesays.com\/fr\/wp-json\/wp\/v2\/types\/post"}],"author":[{"embeddable":true,"href":"https:\/\/www.europesays.com\/fr\/wp-json\/wp\/v2\/users\/2"}],"replies":[{"embeddable":true,"href":"https:\/\/www.europesays.com\/fr\/wp-json\/wp\/v2\/comments?post=348728"}],"version-history":[{"count":0,"href":"https:\/\/www.europesays.com\/fr\/wp-json\/wp\/v2\/posts\/348728\/revisions"}],"wp:featuredmedia":[{"embeddable":true,"href":"https:\/\/www.europesays.com\/fr\/wp-json\/wp\/v2\/media\/348729"}],"wp:attachment":[{"href":"https:\/\/www.europesays.com\/fr\/wp-json\/wp\/v2\/media?parent=348728"}],"wp:term":[{"taxonomy":"category","embeddable":true,"href":"https:\/\/www.europesays.com\/fr\/wp-json\/wp\/v2\/categories?post=348728"},{"taxonomy":"post_tag","embeddable":true,"href":"https:\/\/www.europesays.com\/fr\/wp-json\/wp\/v2\/tags?post=348728"}],"curies":[{"name":"wp","href":"https:\/\/api.w.org\/{rel}","templated":true}]}}