{"id":348732,"date":"2025-08-27T23:32:12","date_gmt":"2025-08-27T23:32:12","guid":{"rendered":"https:\/\/www.europesays.com\/fr\/348732\/"},"modified":"2025-08-27T23:32:12","modified_gmt":"2025-08-27T23:32:12","slug":"lentraineur-des-feminines-de-lom-mis-a-pied-france-olympique-de-marseille","status":"publish","type":"post","link":"https:\/\/www.europesays.com\/fr\/348732\/","title":{"rendered":"L\u2019entra\u00eeneur des f\u00e9minines de l\u2019OM mis \u00e0 pied &#8211; France &#8211; Olympique de Marseille"},"content":{"rendered":"<p><a target=\"_blank\" href=\"https:\/\/www.larousse.fr\/dictionnaires\/francais\/froidement\/35355\" rel=\"nofollow noopener\"><strong>Froidement :<\/strong><\/a> adverbe,\u00a0Avec une compl\u00e8te insensibilit\u00e9.<\/p>\n<p>\u00ab\u202fL\u2019Olympique de Marseille annonce <strong>la mise \u00e0 pied de Fr\u00e9d\u00e9ric Gon\u00e7alves<\/strong>, entra\u00eeneur principal de l\u2019\u00e9quipe professionnelle f\u00e9minine. Dalin Anrifani, entra\u00eeneur adjoint, assurera l\u2019int\u00e9rim sur le banc de l\u2019\u00e9quipe professionnelle f\u00e9minine afin de garantir la continuit\u00e9 sportive.\u202f\u00bb\u00a0Voici, non pas en r\u00e9sum\u00e9, <strong>mais bien en int\u00e9gralit\u00e9, <\/strong>le communiqu\u00e9 <a target=\"_blank\" href=\"https:\/\/www.om.fr\/fr\/actualites\/4805\/feminine\/100816-communique-officiel\" rel=\"nofollow noopener\">publi\u00e9 ce mercredi soir<\/a> par l\u2019Olympique de Marseille.<\/p>\n<p>La saison de Premi\u00e8re Ligue n\u2019a m\u00eame pas encore d\u00e9marr\u00e9 que le navire des Olympiennes, tout juste promues dans l\u2019\u00e9lite, est d\u00e9j\u00e0 s\u00e9v\u00e8rement en train de tanguer. Sans entra\u00eeneur principal, ce d\u00e9placement sur la pelouse de l\u2019OL Lyonnes (dimanche 7 septembre \u00e0 17h30) risque d\u2019\u00eatre encore plus p\u00e9rilleux qu\u2019il n\u2019y para\u00eet d\u00e9j\u00e0.<\/p>\n<p>Mais selon nos informations, la d\u00e9cision qui touche Fr\u00e9d\u00e9ric Gon\u00e7alves, sur le banc de l\u2019OM depuis 2024, <strong>est prise \u00e0 titre conservatoire<\/strong> et fait suite \u00e0 des \u00e9v\u00e9nements survenus mercredi dernier lors du match amical disput\u00e9 face au CE Europa (victoire 1-2). Une bagarre \u00e9tait survenue \u00e0 la fin de la rencontre, l<strong>e coach olympien aurait alors eu un comportement inappropri\u00e9<\/strong>. Il avait par ailleurs \u00e9t\u00e9 expuls\u00e9 \u00e0 la demi-heure de jeu. Le club se laisserait <strong>le temps de r\u00e9fl\u00e9chir \u00e0 la suite \u00e0 donner<\/strong> \u00e0 cette mise \u00e0 pied.<\/p>\n<p>D\u00e9j\u00e0 que <a target=\"_blank\" href=\"https:\/\/www.sofoot.com\/breves\/lom-calme-les-polemiques-concernant-son-equipe-feminine\" rel=\"nofollow noopener\">Maria Thorisdottir semble sur le point de mettre les voiles<\/a>, pas s\u00fbr qu\u2019elle soit tr\u00e8s sereine, cette fin de mercato marseillaise.<\/p>\n<p>\t\t\t\t\t\t\t\t\t\t<a class=\"lien-connexe\" href=\"https:\/\/www.sofoot.com\/breves\/mercato-promu-en-premiere-ligue-lom-soffre-linternationale-francaise-mathilde-bourdieu-paris-fc\" rel=\"nofollow noopener\" target=\"_blank\">L\u2019OM a trouv\u00e9 sa Grantatakante<\/a>\t\t\t\t\t<\/p>\n","protected":false},"excerpt":{"rendered":"Froidement : adverbe,\u00a0Avec une compl\u00e8te insensibilit\u00e9. \u00ab\u202fL\u2019Olympique de Marseille annonce la mise \u00e0 pied de Fr\u00e9d\u00e9ric Gon\u00e7alves, entra\u00eeneur&hellip;\n","protected":false},"author":2,"featured_media":348733,"comment_status":"","ping_status":"","sticky":false,"template":"","format":"standard","meta":{"footnotes":""},"categories":[2],"tags":[47,11,61,69,65,64,63,1011,27,68,66,12,62,70,25,67],"class_list":{"0":"post-348732","1":"post","2":"type-post","3":"status-publish","4":"format-standard","5":"has-post-thumbnail","7":"category-actualites","8":"tag-actualite","9":"tag-actualites","10":"tag-actus-football","11":"tag-bundesliga","12":"tag-championnats-europeens","13":"tag-equipe-de-france","14":"tag-football","15":"tag-fr","16":"tag-france","17":"tag-ligua","18":"tag-ligue-1","19":"tag-news","20":"tag-news-foot","21":"tag-premier-league","22":"tag-republique-francaise","23":"tag-serie-a"},"share_on_mastodon":{"url":"https:\/\/pubeurope.com\/@fr\/115103343850318296","error":""},"_links":{"self":[{"href":"https:\/\/www.europesays.com\/fr\/wp-json\/wp\/v2\/posts\/348732","targetHints":{"allow":["GET"]}}],"collection":[{"href":"https:\/\/www.europesays.com\/fr\/wp-json\/wp\/v2\/posts"}],"about":[{"href":"https:\/\/www.europesays.com\/fr\/wp-json\/wp\/v2\/types\/post"}],"author":[{"embeddable":true,"href":"https:\/\/www.europesays.com\/fr\/wp-json\/wp\/v2\/users\/2"}],"replies":[{"embeddable":true,"href":"https:\/\/www.europesays.com\/fr\/wp-json\/wp\/v2\/comments?post=348732"}],"version-history":[{"count":0,"href":"https:\/\/www.europesays.com\/fr\/wp-json\/wp\/v2\/posts\/348732\/revisions"}],"wp:featuredmedia":[{"embeddable":true,"href":"https:\/\/www.europesays.com\/fr\/wp-json\/wp\/v2\/media\/348733"}],"wp:attachment":[{"href":"https:\/\/www.europesays.com\/fr\/wp-json\/wp\/v2\/media?parent=348732"}],"wp:term":[{"taxonomy":"category","embeddable":true,"href":"https:\/\/www.europesays.com\/fr\/wp-json\/wp\/v2\/categories?post=348732"},{"taxonomy":"post_tag","embeddable":true,"href":"https:\/\/www.europesays.com\/fr\/wp-json\/wp\/v2\/tags?post=348732"}],"curies":[{"name":"wp","href":"https:\/\/api.w.org\/{rel}","templated":true}]}}