{"id":348734,"date":"2025-08-27T23:33:11","date_gmt":"2025-08-27T23:33:11","guid":{"rendered":"https:\/\/www.europesays.com\/fr\/348734\/"},"modified":"2025-08-27T23:33:11","modified_gmt":"2025-08-27T23:33:11","slug":"france-une-epidemie-de-botulisme-decime-les-oiseaux-en-loire-atlantique","status":"publish","type":"post","link":"https:\/\/www.europesays.com\/fr\/348734\/","title":{"rendered":"France: une \u00e9pid\u00e9mie de botulisme d\u00e9cime les oiseaux en Loire-Atlantique"},"content":{"rendered":"<p>\n                                                Depuis le d\u00e9but de l&rsquo;\u00e9t\u00e9, une s\u00e9v\u00e8re \u00e9pid\u00e9mie de botulisme touche les oiseaux du d\u00e9partement de la Loire-Atlantique, dans l&rsquo;ouest de la France. Le botulisme est une maladie paralysante grave qui prolif\u00e8re dans la vase et les eaux peu profondes, contaminant les oiseaux qui viennent s&rsquo;y nourrir. Dop\u00e9e par les fortes chaleurs, la bact\u00e9rie responsable de la maladie a caus\u00e9 la mort de plus de 8\u00a0000 volatiles dans ce d\u00e9partement. Avec ses centaines d&rsquo;hectares de surface et sa profondeur moyenne de 1,60m en \u00e9t\u00e9, le lac de Grand-Lieu est devenu un \u00e9picentre de la contagion.                    <\/p>\n<p>Sur le lac de Grand-Lieu, r\u00e8gne un calme inhabituel. D&rsquo;habitude on y entend les cris des canards, des aigrettes et autres h\u00e9rons. Aujourd&rsquo;hui, ils sont remplac\u00e9s par le bruit de pas des chasseurs dans l&rsquo;eau.\u00a0Ils ne sont pas venus profiter de l&rsquo;ouverture de la chasse, et pour cause : ils\u00a0viennent ramasser les cadavres des oiseaux morts du botulisme qui jonchent les rives.\u00a0\u00a0<\/p>\n<p>Christophe Sorin travaille \u00e0 la f\u00e9d\u00e9ration de chasse de Loire-Atlantique, qui g\u00e8re une partie du lac. Il donne les instructions \u00e0 Riwan et \u00e0 son fils L\u00e9o, venu lui donner un coup de main\u00a0:\u00a0\u00ab\u00a0On prend des r\u00e2teaux. On met jamais la main dessus, on reste toujours \u00e0 un m\u00e8tre du cadavre. Avec un sac poubelle, il n&rsquo;y a pas de contact.\u00a0\u00bb<\/p>\n<p>Leur objectif\u00a0: ramasser les oiseaux morts au plus vite pour \u00e9viter la propagation de la maladie.\u00a0\u00ab\u00a0Si le canard a consomm\u00e9 des spores botuliques, il meurt au bout de cinq, six jours. Les mouches viennent pondre dessus. Trois jours apr\u00e8s, il y a des asticots. Un asticot concentre cent fois la toxine botulique. Un autre oiseau qui vient manger deux asticots est mort dans les minutes qui suivent. Apr\u00e8s, c&rsquo;est exponentiel\u00a0\u00bb, explique Christophe Sorin.\u00a0<\/p>\n<p class=\"a-read-more\">\u00c0 lire aussi<a href=\"https:\/\/www.rfi.fr\/fr\/afrique\/20250725-madagascar-les-autorit\u00e9s-sous-pression-apr\u00e8s-la-s\u00e9rie-d-intoxications-alimentaires-mortelles\" target=\"_self\" class=\"a-read-more__link\" rel=\"noopener\">Madagascar: les autorit\u00e9s sous pression apr\u00e8s la s\u00e9rie d&rsquo;intoxications alimentaires mortelles<\/a><\/p>\n<p>Cette ann\u00e9e, les fortes temp\u00e9ratures ont fait exploser l&rsquo;\u00e9pid\u00e9mie : 8\u00a0000 oiseaux sont morts dans le d\u00e9partement, dont 4\u00a0000 sur le seul lac de Grand-Lieu. M\u00eame si le pic est pass\u00e9, une dizaine de cadavres sont ramass\u00e9s aujourd&rsquo;hui. Tous n&rsquo;ont cependant pas encore succomb\u00e9. Quelques go\u00e9lands et un cygne sont rep\u00each\u00e9s, mal en point mais bel et bien vivants.\u00a0<\/p>\n<p>Direction le centre de soins \u00e0 quelques kilom\u00e8tres de l\u00e0. Laetitia Jochaud en est la gestionnaire\u00a0:\u00a0\u00ab\u00a0L\u00e0, depuis le 1er juillet, on a r\u00e9cup\u00e9r\u00e9 300 animaux. Sur les 300, il y a 100 oiseaux qui arrivent du lac de Grand-Lieu, justement suite \u00e0 la crise du botulisme.\u00a0\u00bb\u00a0<\/p>\n<p>Il faut aller vite\u00a0: pendant le trajet, plusieurs go\u00e9lands ont succomb\u00e9. Christophe d\u00e9charge le cygne qui est encore vivant\u00a0: \u00ab\u00a0C&rsquo;est la premi\u00e8re fois qu&rsquo;on en a un\u00a0\u00bb, pr\u00e9cise\u00a0Laetitia Jochaud. Il est plac\u00e9 dans une zone de quarantaine avec les autres volatiles atteints du botulisme. Il faut y chuchoter, pour ne pas d\u00e9ranger les convalescents.\u00a0\u00a0<\/p>\n<p>\u00ab\u00a0Quand les animaux arrivent, on le sonder. Ils sont install\u00e9s au chaud, dans un carton bien matelass\u00e9, et on va les sonder. C&rsquo;est-\u00e0-dire les gaver, les forcer \u00e0 manger quatre fois par jour. En fait, on nourrit, on hydrate, on nourrit, on hydrate\u00a0\u00bb, raconte la gestionnaire du centre de soins.<\/p>\n<p>Avec ces soins, les oiseaux ont seulement une chance sur deux de s&rsquo;en tirer. Une cinquantaine de pensionnaires ont malgr\u00e9 tout \u00e9t\u00e9 sauv\u00e9s depuis le d\u00e9but de l&rsquo;\u00e9t\u00e9.\u00a0\u00c0 l&rsquo;avenir, de nouvelles \u00e9pid\u00e9mies sont \u00e0 redouter\u00a0:\u00a0<a href=\"https:\/\/www.rfi.fr\/fr\/tag\/changement-climatique\/\" target=\"_self\" rel=\"noopener\"><strong>le changement climatique<\/strong><\/a><strong>\u00a0<\/strong>favorise le r\u00e9chauffement de l&rsquo;eau du lac, et donc la prolif\u00e9ration de la bact\u00e9rie responsable du botulisme.<\/p>\n<p class=\"a-read-more\">\u00c0 lire aussi<a href=\"https:\/\/www.rfi.fr\/fr\/emission\/20190204-peste-porcine-africaine-frontiere-france-belgique-sangliers\" target=\"_self\" class=\"a-read-more__link\" rel=\"noopener\">Peste porcine africaine: cauchemar \u00e0 la fronti\u00e8re franco-belge<\/a><\/p>\n","protected":false},"excerpt":{"rendered":"Depuis le d\u00e9but de l&rsquo;\u00e9t\u00e9, une s\u00e9v\u00e8re \u00e9pid\u00e9mie de botulisme touche les oiseaux du d\u00e9partement de la Loire-Atlantique,&hellip;\n","protected":false},"author":2,"featured_media":348735,"comment_status":"","ping_status":"","sticky":false,"template":"","format":"standard","meta":{"footnotes":""},"categories":[4],"tags":[11,5154,1011,27,12,5920,25,48510],"class_list":{"0":"post-348734","1":"post","2":"type-post","3":"status-publish","4":"format-standard","5":"has-post-thumbnail","7":"category-france","8":"tag-actualites","9":"tag-faune","10":"tag-fr","11":"tag-france","12":"tag-news","13":"tag-reportage-france","14":"tag-republique-francaise","15":"tag-sante-animale"},"share_on_mastodon":{"url":"https:\/\/pubeurope.com\/@fr\/115103347710128918","error":""},"_links":{"self":[{"href":"https:\/\/www.europesays.com\/fr\/wp-json\/wp\/v2\/posts\/348734","targetHints":{"allow":["GET"]}}],"collection":[{"href":"https:\/\/www.europesays.com\/fr\/wp-json\/wp\/v2\/posts"}],"about":[{"href":"https:\/\/www.europesays.com\/fr\/wp-json\/wp\/v2\/types\/post"}],"author":[{"embeddable":true,"href":"https:\/\/www.europesays.com\/fr\/wp-json\/wp\/v2\/users\/2"}],"replies":[{"embeddable":true,"href":"https:\/\/www.europesays.com\/fr\/wp-json\/wp\/v2\/comments?post=348734"}],"version-history":[{"count":0,"href":"https:\/\/www.europesays.com\/fr\/wp-json\/wp\/v2\/posts\/348734\/revisions"}],"wp:featuredmedia":[{"embeddable":true,"href":"https:\/\/www.europesays.com\/fr\/wp-json\/wp\/v2\/media\/348735"}],"wp:attachment":[{"href":"https:\/\/www.europesays.com\/fr\/wp-json\/wp\/v2\/media?parent=348734"}],"wp:term":[{"taxonomy":"category","embeddable":true,"href":"https:\/\/www.europesays.com\/fr\/wp-json\/wp\/v2\/categories?post=348734"},{"taxonomy":"post_tag","embeddable":true,"href":"https:\/\/www.europesays.com\/fr\/wp-json\/wp\/v2\/tags?post=348734"}],"curies":[{"name":"wp","href":"https:\/\/api.w.org\/{rel}","templated":true}]}}