{"id":348736,"date":"2025-08-27T23:36:16","date_gmt":"2025-08-27T23:36:16","guid":{"rendered":"https:\/\/www.europesays.com\/fr\/348736\/"},"modified":"2025-08-27T23:36:16","modified_gmt":"2025-08-27T23:36:16","slug":"super-league-connor-wrench-raccroche-les-crampons-a-seulement-23-ans-rugby-a-xiii","status":"publish","type":"post","link":"https:\/\/www.europesays.com\/fr\/348736\/","title":{"rendered":"Super League &#8211; Connor Wrench raccroche les crampons \u00e0 seulement 23 ans &#8211; Rugby \u00e0 XIII"},"content":{"rendered":"<p style=\"text-align: justify;\"><strong>Le centre des Warrington Wolves, Connor Wrench, a pris la d\u00e9cision de stopper sa carri\u00e8re professionnelle avec effet imm\u00e9diat.<\/strong><\/p>\n<p style=\"text-align: justify;\">Issu du centre de formation des Wolves, il avait d\u00e9but\u00e9 en Super League en 2020 contre les Salford Red Devils. Avec 51 apparitions en cinq saisons, il aura scor\u00e9 \u00e0 19 reprises avec son \u00e9quipe. La carri\u00e8re de Connor Wrench a malheureusement \u00e9t\u00e9 souvent perturb\u00e9e par des blessures, notamment deux ruptures des ligaments crois\u00e9s ant\u00e9rieurs en 2022 et 2024.<\/p>\n<p style=\"text-align: justify;\">Dimanche dernier face \u00e0 Huddersfield, pour son dernier match sous les couleurs de Warrington, il aura conclu sa courte carri\u00e8re par un nouvel essai. Celui qui va d\u00e9sormais se tourner vers un autre avenir professionnel, a d\u00e9clar\u00e9 :<\/p>\n<blockquote>\n<p style=\"text-align: justify;\">Cela n\u2019a pas \u00e9t\u00e9 une d\u00e9cision facile, et c\u2019est quelque chose \u00e0 laquelle je r\u00e9fl\u00e9chissais depuis un moment, mais je sens que c\u2019est la bonne \u00e9tape \u00e0 franchir. Je ne peux pas assez remercier tout le monde au club pour le r\u00f4le qu\u2019ils ont jou\u00e9 dans mon parcours. Repr\u00e9senter mon club de c\u0153ur a eu une signification \u00e9norme pour moi, et je tiens \u00e0 remercier tous mes co\u00e9quipiers, les entra\u00eeneurs, le personnel et bien s\u00fbr les supporters pour tout leur soutien au fil des ann\u00e9es. Le soutien re\u00e7u durant mes blessures est quelque chose que je n\u2019oublierai jamais. Je suis impatient de relever un nouveau d\u00e9fi et souhaite beaucoup de succ\u00e8s au club pour l\u2019avenir.<\/p>\n<\/blockquote>\n<blockquote class=\"instagram-media\" data-instgrm-captioned=\"\" data-instgrm-permalink=\"https:\/\/www.instagram.com\/p\/DN09eGs0oBK\/?utm_source=ig_embed&amp;utm_campaign=loading\" data-instgrm-version=\"14\" style=\" background:#FFF; border:0; border-radius:3px; box-shadow:0 0 1px 0 rgba(0,0,0,0.5),0 1px 10px 0 rgba(0,0,0,0.15); margin: 1px; max-width:500px; min-width:326px; padding:0; width:99.375%; width:-webkit-calc(100% - 2px); width:calc(100% - 2px);\">\n<\/blockquote>\n<p>        <script async src=\"\/\/www.instagram.com\/embed.js\"><\/script><\/p>\n","protected":false},"excerpt":{"rendered":"Le centre des Warrington Wolves, Connor Wrench, a pris la d\u00e9cision de stopper sa carri\u00e8re professionnelle avec effet&hellip;\n","protected":false},"author":2,"featured_media":348737,"comment_status":"","ping_status":"","sticky":false,"template":"","format":"standard","meta":{"footnotes":""},"categories":[1416],"tags":[48511,1011,27,137,479,2228,1468,2229,60,4474,29045],"class_list":{"0":"post-348736","1":"post","2":"type-post","3":"status-publish","4":"format-standard","5":"has-post-thumbnail","7":"category-rugby","8":"tag-connor-wrench","9":"tag-fr","10":"tag-france","11":"tag-retraite","12":"tag-rugby","13":"tag-rugby-a-xiii","14":"tag-rugby-football","15":"tag-rugby-league","16":"tag-sports","17":"tag-super-league","18":"tag-warrington-wolves"},"share_on_mastodon":{"url":"https:\/\/pubeurope.com\/@fr\/115103359561848120","error":""},"_links":{"self":[{"href":"https:\/\/www.europesays.com\/fr\/wp-json\/wp\/v2\/posts\/348736","targetHints":{"allow":["GET"]}}],"collection":[{"href":"https:\/\/www.europesays.com\/fr\/wp-json\/wp\/v2\/posts"}],"about":[{"href":"https:\/\/www.europesays.com\/fr\/wp-json\/wp\/v2\/types\/post"}],"author":[{"embeddable":true,"href":"https:\/\/www.europesays.com\/fr\/wp-json\/wp\/v2\/users\/2"}],"replies":[{"embeddable":true,"href":"https:\/\/www.europesays.com\/fr\/wp-json\/wp\/v2\/comments?post=348736"}],"version-history":[{"count":0,"href":"https:\/\/www.europesays.com\/fr\/wp-json\/wp\/v2\/posts\/348736\/revisions"}],"wp:featuredmedia":[{"embeddable":true,"href":"https:\/\/www.europesays.com\/fr\/wp-json\/wp\/v2\/media\/348737"}],"wp:attachment":[{"href":"https:\/\/www.europesays.com\/fr\/wp-json\/wp\/v2\/media?parent=348736"}],"wp:term":[{"taxonomy":"category","embeddable":true,"href":"https:\/\/www.europesays.com\/fr\/wp-json\/wp\/v2\/categories?post=348736"},{"taxonomy":"post_tag","embeddable":true,"href":"https:\/\/www.europesays.com\/fr\/wp-json\/wp\/v2\/tags?post=348736"}],"curies":[{"name":"wp","href":"https:\/\/api.w.org\/{rel}","templated":true}]}}