{"id":348740,"date":"2025-08-27T23:39:12","date_gmt":"2025-08-27T23:39:12","guid":{"rendered":"https:\/\/www.europesays.com\/fr\/348740\/"},"modified":"2025-08-27T23:39:12","modified_gmt":"2025-08-27T23:39:12","slug":"yamaha-annonce-un-premier-grand-prix-pour-son-v4-des-misano","status":"publish","type":"post","link":"https:\/\/www.europesays.com\/fr\/348740\/","title":{"rendered":"Yamaha annonce un premier Grand Prix pour son V4 d\u00e8s Misano"},"content":{"rendered":"<p>Le d\u00e9veloppement du moteur V4 de Yamaha s&rsquo;acc\u00e9l\u00e8re et s&rsquo;appr\u00eate \u00e0 passer un cap important dans moins de trois semaines. Paolo Pavesio, directeur ex\u00e9cutif de Yamaha Motor Racing, r\u00e9v\u00e8le en effet que la marque a pour intention d&rsquo;inscrire <a href=\"https:\/\/fr.motorsport.com\/driver\/augusto-fernandez\/452210\/\" target=\"_blank\" rel=\"noopener\">Augusto Fern\u00e1ndez<\/a> en tant que wild-card au Grand Prix de Saint-Marin et de l&rsquo;engager avec une M1 \u00e9quip\u00e9e de ce tout nouveau moteur en phase active de d\u00e9veloppement.<\/p>\n<p>\u00ab\u00a0J&rsquo;ai une nouvelle importante \u00e0 partager\u00a0\u00bb, d\u00e9clare le responsable dans l&rsquo;habituel d\u00e9brief qu&rsquo;il publie sur les r\u00e9seaux sociaux au lendemain des courses. \u00ab\u00a0Pour Misano, nous avons pour objectif de voir Augusto Fern\u00e1ndez courir pour la toute premi\u00e8re fois au guidon de notre nouveau prototype de M1 avec le moteur V4.\u00a0\u00bb<\/p>\n<p>\u00a0<\/p>\n<p>\u00ab\u00a0Il s&rsquo;agit d&rsquo;un signe concret de notre implication pour l&rsquo;avenir. Nous continuons \u00e0 pousser fort avec la d\u00e9termination de tirer le meilleur de chaque week-end de course\u00a0\u00bb, ajoute Paolo Pavesio apr\u00e8s ce qui a tout l&rsquo;air d&rsquo;\u00eatre une r\u00e9action directe aux critiques exprim\u00e9es par <a href=\"https:\/\/fr.motorsport.com\/driver\/fabio-quartararo\/109400\/\" target=\"_blank\" rel=\"noopener\">Fabio Quartararo<\/a> au terme de la course hongroise.\u00a0Le Fran\u00e7ais a ouvertement d\u00e9plor\u00e9 une situation qui s&rsquo;enlise avec sa moto actuelle, et soulign\u00e9 son espoir que les efforts des ing\u00e9nieurs soient ax\u00e9s sur la pr\u00e9paration de ce V4 qui centralise tous les fantasmes.<\/p>\n<p>\u00ab\u00a0J&rsquo;esp\u00e8re que s&rsquo;ils se concentrent sur quelque chose, il n&rsquo;y en a qu&rsquo;une\u00a0\u00bb, a ainsi d\u00e9clar\u00e9 Quartararo en \u00e9voquant les nouveaut\u00e9s, trop rares \u00e0 ses yeux. \u00ab\u00a0C&rsquo;est d\u00e9j\u00e0 difficile de bien faire une chose, alors s&rsquo;ils commencent \u00e0 en faire deux \u00e0 la fois, je pense que c&rsquo;est la meilleure mani\u00e8re de se tromper compl\u00e8tement. Donc j&rsquo;esp\u00e8re qu&rsquo;ils sont totalement concentr\u00e9s sur le V4, parce qu&rsquo;on n&rsquo;a rien de nouveau qui arrive.\u00a0\u00bb<\/p>\n<p>Lire aussi :<\/p>\n<p>Depuis plusieurs mois maintenant, Quartararo est tr\u00e8s clair quant \u00e0 l&rsquo;importance qu&rsquo;il accorde \u00e0 l&rsquo;arriv\u00e9e d&rsquo;\u00e9volutions substantielles chez Yamaha, capables de lui donner les moyens de retrouver les sommets d\u00e8s la saison prochaine. L&rsquo;\u00e9ch\u00e9ance de Misano a d\u00e9j\u00e0 \u00e9t\u00e9 \u00e9voqu\u00e9e \u00e0 plusieurs reprises, mais uniquement dans le but d&rsquo;offrir aux pilotes titulaires une premi\u00e8re opportunit\u00e9 de d\u00e9couvrir ce nouveau moteur lors du test qui fera suite au Grand Prix et qui marque traditionnellement une \u00e9tape importante pour commencer \u00e0 pr\u00e9parer les motos de l&rsquo;ann\u00e9e suivante.<\/p>\n<p>Malgr\u00e9 une impatience de plus en plus palpable de sa part, ni le champion du monde 2021 ni les autres titulaires du groupe Yamaha n&rsquo;ont pour le moment pu exp\u00e9rimenter cette toute nouvelle pi\u00e8ce, Yamaha ayant logiquement pr\u00e9f\u00e9r\u00e9 affiner sa fiabilit\u00e9 avant de se pencher sur le gain de performance. Ce sont les pilotes essayeurs Augusto Fern\u00e1ndez et <a href=\"https:\/\/fr.motorsport.com\/driver\/andrea-dovizioso\/80190\/\" target=\"_blank\" rel=\"noopener\">Andrea Dovizioso<\/a> qui se sont charg\u00e9s du travail en piste, avec l&rsquo;espoir exprim\u00e9 par Yamaha de pouvoir engager ce moteur en course avant la fin de la saison afin de le soumettre \u00e0 un test grandeur nature avant, si tout se passe bien, d&rsquo;en faire la base de la moto de 2026.<\/p>\n<p>Ces d\u00e9buts en course du V4 de Yamaha interviendront donc d\u00e8s Misano, du 12 au 14 septembre, Grand Prix qui sera imm\u00e9diatement suivi par le dernier test post-course de l&rsquo;ann\u00e9e puis le d\u00e9part vers l&rsquo;Asie et l&rsquo;\u00e9preuve \u00e0 domicile de la marque japonaise. Avec cette premi\u00e8re course venant \u00e0 pr\u00e9sent enrichir la mise en place de ce qui est un changement proprement r\u00e9volutionnaire pour le seul constructeur rest\u00e9 fid\u00e8le jusqu&rsquo;ici \u00e0 l&rsquo;architecture moteur des cylindres en ligne, Iwata peut esp\u00e9rer calmer l&rsquo;agacement de son champion \u00e0 l&rsquo;heure o\u00f9 les grandes r\u00e9flexions s&rsquo;activent d\u00e9j\u00e0 pour les contrats 2027.<\/p>\n<p>Cette annonce intervient en tout cas apr\u00e8s un week-end tr\u00e8s compliqu\u00e9 pour le camp japonais.\u00a0\u00ab\u00a0Nous sommes venus au Balaton Park en recherchant la r\u00e9demption, mais le week-end s&rsquo;est r\u00e9v\u00e9l\u00e9 \u00eatre encore tr\u00e8s compliqu\u00e9\u00a0\u00bb, admet Paolo Pavesio, \u00ab\u00a0m\u00eame si nous ne devons pas ignorer certains signes positifs. La qualification de Fabio a \u00e9t\u00e9 solide, il a obtenu une solide deuxi\u00e8me ligne. Malheureusement, le d\u00e9part de samedi a compromis non seulement le sprint, mais aussi la course. Sa dixi\u00e8me place finale de dimanche a \u00e9t\u00e9 affect\u00e9e par la p\u00e9nalit\u00e9 long-lap, n\u00e9anmoins le rythme de Fabio apr\u00e8s-coup a \u00e9t\u00e9 constamment proche du potentiel d&rsquo;un top 5.\u00a0\u00bb<\/p>\n<p>\u00ab\u00a0Les r\u00e9sultats restent ce qui compte, et ce week-end a \u00e9t\u00e9 en de\u00e7\u00e0 de nos attentes. Dans le m\u00eame temps, si nous regardons la saison dans son ensemble, les chiffres cl\u00e9s, par exemple les points et les \u00e9carts par rapport aux premiers, montrent des progr\u00e8s clairs. Pour n&rsquo;en mentionner qu&rsquo;un, en tant qu&rsquo;\u00e9quipe nous avons d\u00e9j\u00e0 plus du double de points par rapport \u00e0 2024. Les prochaines pistes devraient mieux convenir \u00e0 notre moto et nous avons h\u00e2te de bient\u00f4t courir \u00e0 Barcelone et Misano avant de partir en outre-mer pour la derni\u00e8re partie de la saison.\u00a0\u00bb<\/p>\n<p>Dans cet article<\/p>\n<p>Soyez le premier inform\u00e9 et souscrivez aux alertes mails pour recevoir les infos en temps r\u00e9el<\/p>\n<p>    S&rsquo;abonner aux alertes de news<\/p>\n","protected":false},"excerpt":{"rendered":"Le d\u00e9veloppement du moteur V4 de Yamaha s&rsquo;acc\u00e9l\u00e8re et s&rsquo;appr\u00eate \u00e0 passer un cap important dans moins de&hellip;\n","protected":false},"author":2,"featured_media":348741,"comment_status":"","ping_status":"","sticky":false,"template":"","format":"standard","meta":{"footnotes":""},"categories":[1413],"tags":[3595,1011,27,48392,48393,1457,1456,1458,60,48512,3796],"class_list":{"0":"post-348740","1":"post","2":"type-post","3":"status-publish","4":"format-standard","5":"has-post-thumbnail","7":"category-moto","8":"tag-augusto-fernu00e1ndez","9":"tag-fr","10":"tag-france","11":"tag-gp-de-saint-marin","12":"tag-misano-world-circuit-marco-simoncelli","13":"tag-moto","14":"tag-motocycle","15":"tag-motogp","16":"tag-sports","17":"tag-yamaha-annonce-un-premier-grand-prix-pour-son-v4-du00e8s-misano","18":"tag-yamaha-factory-racing"},"share_on_mastodon":{"url":"https:\/\/pubeurope.com\/@fr\/115103371279662211","error":""},"_links":{"self":[{"href":"https:\/\/www.europesays.com\/fr\/wp-json\/wp\/v2\/posts\/348740","targetHints":{"allow":["GET"]}}],"collection":[{"href":"https:\/\/www.europesays.com\/fr\/wp-json\/wp\/v2\/posts"}],"about":[{"href":"https:\/\/www.europesays.com\/fr\/wp-json\/wp\/v2\/types\/post"}],"author":[{"embeddable":true,"href":"https:\/\/www.europesays.com\/fr\/wp-json\/wp\/v2\/users\/2"}],"replies":[{"embeddable":true,"href":"https:\/\/www.europesays.com\/fr\/wp-json\/wp\/v2\/comments?post=348740"}],"version-history":[{"count":0,"href":"https:\/\/www.europesays.com\/fr\/wp-json\/wp\/v2\/posts\/348740\/revisions"}],"wp:featuredmedia":[{"embeddable":true,"href":"https:\/\/www.europesays.com\/fr\/wp-json\/wp\/v2\/media\/348741"}],"wp:attachment":[{"href":"https:\/\/www.europesays.com\/fr\/wp-json\/wp\/v2\/media?parent=348740"}],"wp:term":[{"taxonomy":"category","embeddable":true,"href":"https:\/\/www.europesays.com\/fr\/wp-json\/wp\/v2\/categories?post=348740"},{"taxonomy":"post_tag","embeddable":true,"href":"https:\/\/www.europesays.com\/fr\/wp-json\/wp\/v2\/tags?post=348740"}],"curies":[{"name":"wp","href":"https:\/\/api.w.org\/{rel}","templated":true}]}}