{"id":348742,"date":"2025-08-27T23:40:18","date_gmt":"2025-08-27T23:40:18","guid":{"rendered":"https:\/\/www.europesays.com\/fr\/348742\/"},"modified":"2025-08-27T23:40:18","modified_gmt":"2025-08-27T23:40:18","slug":"il-na-pas-la-bonne-attitude-gunther-steiner-sen-prend-a-hamilton","status":"publish","type":"post","link":"https:\/\/www.europesays.com\/fr\/348742\/","title":{"rendered":"\u00abIl n\u2019a pas la bonne attitude\u00bb, G\u00fcnther Steiner s\u2019en prend \u00e0 Hamilton"},"content":{"rendered":"<p>L\u2019ancien patron de Haas G\u00fcnther Steiner a d\u00e9plor\u00e9 \u00abl\u2019attitude de quelqu\u2019un qui abandonne\u00bb de Lewis Hamilton dans le podcast The Red Flags.<\/p>\n<p class=\"fig-paragraph\">L\u2019ancien directeur de l\u2019\u00e9quipe Haas G\u00fcnther Steiner est revenu sur les d\u00e9clarations de\u00a0<a href=\"http:\/\/www.lefigaro.fr\/sports\/formule-1\/lewis-hamilton-et-fernando-alonso-destins-uniques-de-deux-etoiles-de-la-formule-1-20250815\" data-fig-type=\"Article\" data-gtm-custom-categorie=\"navigation\" data-gtm-custom-action=\"crossclick\" data-gtm-custom-label=\"Contextuel\" data-gtm-event=\"customEventSPE\" data-fig-domain=\"LEFIGARO\" target=\"_blank\" rel=\"noopener\">Lewis Hamilton<\/a>\u00a0en Hongrie d\u00e9but ao\u00fbt dans le podcast The Red Flags. Le Britannique remettait alors toutes les difficult\u00e9s qu\u2019il rencontre sur sa faute et sous-entendait m\u00eame que\u00a0<a href=\"http:\/\/www.lefigaro.fr\/sports\/formule-1\/formule-1-un-ancien-pilote-ferrari-assure-que-90-des-employes-de-la-scuderia-ne-voulaient-pas-d-hamilton-20250821\" data-fig-type=\"NewsFlash\" data-gtm-custom-categorie=\"navigation\" data-gtm-custom-action=\"crossclick\" data-gtm-custom-label=\"Contextuel\" data-gtm-event=\"customEventSPE\" data-fig-domain=\"LEFIGARO\" target=\"_blank\" rel=\"noopener\">Ferrari<\/a>\u00a0devait changer de pilote. L\u2019Am\u00e9ricain n\u2019a pas appr\u00e9ci\u00e9 \u00abcette attitude qui cherche \u00e0 ce que les gens aient piti\u00e9 de vous\u00bb.<\/p>\n<p class=\"fig-paragraph\">\u00abComment peut-on, en \u00e9tant septuple champion du monde, dire \u2019je suis inutile\u2019?\u00bb. Ce n\u2019est pas sa performance, \u00e7a je m\u2019en fiche, je ne vais pas juger sa performance. Il traverse une p\u00e9riode difficile. \u00c0 un moment ou \u00e0 un autre de notre vie, nous avons tous des difficult\u00e9s. Moi-m\u00eame, j\u2019en ai toujours. Mais \u00eatre l\u00e0 et dire \u2019oh je suis inutile\u2019, je pense que ce n\u2019est pas la bonne attitude. De mon c\u00f4t\u00e9, je n\u2019aime pas l\u2019attitude de quelqu\u2019un qui abandonne\u00bb, a l\u00e2ch\u00e9 Steiner, toujours cru dans ses propos.<\/p>\n<p>                                    <a class=\"fig-a11y-skip a11y-hidden\" href=\"#fig-a11y-skip-main-inarticle\"><br \/>\n        Passer la publicit\u00e9<br \/>\n    <\/a><\/p>\n<p>\u00abConcentre-toi sur ce que tu fais de mieux\u00bb<\/p>\n<p class=\"fig-paragraph\">L\u2019ancien patron de Haas de poursuivre\u00a0: \u00abPour moi, si je suis un septuple champion du monde, j\u2019ai assez de confiance pour savoir que je ne suis pas nul. J\u2019ai juste besoin de travailler plus dur et de retrouver mon mojo. C\u2019est comme \u00e7a parfois, mais dire \u2019je suis inutile\u2019, pour moi c\u2019\u00e9tait un peu\u2026 enfin, il y a quelques semaines tu \u00e9tais r\u00e9uni avec les ing\u00e9nieurs pour leur dire quoi faire, et maintenant tu reviens en disant \u2019je suis inutile\u2019. Concentre-toi sur ce que tu fais de mieux, c\u2019est-\u00e0-dire piloter une F1, parce que \u00e7a, il le fait bien\u00a0: c\u2019est un septuple champion du monde\u00bb, a tenu \u00e0 rappeler G\u00fcnther Steiner.<\/p>\n","protected":false},"excerpt":{"rendered":"L\u2019ancien patron de Haas G\u00fcnther Steiner a d\u00e9plor\u00e9 \u00abl\u2019attitude de quelqu\u2019un qui abandonne\u00bb de Lewis Hamilton dans le&hellip;\n","protected":false},"author":2,"featured_media":348743,"comment_status":"","ping_status":"","sticky":false,"template":"","format":"standard","meta":{"footnotes":""},"categories":[1412],"tags":[1451,2251,1452,1453,1454,1455,1011,27,1975,60],"class_list":{"0":"post-348742","1":"post","2":"type-post","3":"status-publish","4":"format-standard","5":"has-post-thumbnail","7":"category-f1","8":"tag-f1","9":"tag-ferrari","10":"tag-formula-1","11":"tag-formula1","12":"tag-formule-1","13":"tag-formule1","14":"tag-fr","15":"tag-france","16":"tag-lewis-hamilton","17":"tag-sports"},"share_on_mastodon":{"url":"https:\/\/pubeurope.com\/@fr\/115103375230528329","error":""},"_links":{"self":[{"href":"https:\/\/www.europesays.com\/fr\/wp-json\/wp\/v2\/posts\/348742","targetHints":{"allow":["GET"]}}],"collection":[{"href":"https:\/\/www.europesays.com\/fr\/wp-json\/wp\/v2\/posts"}],"about":[{"href":"https:\/\/www.europesays.com\/fr\/wp-json\/wp\/v2\/types\/post"}],"author":[{"embeddable":true,"href":"https:\/\/www.europesays.com\/fr\/wp-json\/wp\/v2\/users\/2"}],"replies":[{"embeddable":true,"href":"https:\/\/www.europesays.com\/fr\/wp-json\/wp\/v2\/comments?post=348742"}],"version-history":[{"count":0,"href":"https:\/\/www.europesays.com\/fr\/wp-json\/wp\/v2\/posts\/348742\/revisions"}],"wp:featuredmedia":[{"embeddable":true,"href":"https:\/\/www.europesays.com\/fr\/wp-json\/wp\/v2\/media\/348743"}],"wp:attachment":[{"href":"https:\/\/www.europesays.com\/fr\/wp-json\/wp\/v2\/media?parent=348742"}],"wp:term":[{"taxonomy":"category","embeddable":true,"href":"https:\/\/www.europesays.com\/fr\/wp-json\/wp\/v2\/categories?post=348742"},{"taxonomy":"post_tag","embeddable":true,"href":"https:\/\/www.europesays.com\/fr\/wp-json\/wp\/v2\/tags?post=348742"}],"curies":[{"name":"wp","href":"https:\/\/api.w.org\/{rel}","templated":true}]}}