{"id":348744,"date":"2025-08-27T23:41:17","date_gmt":"2025-08-27T23:41:17","guid":{"rendered":"https:\/\/www.europesays.com\/fr\/348744\/"},"modified":"2025-08-27T23:41:17","modified_gmt":"2025-08-27T23:41:17","slug":"chateauneuf-du-faou-trophee-jo-velly-30-aout-2025-les-engages","status":"publish","type":"post","link":"https:\/\/www.europesays.com\/fr\/348744\/","title":{"rendered":"Ch\u00e2teauneuf du Faou Troph\u00e9e Jo Velly 30 ao\u00fbt 2025 les engag\u00e9s"},"content":{"rendered":"<p><a href=\"https:\/\/velopressecollection.ouest-france.fr\/route\/classements\/29790-trophee-jo-velly-2025-classement.html\" target=\"_blank\" rel=\"nofollow noopener\">CLASSEMENT GENERAL ET CALENDRIER TROPH\u00c9E JO VELLY 2025<\/a><\/p>\n<p>D\u00e9part 14h30<br \/>Distance 4.8 km x 21 tours = 100.8 km<br \/>Prix coureurs: 259\/15, 1er 50\u20ac<br \/>Engagements: 9\u20ac sur le web \u2013 11\u20ac sur la ligne<\/p>\n<p><strong>RAPPELS R\u00c8GLEMENTAIRES<br \/>Article 8.3<\/strong> : La participation \u00e0 la derni\u00e8re \u00e9preuve est obligatoire pour figurer dans les classements sauf en cas de s\u00e9lection.<br \/><strong>Article 9<\/strong> : En cas d\u2019\u00e9galit\u00e9 \u00e0 l\u2019issue des 9 \u00e9preuves dans l&rsquo;un des classements g\u00e9n\u00e9raux, le classement de la derni\u00e8re \u00e9preuve d\u00e9partagera les ex-\u00e6quo.<br \/><strong>Article 10<\/strong> : Tout leader ayant obtenu un maillot de leader sur une \u00e9tape pr\u00e9c\u00e9dente devra se pr\u00e9senter avec ce maillot au d\u00e9part<br \/><strong>Article 13<\/strong> : Une c\u00e9r\u00e9monie protocolaire de remise des maillots de leaders, bouquets et troph\u00e9es se d\u00e9roule \u00e0 l\u2019issue de l\u2019\u00e9preuve finale.<br \/><strong>Article 14<\/strong> : Les prix sont distribu\u00e9s uniquement le jour de l\u2019\u00e9tape finale.<\/p>\n<p>CIRCUIT<\/p>\n","protected":false},"excerpt":{"rendered":"CLASSEMENT GENERAL ET CALENDRIER TROPH\u00c9E JO VELLY 2025 D\u00e9part 14h30Distance 4.8 km x 21 tours = 100.8 kmPrix&hellip;\n","protected":false},"author":2,"featured_media":348745,"comment_status":"","ping_status":"","sticky":false,"template":"","format":"standard","meta":{"footnotes":""},"categories":[1411],"tags":[1154,207,1011,27,60],"class_list":{"0":"post-348744","1":"post","2":"type-post","3":"status-publish","4":"format-standard","5":"has-post-thumbnail","7":"category-cyclisme","8":"tag-cycling","9":"tag-cyclisme","10":"tag-fr","11":"tag-france","12":"tag-sports"},"share_on_mastodon":{"url":"https:\/\/pubeurope.com\/@fr\/115103379169033921","error":""},"_links":{"self":[{"href":"https:\/\/www.europesays.com\/fr\/wp-json\/wp\/v2\/posts\/348744","targetHints":{"allow":["GET"]}}],"collection":[{"href":"https:\/\/www.europesays.com\/fr\/wp-json\/wp\/v2\/posts"}],"about":[{"href":"https:\/\/www.europesays.com\/fr\/wp-json\/wp\/v2\/types\/post"}],"author":[{"embeddable":true,"href":"https:\/\/www.europesays.com\/fr\/wp-json\/wp\/v2\/users\/2"}],"replies":[{"embeddable":true,"href":"https:\/\/www.europesays.com\/fr\/wp-json\/wp\/v2\/comments?post=348744"}],"version-history":[{"count":0,"href":"https:\/\/www.europesays.com\/fr\/wp-json\/wp\/v2\/posts\/348744\/revisions"}],"wp:featuredmedia":[{"embeddable":true,"href":"https:\/\/www.europesays.com\/fr\/wp-json\/wp\/v2\/media\/348745"}],"wp:attachment":[{"href":"https:\/\/www.europesays.com\/fr\/wp-json\/wp\/v2\/media?parent=348744"}],"wp:term":[{"taxonomy":"category","embeddable":true,"href":"https:\/\/www.europesays.com\/fr\/wp-json\/wp\/v2\/categories?post=348744"},{"taxonomy":"post_tag","embeddable":true,"href":"https:\/\/www.europesays.com\/fr\/wp-json\/wp\/v2\/tags?post=348744"}],"curies":[{"name":"wp","href":"https:\/\/api.w.org\/{rel}","templated":true}]}}