{"id":348746,"date":"2025-08-27T23:42:09","date_gmt":"2025-08-27T23:42:09","guid":{"rendered":"https:\/\/www.europesays.com\/fr\/348746\/"},"modified":"2025-08-27T23:42:09","modified_gmt":"2025-08-27T23:42:09","slug":"mercato-lom-veut-signer-des-illustres-inconnus-la-terrible-annonce","status":"publish","type":"post","link":"https:\/\/www.europesays.com\/fr\/348746\/","title":{"rendered":"Mercato\u00a0: L\u2019OM veut signer \u00abdes illustres inconnus\u00bb, la terrible annonce"},"content":{"rendered":"<p>                    Dan Marciano<br \/>\n                        &#8211;<\/p>\n<p>R\u00e9dacteur<\/p>\n<p>Titulaire d&rsquo;un Master de droit international, je me suis rendu compte au bout de mon parcours universitaire qu&rsquo;il \u00e9tait important d&rsquo;\u00e9voluer dans un domaine que l&rsquo;on appr\u00e9cie. Du jour au lendemain, j&rsquo;ai d\u00e9cid\u00e9 de mettre fin au r\u00eave de mes parents, qui voyaient en moi un futur avocat, pour vivre de ma passion : le sport. Depuis, je couvre les mercatos et l&rsquo;actualit\u00e9 sportive en essayant d&rsquo;informer au mieux les lecteurs.<\/p>\n<p class=\"heading\">\u00c0 quelques jours de la cl\u00f4ture du mercato, l\u2019Olympique de Marseille cherche \u00e0 renforcer son effectif pour r\u00e9pondre aux exigences de Roberto De Zerbi. Le club phoc\u00e9en multiplie les pistes pour quatre postes cl\u00e9s. Mais malgr\u00e9 l&rsquo;incroyable activit\u00e9 du duo Pablo Longoria-Medhi Benatia, Christophe Dugarry a pos\u00e9 un terrible constat sur le recrutement phoc\u00e9en.<\/p>\n<p>A chaque mercato, la m\u00eame activit\u00e9. Depuis le d\u00e9but de la fen\u00eatre estivale, l&rsquo;<a href=\"https:\/\/le10sport.com\/football\/mercato\/ils-veulent-signer-a-lom-une-fin-de-mercato-totalement-folle-a-marseille-755790\" rel=\"nofollow noopener\" target=\"_blank\">OM<\/a> a boucl\u00e9 six arriv\u00e9es : <strong>Angel Gomes, CJ Egan-Riley, Igor Paix\u00e3o, Facundo Medina, Timothy Weah<\/strong> et <strong>Pierre-Emerick Aubameyang.<\/strong> Ce chiffre devrait bient\u00f4t monter puisqu<strong>&lsquo;Emerson Palmieri <\/strong>et <strong>Hamed Junior Traor\u00e9 <\/strong>auraient donn\u00e9 leur accord pour rejoindre la formation entra\u00een\u00e9e par <strong>Roberto de Zerbi. <\/strong>Mais pour le technicien, le groupe n&rsquo;est pas encore au complet. Samedi dernier, il avait demand\u00e9 des recrues \u00e0 sa direction, notamment en d\u00e9fense centrale, au milieu de terrain et sur les ailes.<\/p>\n<p>                                            Le mercato marseillais n&rsquo;est pas termin\u00e9<\/p>\n<p>La priorit\u00e9 d\u00e9fensive reste <strong>Jo\u00ebl Ordonez,<\/strong> actuellement \u00e0<strong> Bruges<\/strong>. Le plan B se nomme <a href=\"https:\/\/le10sport.com\/football\/ligue1\/om\/lom-sattaque-a-un-champion-du-monde-le-transfert-xxl-qui-se-prepare-755889\" rel=\"nofollow noopener\" target=\"_blank\">Benjamin Pavard<\/a> (Inter). Sur les ailes, la piste<strong> Edon Zhegrova (LOSC)<\/strong> reste ouverte, offrant \u00e0<strong> Marseille<\/strong> une option offensive int\u00e9ressante. En milieu de terrain, l\u2019\u00e9chec du dossier <strong>Dani Ceballos (Real Madrid)<\/strong> a contraint l\u2019<strong>OM<\/strong> \u00e0 se tourner vers <strong>Florentino Luis (Benfica)<\/strong>, mais la prudence reste de mise. Ces mouvements sont essentiels pour que<strong> De Zerbi <\/strong>puisse mettre en place son style de jeu, qui exige rigueur tactique et polyvalence.<\/p>\n<p>                                            \u00ab\u00a0C\u2019est moins bon que la fin de la saison derni\u00e8re\u00a0\u00bb<\/p>\n<p>Mais pour<strong> Christophe Dugarry, <\/strong>ces noms n&rsquo;offrent pas de garanties \u00e0 l&rsquo;<strong>OM<\/strong>, surtout dans l&rsquo;optique de la prochaine<strong> Ligue des champions<\/strong>. \u00ab\u00a0On nous parle de jeunes, notamment de Traor\u00e9. Tr\u00e8s bon jeune, il a fait de tr\u00e8s belles choses \u00e0 Auxerre, mais est-ce qu\u2019on et s\u00fbr que Murillo, Cornelius, Garcia ont la carapace pour jouer la Ligue des champions\u00a0? Je vais te dire, l\u2019OM avait avec l\u2019effectif de la saison derni\u00e8re ce qu\u2019il fallait. J\u2019ai l\u2019impression que \u00e7a part dans tous les sens. J\u2019ai vu un peu la liste, ce sont des illustres inconnus. J\u2019esp\u00e8re que De Zerbi va trouver quelque chose, mais je suis tr\u00e8s inquiet pour l\u2019OM. Pour moi, c\u2019est moins bon que la fin de la saison derni\u00e8re\u00a0\u00bb a confi\u00e9 le champion du monde 1998 sur RMC.<\/p>\n","protected":false},"excerpt":{"rendered":"Dan Marciano &#8211; R\u00e9dacteur Titulaire d&rsquo;un Master de droit international, je me suis rendu compte au bout de&hellip;\n","protected":false},"author":2,"featured_media":348747,"comment_status":"","ping_status":"","sticky":false,"template":"","format":"standard","meta":{"footnotes":""},"categories":[1410],"tags":[63,1011,27,60],"class_list":{"0":"post-348746","1":"post","2":"type-post","3":"status-publish","4":"format-standard","5":"has-post-thumbnail","7":"category-football","8":"tag-football","9":"tag-fr","10":"tag-france","11":"tag-sports"},"share_on_mastodon":{"url":"https:\/\/pubeurope.com\/@fr\/115103383218340937","error":""},"_links":{"self":[{"href":"https:\/\/www.europesays.com\/fr\/wp-json\/wp\/v2\/posts\/348746","targetHints":{"allow":["GET"]}}],"collection":[{"href":"https:\/\/www.europesays.com\/fr\/wp-json\/wp\/v2\/posts"}],"about":[{"href":"https:\/\/www.europesays.com\/fr\/wp-json\/wp\/v2\/types\/post"}],"author":[{"embeddable":true,"href":"https:\/\/www.europesays.com\/fr\/wp-json\/wp\/v2\/users\/2"}],"replies":[{"embeddable":true,"href":"https:\/\/www.europesays.com\/fr\/wp-json\/wp\/v2\/comments?post=348746"}],"version-history":[{"count":0,"href":"https:\/\/www.europesays.com\/fr\/wp-json\/wp\/v2\/posts\/348746\/revisions"}],"wp:featuredmedia":[{"embeddable":true,"href":"https:\/\/www.europesays.com\/fr\/wp-json\/wp\/v2\/media\/348747"}],"wp:attachment":[{"href":"https:\/\/www.europesays.com\/fr\/wp-json\/wp\/v2\/media?parent=348746"}],"wp:term":[{"taxonomy":"category","embeddable":true,"href":"https:\/\/www.europesays.com\/fr\/wp-json\/wp\/v2\/categories?post=348746"},{"taxonomy":"post_tag","embeddable":true,"href":"https:\/\/www.europesays.com\/fr\/wp-json\/wp\/v2\/tags?post=348746"}],"curies":[{"name":"wp","href":"https:\/\/api.w.org\/{rel}","templated":true}]}}