{"id":348748,"date":"2025-08-27T23:43:12","date_gmt":"2025-08-27T23:43:12","guid":{"rendered":"https:\/\/www.europesays.com\/fr\/348748\/"},"modified":"2025-08-27T23:43:12","modified_gmt":"2025-08-27T23:43:12","slug":"le-frere-de-jean-paul-belmondo-alain-est-decede","status":"publish","type":"post","link":"https:\/\/www.europesays.com\/fr\/348748\/","title":{"rendered":"le fr\u00e8re de Jean-Paul Belmondo, Alain, est d\u00e9c\u00e9d\u00e9"},"content":{"rendered":"<p>Pr\u00e8s de quatre ans apr\u00e8s la l\u00e9gende du cin\u00e9ma fran\u00e7ais <a href=\"https:\/\/www.ledauphine.com\/p\/jean-paul-belmondo\" target=\"_blank\" rel=\"nofollow noopener\">Jean-Paul Belmondo<\/a>, <a href=\"https:\/\/www.ledauphine.com\/culture-loisirs\/2021\/09\/09\/bebel-les-adieux-simples-a-un-heros-national\" target=\"_blank\" rel=\"nofollow noopener\">d\u00e9c\u00e9d\u00e9 en septembre 2021 \u00e0 l&rsquo;\u00e2ge de 88 ans<\/a>, son fr\u00e8re Alain Belmondo est d\u00e9c\u00e9d\u00e9 ce mercredi matin. \u00ab\u00a0Mon oncle Alain est parti ce matin rejoindre mon p\u00e8re, ils \u00e9taient deux fr\u00e8res ins\u00e9parables\u00a0\u00bb, a annonc\u00e9 Paul Belmondo, fils de l&rsquo;acteur. \u00ab\u00a0Mon oncle est rest\u00e9 pr\u00e9sent jusqu\u2019\u00e0 la fin de la vie de mon p\u00e8re et les voil\u00e0 maintenant r\u00e9unis pour l\u2019\u00e9ternit\u00e9\u00a0\u00bb, a-t-il ajout\u00e9.<\/p>\n<p>Ce contenu est bloqu\u00e9 car vous n&rsquo;avez pas accept\u00e9 les cookies et autres traceurs.<\/p>\n<p>En cliquant sur \u00ab J\u2019accepte \u00bb, les cookies et autres traceurs seront d\u00e9pos\u00e9s et vous pourrez visualiser les contenus  (<a href=\"\" class=\"consentModule_policy\" target=\"_blank\" title=\"Consulter la politique de protection des donn\u00e9es du fournisseur\">plus d&rsquo;informations<\/a>).<\/p>\n<p>En cliquant sur \u00ab J\u2019accepte tous les cookies \u00bb, vous autorisez des d\u00e9p\u00f4ts de cookies et autres traceurs pour le stockage de vos donn\u00e9es sur nos sites et applications \u00e0 des fins de personnalisation et de ciblage publicitaire.<\/p>\n<p class=\"consentModule_secondaryText\">Vous gardez la possibilit\u00e9 de retirer votre consentement \u00e0 tout moment en consultant notre <a href=\"https:\/\/www.ledauphine.com\/protection-des-donnees\" target=\"_blank\" title=\"Consulter notre politique de protection des donn\u00e9es\" rel=\"nofollow noopener\">politique de protection des donn\u00e9es<\/a>. <br \/>&#13;<br \/>\n            <a href=\"https:\/\/www.ledauphine.com\/societe\/2025\/08\/27\/javascript:Didomi.notice.show()\" class=\"consentModule_cmp\" rel=\"nofollow noopener\" target=\"_blank\">G\u00e9rer mes choix<\/a>&#13;\n        <\/p>\n<p>&#13;<br \/>\n                        J&rsquo;accepte&#13;<br \/>\n            J&rsquo;accepte tous les cookies&#13;\n        <\/p>\n<p>  Directeur de production et producteur<\/p>\n<p>Alain et Jean-Paul Belmondo partagaient la passion du cin\u00e9ma. R\u00e9gisseur, Alain Belmondo a \u00e9galement \u00e9t\u00e9 directeur de production et producteur de plusieurs films, don certains dans lesquels a jou\u00e9 son fr\u00e8re, a rappel\u00e9 Paul Belmondo\u00a0: Le Vieux fusil, Indochine, le Professionnel, La Veuve Couderc, L\u2019argent des autres, Borsalino, l\u2019As des As. Il a aussi \u00e9t\u00e9 \u00ab\u00a0le directeur g\u00e9n\u00e9ral du Th\u00e9\u00e2tre des vari\u00e9t\u00e9s\u00a0\u00bb, avec son fr\u00e8re. <\/p>\n","protected":false},"excerpt":{"rendered":"Pr\u00e8s de quatre ans apr\u00e8s la l\u00e9gende du cin\u00e9ma fran\u00e7ais Jean-Paul Belmondo, d\u00e9c\u00e9d\u00e9 en septembre 2021 \u00e0 l&rsquo;\u00e2ge&hellip;\n","protected":false},"author":2,"featured_media":348749,"comment_status":"","ping_status":"","sticky":false,"template":"","format":"standard","meta":{"footnotes":""},"categories":[1359],"tags":[650,1687,58,59,107,1011,27,329,1391,973],"class_list":{"0":"post-348748","1":"post","2":"type-post","3":"status-publish","4":"format-standard","5":"has-post-thumbnail","7":"category-people","8":"tag-cinema","9":"tag-culture-loisirs","10":"tag-divertissement","11":"tag-entertainment","12":"tag-fil-info","13":"tag-fr","14":"tag-france","15":"tag-france-monde","16":"tag-necrologie","17":"tag-people"},"share_on_mastodon":{"url":"https:\/\/pubeurope.com\/@fr\/115103387201103705","error":""},"_links":{"self":[{"href":"https:\/\/www.europesays.com\/fr\/wp-json\/wp\/v2\/posts\/348748","targetHints":{"allow":["GET"]}}],"collection":[{"href":"https:\/\/www.europesays.com\/fr\/wp-json\/wp\/v2\/posts"}],"about":[{"href":"https:\/\/www.europesays.com\/fr\/wp-json\/wp\/v2\/types\/post"}],"author":[{"embeddable":true,"href":"https:\/\/www.europesays.com\/fr\/wp-json\/wp\/v2\/users\/2"}],"replies":[{"embeddable":true,"href":"https:\/\/www.europesays.com\/fr\/wp-json\/wp\/v2\/comments?post=348748"}],"version-history":[{"count":0,"href":"https:\/\/www.europesays.com\/fr\/wp-json\/wp\/v2\/posts\/348748\/revisions"}],"wp:featuredmedia":[{"embeddable":true,"href":"https:\/\/www.europesays.com\/fr\/wp-json\/wp\/v2\/media\/348749"}],"wp:attachment":[{"href":"https:\/\/www.europesays.com\/fr\/wp-json\/wp\/v2\/media?parent=348748"}],"wp:term":[{"taxonomy":"category","embeddable":true,"href":"https:\/\/www.europesays.com\/fr\/wp-json\/wp\/v2\/categories?post=348748"},{"taxonomy":"post_tag","embeddable":true,"href":"https:\/\/www.europesays.com\/fr\/wp-json\/wp\/v2\/tags?post=348748"}],"curies":[{"name":"wp","href":"https:\/\/api.w.org\/{rel}","templated":true}]}}