{"id":348756,"date":"2025-08-27T23:47:15","date_gmt":"2025-08-27T23:47:15","guid":{"rendered":"https:\/\/www.europesays.com\/fr\/348756\/"},"modified":"2025-08-27T23:47:15","modified_gmt":"2025-08-27T23:47:15","slug":"il-chante-comme-une-casserole-et-finit-son-concert-sous-les-huees","status":"publish","type":"post","link":"https:\/\/www.europesays.com\/fr\/348756\/","title":{"rendered":"il chante comme une casserole et finit son concert sous les hu\u00e9es"},"content":{"rendered":"<p class=\"mb-4 text-lg md:leading-8 break-words\">Depuis sa sortie du ch\u00e2teau de Dammarie-les-Lys en f\u00e9vrier 2024, Pierre Garnier est pris dans un v\u00e9ritable tourbillon. Pour le jeune homme, tout s\u2019est encha\u00een\u00e9. Alors qu\u2019il \u00e9tait encore dans l\u2019aventure, sa chanson \u201cCeux qu\u2019on \u00e9tait\u201d \u00e9tait d\u00e9j\u00e0 connue du public. Apr\u00e8s sa victoire face \u00e0 Julien, il participe \u00e0 la tourn\u00e9e de la Star Academy, tout en se rendant en studio pour \u00e9crire son premier album. Depuis plusieurs mois, le meilleur ami d\u2019Helena est donc en tourn\u00e9e solo. Par cons\u00e9quent, depuis plus d\u2019un an et demi, Pierre Garnier n\u2019a pas eu une minute \u00e0 lui. Alors que la fatigue commence visiblement \u00e0 se faire ressentir, certains de ses fans ne lui pardonnent aucun faux pas.<\/p>\n<p>\u201cJ\u2019ai chant\u00e9 comme de la m*rde\u201d : Pierre Garnier d\u00e9\u00e7u de sa prestation<\/p>\n<p class=\"mb-4 text-lg md:leading-8 break-words\">C\u2019est une folle aventure que vit le jeune chanteur de 23 ans. Afin de garder des souvenirs \u00e0 jamais et de tout partager avec son public, il documente tout en faisant des vlogs qu\u2019il met en ligne sur sa cha\u00eene YouTube. Des vid\u00e9os dans lesquelles il se confie \u00e0 c\u0153ur ouvert, et ne cache rien \u00e0 ses fans. Il n\u2019a d\u2019ailleurs pas h\u00e9sit\u00e9 \u00e0 dire qu\u2019il n\u2019\u00e9tait pas tr\u00e8s fier de lui lors de sa prestation au Festival du Ch\u00e2teau \u00e0 Solli\u00e8s-Pont. \u00ab\u00a0<strong>C&rsquo;\u00e9tait bien, mais \u00e7a m&rsquo;a saoul\u00e9, car j&rsquo;ai chant\u00e9 comme de la merde,<\/strong> alors que je n\u2019avais rien de particulier. Pas de probl\u00e8me\u2026 Je ne sais m\u00eame pas pourquoi. Y en a eu des soirs moins bien, mais pas comme \u00e7a\u2026\u201d, d\u00e9plore-t-il. (&#8230;)<\/p>\n<p class=\"mb-4 text-lg md:leading-8 break-words\"><a href=\"https:\/\/www.closermag.fr\/people\/pierre-garnier-au-bout-du-rouleau-il-chante-comme-une-casserole-et-finit-son-concert-sous-les-huees-3573881\" rel=\"nofollow noopener\" target=\"_blank\" data-ylk=\"slk:Lire la suite sur Closer;elm:context_link;itc:0;sec:content-canvas\" class=\"link \">Lire la suite sur Closer<\/a><\/p>\n<p class=\"mb-4 text-lg md:leading-8 break-words\"><a href=\"https:\/\/www.closermag.fr\/tv_tele_realite\/une-tres-bonne-mangeuse-camille-santoro-familles-nombreuses-repond-aux-nombreuses-interrogations-sur-son-poids-3573908\" rel=\"nofollow noopener\" target=\"_blank\" data-ylk=\"slk:\u201cUne tr\u00e8s bonne mangeuse\u201d : Camille Santoro (Familles nombreuses) r\u00e9pond aux nombreuses interrogations sur son poids;elm:context_link;itc:0;sec:content-canvas\" class=\"link \">\u201cUne tr\u00e8s bonne mangeuse\u201d : Camille Santoro (Familles nombreuses) r\u00e9pond aux nombreuses interrogations sur son poids<\/a><br \/><a href=\"https:\/\/www.closermag.fr\/beaute\/north-west-cheveux-bleus-et-bustier-elle-pique-le-look-dune-de-ses-tantes-et-ce-nest-pas-celle-quon-croit-3573897\" rel=\"nofollow noopener\" target=\"_blank\" data-ylk=\"slk:North West cheveux bleus et bustier : elle pique le look d\u2019une de ses tantes, et ce n\u2019est pas celle qu\u2019on croit;elm:context_link;itc:0;sec:content-canvas\" class=\"link \">North West cheveux bleus et bustier : elle pique le look d\u2019une de ses tantes, et ce n\u2019est pas celle qu\u2019on croit<\/a><br \/><a href=\"https:\/\/www.closermag.fr\/people\/le-cl-en-chou-fleur-camille-lellouche-se-confie-sans-tabou-sur-son-accouchement-3573898\" rel=\"nofollow noopener\" target=\"_blank\" data-ylk=\"slk:&quot;Le c*l en chou-fleur&quot; : Camille Lellouche se confie sans tabou sur son accouchement;elm:context_link;itc:0;sec:content-canvas\" class=\"link \">\u00ab\u00a0Le c*l en chou-fleur\u00a0\u00bb : Camille Lellouche se confie sans tabou sur son accouchement<\/a><br \/><a href=\"https:\/\/www.closermag.fr\/people\/mort-de-jean-pormanove-sa-mere-digne-aux-obseques-cette-consigne-donnee-aux-amis-de-son-fils-3573895\" rel=\"nofollow noopener\" target=\"_blank\" data-ylk=\"slk:Mort de Jean Pormanove : sa m\u00e8re digne aux obs\u00e8ques, cette consigne donn\u00e9e aux amis de son fils;elm:context_link;itc:0;sec:content-canvas\" class=\"link \">Mort de Jean Pormanove : sa m\u00e8re digne aux obs\u00e8ques, cette consigne donn\u00e9e aux amis de son fils<\/a><br \/><a href=\"https:\/\/www.closermag.fr\/people\/jean-paul-belmondo-son-frere-alain-quil-aimait-tant-est-mort-3573887\" rel=\"nofollow noopener\" target=\"_blank\" data-ylk=\"slk:Jean-Paul Belmondo : son fr\u00e8re Alain, qu\u2019il aimait tant, est mort;elm:context_link;itc:0;sec:content-canvas\" class=\"link \">Jean-Paul Belmondo : son fr\u00e8re Alain, qu\u2019il aimait tant, est mort<\/a><\/p>\n","protected":false},"excerpt":{"rendered":"Depuis sa sortie du ch\u00e2teau de Dammarie-les-Lys en f\u00e9vrier 2024, Pierre Garnier est pris dans un v\u00e9ritable tourbillon.&hellip;\n","protected":false},"author":2,"featured_media":348757,"comment_status":"","ping_status":"","sticky":false,"template":"","format":"standard","meta":{"footnotes":""},"categories":[1355],"tags":[48531,58,59,1011,27,1361,873,5096,5095],"class_list":{"0":"post-348756","1":"post","2":"type-post","3":"status-publish","4":"format-standard","5":"has-post-thumbnail","7":"category-musique","8":"tag-dammarie-les-lys","9":"tag-divertissement","10":"tag-entertainment","11":"tag-fr","12":"tag-france","13":"tag-music","14":"tag-musique","15":"tag-pierre-garnier","16":"tag-star-academy"},"share_on_mastodon":{"url":"https:\/\/pubeurope.com\/@fr\/115103402918553173","error":""},"_links":{"self":[{"href":"https:\/\/www.europesays.com\/fr\/wp-json\/wp\/v2\/posts\/348756","targetHints":{"allow":["GET"]}}],"collection":[{"href":"https:\/\/www.europesays.com\/fr\/wp-json\/wp\/v2\/posts"}],"about":[{"href":"https:\/\/www.europesays.com\/fr\/wp-json\/wp\/v2\/types\/post"}],"author":[{"embeddable":true,"href":"https:\/\/www.europesays.com\/fr\/wp-json\/wp\/v2\/users\/2"}],"replies":[{"embeddable":true,"href":"https:\/\/www.europesays.com\/fr\/wp-json\/wp\/v2\/comments?post=348756"}],"version-history":[{"count":0,"href":"https:\/\/www.europesays.com\/fr\/wp-json\/wp\/v2\/posts\/348756\/revisions"}],"wp:featuredmedia":[{"embeddable":true,"href":"https:\/\/www.europesays.com\/fr\/wp-json\/wp\/v2\/media\/348757"}],"wp:attachment":[{"href":"https:\/\/www.europesays.com\/fr\/wp-json\/wp\/v2\/media?parent=348756"}],"wp:term":[{"taxonomy":"category","embeddable":true,"href":"https:\/\/www.europesays.com\/fr\/wp-json\/wp\/v2\/categories?post=348756"},{"taxonomy":"post_tag","embeddable":true,"href":"https:\/\/www.europesays.com\/fr\/wp-json\/wp\/v2\/tags?post=348756"}],"curies":[{"name":"wp","href":"https:\/\/api.w.org\/{rel}","templated":true}]}}