{"id":348766,"date":"2025-08-27T23:52:11","date_gmt":"2025-08-27T23:52:11","guid":{"rendered":"https:\/\/www.europesays.com\/fr\/348766\/"},"modified":"2025-08-27T23:52:11","modified_gmt":"2025-08-27T23:52:11","slug":"enceinte-ultimate-ears-wonderboom-4-basses-puissantes-a-5999-e-les-numeriques","status":"publish","type":"post","link":"https:\/\/www.europesays.com\/fr\/348766\/","title":{"rendered":"Enceinte Ultimate Ears Wonderboom 4 : basses puissantes \u00e0 59,99 \u20ac &#8211; Les Num\u00e9riques"},"content":{"rendered":"<ol>\n<li><a href=\"https:\/\/news.google.com\/rss\/articles\/CBMiyAFBVV95cUxNYzY1dHVMU0ZVSFJLNlplWVJDQlZRRl9aR25adU5RTFI2dnV0OU9VaUxqRVZ5endUckhFUkE2clZ3RGl1ek84NTNwbzI1dTNSOUw0TnVfQksxRENuYVRiNkwtT2Z5cTRBTndEMWtrTGp4ZjNxUV9nUVI5UV9sS1R3M05lc2lidWJWbW1mcGtjdXNyNk1CNTRMdFR6NG5rRGxxUFZfV1dPZi1XMnNWSEdGd2JQNUhLSUVKclY0MXVrdHRadWVTRlltWA?oc=5\" target=\"_blank\" rel=\"nofollow noopener\">Enceinte Ultimate Ears Wonderboom 4 : basses puissantes \u00e0 59,99 \u20ac<\/a>&nbsp;&nbsp;Les Num\u00e9riques<\/li>\n<li><a href=\"https:\/\/news.google.com\/rss\/articles\/CBMi_gFBVV95cUxNSzF6V1FpUVFna05iYjFRRUhhcFR0VFdlYVBnanVfVnJESnMxQ1N3ZksxWXNCT0RWSDl1V0loR1VtS19sNHJ3QXEwMXRNdXhnb1BtZmVNV092Z2JEaDBXQVN3aTZxSU9WZGJySjFSdUd1ZDM3VVpfVEdTSG16eG1HcTk2UVd5SUNnQ2xvcUw3N3hxdlAxNTg1Y2Nrek1HV0V2MlRwemlHa290UkJsRjM0SV92ZG1GS3JKN2lKcXlYdVVJNERXUGUxZFVtbEswRmxiWkxmVVJma0pxNlV6V0o0cWh1RlBCcmxUNUo3N1M1a3lqbzdkNFhPMmJiMkR5Zw?oc=5\" target=\"_blank\" rel=\"nofollow noopener\">Bon plan chez Amazon : cette enceinte Bluetooth de grande qualit\u00e9 \u00e0 petit prix !<\/a>&nbsp;&nbsp;Le Parisien<\/li>\n<li><a href=\"https:\/\/news.google.com\/rss\/articles\/CBMi0wFBVV95cUxQcTVUYUNQc0c1OGhwSlBkb3dsdXFfaDJyakdiMUZTMHEwQTZqQnp1SDlQNmp1VXRsYjBtQkRoTEFxWWhyWnVyNjBVS0x5cVN6dllhZUhuUUZXb2g5RmJ5U0lBLXNuX3loa1ItSHA1Qk1lUWNvUnZUWkRzTk0xdFZGYjFRS2wzQ2Q0NV8zc2lSRVRadFZNZEJiMFFkamNDeTBDNUtlNnFWT3VJaXNiY0t1dnh5cW5MS3B2Z05wQl9oYzdYek1wQ05qckZCQUR3ZWp3T2Rz?oc=5\" target=\"_blank\" rel=\"nofollow noopener\">La meilleure petite enceinte portable pas ch\u00e8re du march\u00e9 est quasi \u00e0 moiti\u00e9 prix aujourd&rsquo;hui<\/a>&nbsp;&nbsp;Frandroid<\/li>\n<li><a href=\"https:\/\/news.google.com\/rss\/articles\/CBMic0FVX3lxTE5HMFp3aElxY3ptQTk2YVBrd19uOWlRZ3pxQ0FnX1pQUHotRlNxTlg5aTk3NGFJcUUxaW5GV3A1MVhpS3Z6SnJfV0RyakFjdWdNU2d1NC0ydy1zM1JlWmIzb05qRWRLUWl3MVZUTUIwOW5vam8?oc=5\" target=\"_blank\" rel=\"nofollow noopener\">Lidl fait des folies avec son enceinte Bluetooth : le prix de ce mod\u00e8le parfait pour l\u2019ext\u00e9rieur est impressionnant<\/a>&nbsp;&nbsp;AlloCin\u00e9<\/li>\n<li><a href=\"https:\/\/news.google.com\/rss\/articles\/CBMiwwFBVV95cUxPMTVldFJJQWFscFR1a3k4SV9FWXpyTGIxNGZBQ0lmaFFSWDl2YU8xXzR0S0Znem5ubGpZc0NJNGotQURiQjRRU21iV2VZYTFJOTJFaFItazVJRG5KWEUxYUZqNFV2RDY2WXlaNnFNU0JXbFFyVjB2UXY2YXk2T20zbGJtVXg4RlJMMHFxNXA1MlNDZUhWdnNYSDluTjVxZWRpQWJBcDh5Undvbmpsc1dLeWhCV2w0NWpBUnNIbHBQRm54Y0U?oc=5\" target=\"_blank\" rel=\"nofollow noopener\">Not\u00e9e 8\/10, cette enceinte portable ultra compacte chute \u00e0 prix mini chez Amazon<\/a>&nbsp;&nbsp;Clubic<\/li>\n<\/ol>\n","protected":false},"excerpt":{"rendered":"Enceinte Ultimate Ears Wonderboom 4 : basses puissantes \u00e0 59,99 \u20ac&nbsp;&nbsp;Les Num\u00e9riques Bon plan chez Amazon : cette&hellip;\n","protected":false},"author":2,"featured_media":348767,"comment_status":"","ping_status":"","sticky":false,"template":"","format":"standard","meta":{"footnotes":""},"categories":[7],"tags":[1011,27,43,40,41,39,42,44],"class_list":{"0":"post-348766","1":"post","2":"type-post","3":"status-publish","4":"format-standard","5":"has-post-thumbnail","7":"category-sciences-et-technologies","8":"tag-fr","9":"tag-france","10":"tag-science","11":"tag-science-and-technology","12":"tag-sciences","13":"tag-sciences-et-technologies","14":"tag-technologies","15":"tag-technology"},"share_on_mastodon":{"url":"https:\/\/pubeurope.com\/@fr\/115103422537713081","error":""},"_links":{"self":[{"href":"https:\/\/www.europesays.com\/fr\/wp-json\/wp\/v2\/posts\/348766","targetHints":{"allow":["GET"]}}],"collection":[{"href":"https:\/\/www.europesays.com\/fr\/wp-json\/wp\/v2\/posts"}],"about":[{"href":"https:\/\/www.europesays.com\/fr\/wp-json\/wp\/v2\/types\/post"}],"author":[{"embeddable":true,"href":"https:\/\/www.europesays.com\/fr\/wp-json\/wp\/v2\/users\/2"}],"replies":[{"embeddable":true,"href":"https:\/\/www.europesays.com\/fr\/wp-json\/wp\/v2\/comments?post=348766"}],"version-history":[{"count":0,"href":"https:\/\/www.europesays.com\/fr\/wp-json\/wp\/v2\/posts\/348766\/revisions"}],"wp:featuredmedia":[{"embeddable":true,"href":"https:\/\/www.europesays.com\/fr\/wp-json\/wp\/v2\/media\/348767"}],"wp:attachment":[{"href":"https:\/\/www.europesays.com\/fr\/wp-json\/wp\/v2\/media?parent=348766"}],"wp:term":[{"taxonomy":"category","embeddable":true,"href":"https:\/\/www.europesays.com\/fr\/wp-json\/wp\/v2\/categories?post=348766"},{"taxonomy":"post_tag","embeddable":true,"href":"https:\/\/www.europesays.com\/fr\/wp-json\/wp\/v2\/tags?post=348766"}],"curies":[{"name":"wp","href":"https:\/\/api.w.org\/{rel}","templated":true}]}}