{"id":348772,"date":"2025-08-27T23:55:10","date_gmt":"2025-08-27T23:55:10","guid":{"rendered":"https:\/\/www.europesays.com\/fr\/348772\/"},"modified":"2025-08-27T23:55:10","modified_gmt":"2025-08-27T23:55:10","slug":"francois-bayrou-justifie-labsence-de-negociations-cet-ete-les-oppositions-vent-debout","status":"publish","type":"post","link":"https:\/\/www.europesays.com\/fr\/348772\/","title":{"rendered":"Fran\u00e7ois Bayrou justifie l\u2019absence de n\u00e9gociations cet \u00e9t\u00e9, les oppositions vent debout"},"content":{"rendered":"<p>La cheffe de file des d\u00e9put\u00e9s RN, Marine Le Pen, a d\u00e9nonc\u00e9 un \u00abmensonge\u00bb du premier ministre, rappelant que la lettre qu\u2019elle lui avait adress\u00e9e sur ses \u00abpropositions budg\u00e9taires\u00bb est \u00abrest\u00e9e sans r\u00e9ponse\u00bb.<\/p>\n<p class=\"fig-paragraph\">Le nouveau cycle de discussions, qui doit s\u2019ouvrir lundi prochain entre\u00a0<a href=\"http:\/\/www.lefigaro.fr\/politique\/ni-dissolution-ni-demission-macron-veut-s-en-tenir-a-son-calendrier-malgre-la-chute-annoncee-de-bayrou-20250827\" data-fig-type=\"Article\" data-gtm-custom-categorie=\"navigation\" data-gtm-custom-action=\"crossclick\" data-gtm-custom-label=\"Contextuel\" data-gtm-event=\"customEventSPE\" data-fig-domain=\"LEFIGARO\" rel=\"nofollow noopener\" target=\"_blank\">Fran\u00e7ois Bayrou<\/a>\u00a0d\u2019un c\u00f4t\u00e9 et les chefs de partis et de groupes parlementaires de l\u2019autre, ne s\u2019annonce pas sous les meilleurs auspices. Promis \u00e0 un \u00e9chec lors du\u00a0<a href=\"http:\/\/www.lefigaro.fr\/politique\/lecornu-vautrin-cazeneuve-des-premier-ministrables-deja-cites-pour-remplacer-bayrou-20250827\" data-fig-type=\"Article\" data-gtm-custom-categorie=\"navigation\" data-gtm-custom-action=\"crossclick\" data-gtm-custom-label=\"Contextuel\" data-gtm-event=\"customEventSPE\" data-fig-domain=\"LEFIGARO\" rel=\"nofollow noopener\" target=\"_blank\">vote de confiance<\/a>\u00a0qu\u2019il a lui-m\u00eame convoqu\u00e9, \u00e0 l\u2019Assembl\u00e9e le 8 septembre, le premier ministre fait mine d\u2019y croire encore. Et ce, malgr\u00e9 les intentions de vote n\u00e9gatives affich\u00e9es par la gauche et le Rassemblement national (RN) &#8211; deux forces parlementaires qui, r\u00e9unies, d\u00e9tiennent une majorit\u00e9 num\u00e9rique dans une Chambre basse qui en est d\u00e9pourvue.<\/p>\n<p class=\"fig-paragraph\">Sa chute a beau \u00eatre annonc\u00e9e et m\u00eame anticip\u00e9e au plus haut sommet de l\u2019\u00c9tat, le premier ministre veut faire savoir qu\u2019il va se battre jusqu\u2019au bout. Sur\u00a0<a href=\"http:\/\/www.lefigaro.fr\/politique\/a-rebours-d-edouard-philippe-francois-bayrou-s-oppose-a-une-nouvelle-dissolution-en-cas-de-chute-ou-de-blocage-politique-20250827\" data-fig-type=\"NewsFlash\" data-gtm-custom-categorie=\"navigation\" data-gtm-custom-action=\"crossclick\" data-gtm-custom-label=\"Contextuel\" data-gtm-event=\"customEventSPE\" data-fig-domain=\"LEFIGARO\" rel=\"nofollow noopener\" target=\"_blank\">TF1<\/a>, ce mercredi, il s\u2019est dit pr\u00eat \u00e0 \u00abouvrir toutes les n\u00e9gociations n\u00e9cessaires\u00bb avec les oppositions sur son plan d\u2019\u00e9conomies de 44 milliards d\u2019euros&#8230; \u00e0 \u00abla condition pr\u00e9alable (de) s\u2019entendre sur l\u2019importance de l\u2019effort\u00bb \u00e0 entreprendre pour r\u00e9duire la dette. Mais si l\u2019urgence est telle, pourquoi ne pas avoir re\u00e7u les formations politiques d\u00e8s cet \u00e9t\u00e9, dans la foul\u00e9e de la pr\u00e9sentation de sa feuille de route budg\u00e9taire, le 15 juillet, et surtout avant d\u2019annoncer engager ce lundi, \u00e0 la surprise g\u00e9n\u00e9rale, la responsabilit\u00e9 du gouvernement sur ce dossier\u00a0? \u00abParce qu\u2019elles (ils, sic) \u00e9taient en vacances\u00bb, a r\u00e9pliqu\u00e9 le B\u00e9arnais, assurant toutefois avoir \u00abd\u2019une mani\u00e8re ou d\u2019une autre \u00e9chang\u00e9 directement ou par interm\u00e9diaire avec les uns ou les autres\u00bb.<\/p>\n<p>Une partie de la gauche h\u00e9site<\/p>\n<p>                                    <a class=\"fig-a11y-skip a11y-hidden\" href=\"#fig-a11y-skip-main-inarticle\"><br \/>\n        Passer la publicit\u00e9<br \/>\n    <\/a><\/p>\n<p class=\"fig-paragraph\">Une petite phrase qui a eu le don d\u2019agacer les oppositions, dont certaines h\u00e9sitent d\u00e9sormais \u00e0 se rendre \u00e0 l\u2019invitation de Fran\u00e7ois Bayrou. C\u2019est le cas de plusieurs responsables de gauche, \u00e0 commencer par la secr\u00e9taire nationale des \u00c9cologistes Marine Tondelier, qui d\u00e9nonce une \u00abfake news\u00bb sur le r\u00e9seau social X, rappelant que \u00abla rentr\u00e9e politique\u00bb de sa formation \u00aba commenc\u00e9 lundi dernier \u00e0 Strasbourg\u00bb. De quoi tourner en d\u00e9rision l\u2019excuse des \u00abvacances\u00bb invoqu\u00e9e par le premier ministre\u00a0: \u00ab\u00c7a en faisait, des jours pour s\u2019appeler\u00a0!\u00bb. Invit\u00e9e de LCI, elle a dit r\u00e9server sa r\u00e9ponse quant \u00e0 sa venue \u00e0 Matignon, \u00abse demandant pourquoi il nous invite \u00e0 discuter\u00bb.<\/p>\n<p class=\"fig-paragraph\">M\u00eame flou du c\u00f4t\u00e9 du premier secr\u00e9taire du Parti socialiste Olivier Faure, qui d\u00e9plore la \u00abd\u00e9sinvolture\u00bb du premier ministre sans indiquer s\u2019il se rendra rue de Varenne. \u00abJusqu\u2019o\u00f9 ira-t-il dans la farce et le ridicule\u00a0?\u00bb, a ironis\u00e9 l\u2019insoumise Cl\u00e9mence Guett\u00e9. \u00abOn en conna\u00eet un qui sera bient\u00f4t en vacances\u00bb, a rench\u00e9ri le coordinateur de LFI Manuel Bompard, en r\u00e9f\u00e9rence \u00e0 la petite phrase l\u00e2ch\u00e9e par Fran\u00e7ois Bayrou.<\/p>\n<p class=\"fig-paragraph\">Une attitude qui tranche avec celle du RN, engag\u00e9 dans une entreprise de respectabilit\u00e9, voire de notabilisation. Certes, la cheffe de file des d\u00e9put\u00e9s nationalistes, Marine Le Pen, a d\u00e9nonc\u00e9 le \u00abmensonge\u00bb de Fran\u00e7ois Bayrou. \u00abLe Rassemblement national n\u2019\u00e9tait pas \u201cen vacances\u201d\u00bb, a grinc\u00e9 l\u2019\u00e9lue du Pas-de-Calais, avant d\u2019affirmer que la lettre qu\u2019elle lui avait adress\u00e9e cet \u00e9t\u00e9 sur ses \u00abpropositions budg\u00e9taires\u00bb est \u00abrest\u00e9e sans r\u00e9ponse\u00bb.<\/p>\n<p class=\"fig-paragraph\">Il n\u2019emp\u00eache, la triple candidate \u00e0 la pr\u00e9sidentielle et le patron du RN\u00a0<a href=\"http:\/\/www.lefigaro.fr\/politique\/revenir-aux-urnes-bardella-somme-macron-de-dissoudre-ou-de-demissionner-pour-sortir-de-l-impasse-politique-20250826\" data-fig-type=\"NewsFlash\" data-gtm-custom-categorie=\"navigation\" data-gtm-custom-action=\"crossclick\" data-gtm-custom-label=\"Contextuel\" data-gtm-event=\"customEventSPE\" data-fig-domain=\"LEFIGARO\" rel=\"nofollow noopener\" target=\"_blank\">Jordan Bardella<\/a>\u00a0ont confirm\u00e9 leur pr\u00e9sence la semaine prochaine \u00e0 Matignon. \u00abSans aucune illusion\u00bb, le parti nationaliste \u00abr\u00e9pond toujours positivement \u00e0 une invitation \u00e0 dialoguer, m\u00eame vaine et extr\u00eamement tardive\u00bb, explique la jeune figure nationaliste, qui plaide toujours pour un \u00abretour aux urnes, par la dissolution ou la d\u00e9mission\u00bb. Une solution qui selon lui reste n\u00e9cessaire \u00abpour sortir de l\u2019impasse politique et redonner un cap au pays\u00bb.<\/p>\n","protected":false},"excerpt":{"rendered":"La cheffe de file des d\u00e9put\u00e9s RN, Marine Le Pen, a d\u00e9nonc\u00e9 un \u00abmensonge\u00bb du premier ministre, rappelant&hellip;\n","protected":false},"author":2,"featured_media":348773,"comment_status":"","ping_status":"","sticky":false,"template":"","format":"standard","meta":{"footnotes":""},"categories":[4],"tags":[11,1011,27,431,2383,12,1078,25],"class_list":{"0":"post-348772","1":"post","2":"type-post","3":"status-publish","4":"format-standard","5":"has-post-thumbnail","7":"category-france","8":"tag-actualites","9":"tag-fr","10":"tag-france","11":"tag-francois-bayrou","12":"tag-gauche","13":"tag-news","14":"tag-rassemblement-national","15":"tag-republique-francaise"},"share_on_mastodon":{"url":"https:\/\/pubeurope.com\/@fr\/115103434530197370","error":""},"_links":{"self":[{"href":"https:\/\/www.europesays.com\/fr\/wp-json\/wp\/v2\/posts\/348772","targetHints":{"allow":["GET"]}}],"collection":[{"href":"https:\/\/www.europesays.com\/fr\/wp-json\/wp\/v2\/posts"}],"about":[{"href":"https:\/\/www.europesays.com\/fr\/wp-json\/wp\/v2\/types\/post"}],"author":[{"embeddable":true,"href":"https:\/\/www.europesays.com\/fr\/wp-json\/wp\/v2\/users\/2"}],"replies":[{"embeddable":true,"href":"https:\/\/www.europesays.com\/fr\/wp-json\/wp\/v2\/comments?post=348772"}],"version-history":[{"count":0,"href":"https:\/\/www.europesays.com\/fr\/wp-json\/wp\/v2\/posts\/348772\/revisions"}],"wp:featuredmedia":[{"embeddable":true,"href":"https:\/\/www.europesays.com\/fr\/wp-json\/wp\/v2\/media\/348773"}],"wp:attachment":[{"href":"https:\/\/www.europesays.com\/fr\/wp-json\/wp\/v2\/media?parent=348772"}],"wp:term":[{"taxonomy":"category","embeddable":true,"href":"https:\/\/www.europesays.com\/fr\/wp-json\/wp\/v2\/categories?post=348772"},{"taxonomy":"post_tag","embeddable":true,"href":"https:\/\/www.europesays.com\/fr\/wp-json\/wp\/v2\/tags?post=348772"}],"curies":[{"name":"wp","href":"https:\/\/api.w.org\/{rel}","templated":true}]}}