{"id":348774,"date":"2025-08-27T23:56:15","date_gmt":"2025-08-27T23:56:15","guid":{"rendered":"https:\/\/www.europesays.com\/fr\/348774\/"},"modified":"2025-08-27T23:56:15","modified_gmt":"2025-08-27T23:56:15","slug":"mort-de-jean-pormanove-sa-mere-digne-aux-obseques-cette-consigne-donnee-aux-amis-de-son-fils","status":"publish","type":"post","link":"https:\/\/www.europesays.com\/fr\/348774\/","title":{"rendered":"Mort de Jean Pormanove : sa m\u00e8re digne aux obs\u00e8ques, cette consigne donn\u00e9e aux amis de son fils"},"content":{"rendered":"<p data-start=\"485\" data-end=\"782\">Mercredi 27 ao\u00fbt 2025, l\u2019\u00e9motion<br \/>\n\u00e9tait palpable \u00e0 Nice lors des obs\u00e8ques de Rapha\u00ebl Graven, plus<br \/>\nconnu sous son pseudonyme <a href=\"https:\/\/www.closermag.fr\/people\/pas-de-retard-mental-une-militaire-raconte-la-vraie-personnalite-de-jean-pormanove-apres-sa-mort-en-live-3572507\" rel=\"nofollow noopener\" target=\"_blank\"><br \/>\nJean Pormanove<\/a>. Le streamer de 46 ans, <strong>d\u00e9c\u00e9d\u00e9 en direct<br \/>\nsur internet,<\/strong> a eu droit \u00e0 une c\u00e9r\u00e9monie sobre et intime,<br \/>\nen pr\u00e9sence de sa famille et de ses amis les plus proches.<\/p>\n<p data-start=\"784\" data-end=\"1115\">Apr\u00e8s une <a href=\"https:\/\/www.closermag.fr\/people\/mort-de-jean-pormanove-le-streameur-incinere-dans-la-plus-grande-discretion-a-nice-3573856\" rel=\"nofollow noopener\" target=\"_blank\"><br \/>\nmise en bi\u00e8re<\/a> suivie d\u2019un cort\u00e8ge jusqu\u2019au cr\u00e9matorium de la<br \/>\nville, une centaine de personnes a rendu un dernier hommage \u00e0 celui<br \/>\ndont le d\u00e9c\u00e8s brutal a secou\u00e9 le monde du streaming. Sa m\u00e8re, digne<br \/>\net tr\u00e8s \u00e9mue, a pris la parole pour demander \u00e0 chacun de respecter<br \/>\n<strong>une consigne bien particuli\u00e8re<\/strong> en souvenir de son<br \/>\nfils.<\/p>\n<p>Les obs\u00e8ques de Jean<br \/>\nPormanove intimes et pleines d\u00a0\u00bb\u00e9motion<\/p>\n<p data-start=\"1166\" data-end=\"1590\">Ils \u00e9taient quelques dizaines<br \/>\n\u00e0 se rassembler, proches, amis et coll\u00e8gues de Jean Pormanove, dont<br \/>\ncertains streamers avec qui il avait partag\u00e9 l\u2019aventure. Tous se<br \/>\nsont recueillis pendant plus d\u2019une heure. Parmi eux figuraient<br \/>\n<a href=\"https:\/\/www.closermag.fr\/vecu\/faits_divers\/mort-de-jean-pormanove-gros-porc-sale-ped-crasseux-le-recit-insoutenable-de-ses-dernieres-heures-3572408\" rel=\"nofollow noopener\" target=\"_blank\"><br \/>\nOwen Cenazandotti et Safine Hamadi<\/a>, que Rapha\u00ebl consid\u00e9rait<br \/>\ncomme ses petits fr\u00e8res, malgr\u00e9 <strong>leur mise en cause<\/strong><br \/>\ndans une enqu\u00eate pour \u00ab\u00a0violences volontaires en r\u00e9union sur<br \/>\npersonnes vuln\u00e9rables\u00a0\u00bb.<\/p>\n<p data-start=\"1592\" data-end=\"2121\">La c\u00e9r\u00e9monie a \u00e9t\u00e9 empreinte<br \/>\nde dignit\u00e9 et de recueillement. Abdel Aridi, streamer et ami de<br \/>\nlongue date, a confi\u00e9 : \u00ab\u00a0Il y<br \/>\navait ses amis, ses coll\u00e8gues, tous ceux qui ont particip\u00e9 aux<br \/>\nconcepts. Pour beaucoup, cela a \u00e9t\u00e9 tr\u00e8s difficile. La maman a<br \/>\n<strong>demand\u00e9 de prendre un moment pour pleurer et d\u2019avoir aussi<br \/>\nce sourire pour JP.<\/strong> Il \u00e9tait dr\u00f4le, gentil, protecteur&#8230;<br \/>\nC\u2019\u00e9tait quelqu\u2019un d\u2019adorable.\u00a0\u00bb Ces mots r\u00e9sonnent comme un<br \/>\nportrait fid\u00e8le de celui qui faisait rire et rassemblait autour de<br \/>\nlui une communaut\u00e9 de passionn\u00e9s.<\/p>\n<blockquote class=\"twitter-tweet\"><p><a class=\"twitter-link\" rel=\"noindex, nofollow noopener\" href=\"https:\/\/twitter.com\/m6info\/status\/1960738156677906924#038;t=pb1YWlOapFHlAeKwoywOTw\" target=\"_blank\"><br \/>\n<\/a><\/p><\/blockquote>\n<p>Un<br \/>\nd\u00e9c\u00e8s en direct qui continue de choquer<\/p>\n<p data-start=\"2172\" data-end=\"2716\">Jean Pormanove s\u2019est \u00e9teint le<br \/>\n18 ao\u00fbt 2025, apr\u00e8s plus de 12 jours de diffusion en continu sur la<br \/>\nplateforme australienne Kick. Pr\u00e8s de <strong>200 000 abonn\u00e9s<br \/>\nsuivaient sa cha\u00eene<\/strong>, o\u00f9 il apparaissait r\u00e9guli\u00e8rement dans<br \/>\n<a href=\"https:\/\/www.closermag.fr\/vecu\/faits_divers\/jean-pormanove-horreur-absolue-alienation-sous-mrdes-les-langues-se-delient-apres-la-mort-du-streamer-en-live-3572118\" rel=\"nofollow noopener\" target=\"_blank\"><br \/>\ndes s\u00e9quences violentes ou humiliantes<\/a>. Les vid\u00e9os le<br \/>\nmontraient insult\u00e9, frapp\u00e9, tir\u00e9 par les cheveux, ou encore vis\u00e9<br \/>\npar des tirs de paintball. \u00ab\u00a0Au d\u00e9but, c\u2019\u00e9tait juste une bande de potes. On faisait des<br \/>\npranks, des d\u00e9fis, du contenu o\u00f9 on d\u00e9conne. Tout le monde prend<br \/>\ncher dans ces concepts\u00a0\u00bb, a tent\u00e9 d\u2019expliquer Abdel Aridi.<\/p>\n<p data-start=\"2718\" data-end=\"3227\"><a href=\"https:\/\/www.closermag.fr\/people\/mort-de-jean-pormanove-en-direct-les-resultats-de-lautopsie-connus-voici-les-veritables-causes-de-son-deces-3572569\" rel=\"nofollow noopener\" target=\"_blank\"><br \/>\nL\u2019autopsie<\/a> a toutefois conclu que son d\u00e9c\u00e8s n\u2019\u00e9tait pas li\u00e9<br \/>\ndirectement \u00e0 des coups mais probablement \u00e0 <strong>des causes<br \/>\nm\u00e9dicales ou toxicologiques.<\/strong> Pourtant, la diffusion des<br \/>\nimages de ses souffrances et de <a href=\"https:\/\/www.closermag.fr\/vecu\/faits_divers\/jean-pormanove-est-mort-le-deces-brutal-du-streamer-de-46-ans-a-ete-filme-en-direct-3571957\" rel=\"nofollow noopener\" target=\"_blank\"><br \/>\nsa mort en direct<\/a> alimente un scandale sans pr\u00e9c\u00e9dent. Le<br \/>\nparquet de Paris a ouvert une enqu\u00eate visant la plateforme Kick,<br \/>\naccus\u00e9e de \u00ab\u00a0manquement\u00a0\u00bb. Le gouvernement a \u00e9galement annonc\u00e9<br \/>\nvouloir attaquer l\u2019entreprise. Face \u00e0 la pol\u00e9mique, la soci\u00e9t\u00e9 a<br \/>\nindiqu\u00e9 vouloir coop\u00e9rer avec les autorit\u00e9s fran\u00e7aises.<\/p>\n<p><script async src=\"https:\/\/platform.twitter.com\/widgets.js\" charset=\"utf-8\"><\/script><\/p>\n","protected":false},"excerpt":{"rendered":"Mercredi 27 ao\u00fbt 2025, l\u2019\u00e9motion \u00e9tait palpable \u00e0 Nice lors des obs\u00e8ques de Rapha\u00ebl Graven, plus connu sous&hellip;\n","protected":false},"author":2,"featured_media":348775,"comment_status":"","ping_status":"","sticky":false,"template":"","format":"standard","meta":{"footnotes":""},"categories":[2],"tags":[11,548,1011,27,310,12,15086],"class_list":{"0":"post-348774","1":"post","2":"type-post","3":"status-publish","4":"format-standard","5":"has-post-thumbnail","7":"category-actualites","8":"tag-actualites","9":"tag-article-simple","10":"tag-fr","11":"tag-france","12":"tag-internet","13":"tag-news","14":"tag-obseques"},"share_on_mastodon":{"url":"https:\/\/pubeurope.com\/@fr\/115103438108612740","error":""},"_links":{"self":[{"href":"https:\/\/www.europesays.com\/fr\/wp-json\/wp\/v2\/posts\/348774","targetHints":{"allow":["GET"]}}],"collection":[{"href":"https:\/\/www.europesays.com\/fr\/wp-json\/wp\/v2\/posts"}],"about":[{"href":"https:\/\/www.europesays.com\/fr\/wp-json\/wp\/v2\/types\/post"}],"author":[{"embeddable":true,"href":"https:\/\/www.europesays.com\/fr\/wp-json\/wp\/v2\/users\/2"}],"replies":[{"embeddable":true,"href":"https:\/\/www.europesays.com\/fr\/wp-json\/wp\/v2\/comments?post=348774"}],"version-history":[{"count":0,"href":"https:\/\/www.europesays.com\/fr\/wp-json\/wp\/v2\/posts\/348774\/revisions"}],"wp:featuredmedia":[{"embeddable":true,"href":"https:\/\/www.europesays.com\/fr\/wp-json\/wp\/v2\/media\/348775"}],"wp:attachment":[{"href":"https:\/\/www.europesays.com\/fr\/wp-json\/wp\/v2\/media?parent=348774"}],"wp:term":[{"taxonomy":"category","embeddable":true,"href":"https:\/\/www.europesays.com\/fr\/wp-json\/wp\/v2\/categories?post=348774"},{"taxonomy":"post_tag","embeddable":true,"href":"https:\/\/www.europesays.com\/fr\/wp-json\/wp\/v2\/tags?post=348774"}],"curies":[{"name":"wp","href":"https:\/\/api.w.org\/{rel}","templated":true}]}}