{"id":348785,"date":"2025-08-28T00:05:15","date_gmt":"2025-08-28T00:05:15","guid":{"rendered":"https:\/\/www.europesays.com\/fr\/348785\/"},"modified":"2025-08-28T00:05:15","modified_gmt":"2025-08-28T00:05:15","slug":"lemplacement-du-futur-site-du-stade-du-mhsc-devoile-en-octobre-michael-delafosse-evoque-les-sujets-sportifs-en-cette-rentree","status":"publish","type":"post","link":"https:\/\/www.europesays.com\/fr\/348785\/","title":{"rendered":"L\u2019emplacement du futur site du stade du MHSC d\u00e9voil\u00e9 en octobre\u00a0? Micha\u00ebl Delafosse \u00e9voque les sujets sportifs en cette rentr\u00e9e"},"content":{"rendered":"<p>\n                                                                Le maire de Montpellier a \u00e9galement \u00e9voqu\u00e9 le mus\u00e9e Louis Nicollin et le probl\u00e8me du stade de rugby en jouant l\u2019apaisement avec Mohed Altrad.\n                            <\/p>\n<p>Le maire de Montpellier a profit\u00e9 de la rentr\u00e9e politique, ce mercredi 27\u00a0ao\u00fbt, pour \u00e9voquer plusieurs dossiers li\u00e9s \u00e0 l\u2019actualit\u00e9 sportive locale, \u00e0 commencer par ses relations tendues avec Mohed Altrad, pr\u00e9sident du MHR, qu\u2019il pourrait retrouver face \u00e0 lui lors des prochaines \u00e9lections municipales.<\/p>\n<p>Interrog\u00e9 sur ses rapports avec le patron du club de rugby, Micha\u00ebl Delafosse a tenu \u00e0 temporiser. \u00ab\u00a0Je souhaite la meilleure saison possible au MHR\u00a0\u00bb, a-t-il d\u00e9clar\u00e9 en pr\u00e9ambule. Une main tendue, m\u00eame s\u2019il a confirm\u00e9 avoir fait constater par huissier les d\u00e9gradations au sein du Septeo Stadium, apr\u00e8s une vid\u00e9o pol\u00e9mique que le maire avait peu appr\u00e9ci\u00e9.<\/p>\n<p>\u00ab\u00a0Le club, en tant que locataire, a des responsabilit\u00e9s dans l\u2019entretien\u00a0\u00bb, a-t-il rappel\u00e9, tout en soulignant que cela n\u2019avait pas emp\u00each\u00e9 la Ville d\u2019investir 500\u00a0000\u00a0\u20ac pour refaire la pelouse. Et de rappeler que Montpellier investit chaque ann\u00e9e 1,8 M\u20ac d\u2019argent public dans le rugby montpelli\u00e9rain.<\/p>\n<p>Annonce de l\u2019emplacement du futur stade en octobre\u00a0?<\/p>\n<p>Concernant le football cette fois, Micha\u00ebl Delafosse a livr\u00e9 deux annonces importantes. La premi\u00e8re\u00a0: le site du futur stade qui doit remplacer La Mosson pourrait \u00eatre d\u00e9voil\u00e9 en octobre, lors d\u2019une conf\u00e9rence de presse conjointe avec Laurent Nicollin, pr\u00e9sident du MHSC, depuis le stade actuel. \u00ab\u00a0C\u2019est l\u00e0 que tout va continuer de se passer encore quelques ann\u00e9es\u00a0\u00bb, a-t-il affirm\u00e9, conscient qu\u2019un nouveau stade ne sortira pas de terre avant longtemps. Le projet sera int\u00e9gralement financ\u00e9 par des fonds priv\u00e9s, a-t-il pr\u00e9cis\u00e9.<\/p>\n<p>En parall\u00e8le, le maire a assur\u00e9 en revanche qu\u2019il financera la cr\u00e9ation d\u2019un mus\u00e9e du sport, destin\u00e9 \u00e0 accueillir l\u2019incroyable collection de Loulou Nicollin, actuellement entrepos\u00e9e au Mas Saint-Gabriel \u00e0 Marsillargues.<\/p>\n","protected":false},"excerpt":{"rendered":"Le maire de Montpellier a \u00e9galement \u00e9voqu\u00e9 le mus\u00e9e Louis Nicollin et le probl\u00e8me du stade de rugby&hellip;\n","protected":false},"author":2,"featured_media":348786,"comment_status":"","ping_status":"","sticky":false,"template":"","format":"standard","meta":{"footnotes":""},"categories":[9599],"tags":[1111,11,1777,674,1011,27,2208,12,2680,25],"class_list":{"0":"post-348785","1":"post","2":"type-post","3":"status-publish","4":"format-standard","5":"has-post-thumbnail","7":"category-montpellier","8":"tag-actu","9":"tag-actualites","10":"tag-eu","11":"tag-europe","12":"tag-fr","13":"tag-france","14":"tag-montpellier","15":"tag-news","16":"tag-occitanie","17":"tag-republique-francaise"},"share_on_mastodon":{"url":"https:\/\/pubeurope.com\/@fr\/115103473515018846","error":""},"_links":{"self":[{"href":"https:\/\/www.europesays.com\/fr\/wp-json\/wp\/v2\/posts\/348785","targetHints":{"allow":["GET"]}}],"collection":[{"href":"https:\/\/www.europesays.com\/fr\/wp-json\/wp\/v2\/posts"}],"about":[{"href":"https:\/\/www.europesays.com\/fr\/wp-json\/wp\/v2\/types\/post"}],"author":[{"embeddable":true,"href":"https:\/\/www.europesays.com\/fr\/wp-json\/wp\/v2\/users\/2"}],"replies":[{"embeddable":true,"href":"https:\/\/www.europesays.com\/fr\/wp-json\/wp\/v2\/comments?post=348785"}],"version-history":[{"count":0,"href":"https:\/\/www.europesays.com\/fr\/wp-json\/wp\/v2\/posts\/348785\/revisions"}],"wp:featuredmedia":[{"embeddable":true,"href":"https:\/\/www.europesays.com\/fr\/wp-json\/wp\/v2\/media\/348786"}],"wp:attachment":[{"href":"https:\/\/www.europesays.com\/fr\/wp-json\/wp\/v2\/media?parent=348785"}],"wp:term":[{"taxonomy":"category","embeddable":true,"href":"https:\/\/www.europesays.com\/fr\/wp-json\/wp\/v2\/categories?post=348785"},{"taxonomy":"post_tag","embeddable":true,"href":"https:\/\/www.europesays.com\/fr\/wp-json\/wp\/v2\/tags?post=348785"}],"curies":[{"name":"wp","href":"https:\/\/api.w.org\/{rel}","templated":true}]}}