{"id":348799,"date":"2025-08-28T00:18:11","date_gmt":"2025-08-28T00:18:11","guid":{"rendered":"https:\/\/www.europesays.com\/fr\/348799\/"},"modified":"2025-08-28T00:18:11","modified_gmt":"2025-08-28T00:18:11","slug":"nice-la-metropole-nice-cote-dazur-poursuit-lamelioration-du-reseau-de-transports-lignes-dazur","status":"publish","type":"post","link":"https:\/\/www.europesays.com\/fr\/348799\/","title":{"rendered":"NICE : La M\u00e9tropole Nice C\u00f4te d\u2019Azur poursuit l\u2019am\u00e9lioration du r\u00e9seau de transports Lignes d\u2019Azur"},"content":{"rendered":"<p><strong>A partir du 1er septembre.<\/strong>\u00a0<\/p>\n<p>La fr\u00e9quentation du r\u00e9seau Lignes d\u2019Azur est en augmentation constante, avec pr\u00e8s de 40% d\u2019augmentation des abonnements entre 2023 et 2025.<\/p>\n<p>Depuis la fin d\u2019ann\u00e9e 2024, le r\u00e9seau lignes d\u2019azur repr\u00e9sente<strong> pr\u00e8s de 400\u00a0000 voyages par jour !<\/strong><\/p>\n<p>Ces chiffres sont le r\u00e9sultat d\u2019un <strong>r\u00e9seau qui \u00e9volue pour mieux s\u2019adapter aux besoins du territoire<\/strong>. Pour continuer dans cette dynamique d\u2019attractivit\u00e9, de nouvelles dispositions sont mises en place au 1er septembre.<\/p>\n<ul>\n<li><strong>Cr\u00e9ation d\u2019une nouvelle ligne \u00ab\u00a0Sp\u00e9cial Foot\u00a0\u00bb au d\u00e9part de Plan du Var<\/strong><\/li>\n<\/ul>\n<p>Au d\u00e9part de Plan du Var, elle dessert Saint-Martin-du-Var et Carros jusqu\u2019au stade de Nice. Elle circule 2h30 avant le d\u00e9but de chaque match et assure le retour 45 minutes apr\u00e8s la fin de la rencontre.<\/p>\n<ul>\n<li><strong>Cr\u00e9ation d\u2019une navette pour desservir la portion de la ligne 30 non desservie suite \u00e0 un affaissement priv\u00e9<\/strong><\/li>\n<\/ul>\n<p>La nouvelle navette NV30 dessert la portion de l\u2019itin\u00e9raire de la ligne 30 non desservie en raison d\u2019un probl\u00e8me d\u2019affaissement priv\u00e9 de la voirie et d\u2019une interdiction de circulation des v\u00e9hicules de + de 3,5 tonnes. Ce petit v\u00e9hicule de 5 places circule du lundi au samedi, de 7h00 \u00e0 19h00, toutes les 20 minutes environ. La NV30 est mise en service temporairement jusqu\u2019\u00e0 la fin du d\u00e9sordre caus\u00e9 par un propri\u00e9taire priv\u00e9.<\/p>\n<ul>\n<li><strong>Reprise des itin\u00e9raires initiaux respectifs des lignes 60 et 61, 43 et R<\/strong><\/li>\n<\/ul>\n<p>\u2013 La ligne 60 effectue l\u2019itin\u00e9raire \u00ab Magnan  Croix de Berra \u00bb via la route de Bellet.<\/p>\n<p>\u2013 La ligne 61 relie \u00ab Magnan \u00bb \u00e0 \u00ab Ferber \u00bb en desservant la route de Canta Galet et Saint-Antoine-Ginesti\u00e8re.<\/p>\n<p>\u2013 Les lignes 43 et R \u00e0 destination du Coll\u00e8ge de l\u2019Archet reprennent leurs itin\u00e9raires initiaux.<\/p>\n<p>\u2013 La mont\u00e9e et la descente sont possibles sur l\u2019ensemble des arr\u00eats de la ligne 43.<\/p>\n<p>\u2013 En cons\u00e9quence de la reprise des itin\u00e9raires des lignes r\u00e9guli\u00e8res, la navette Durandy n\u2019est plus en service.<\/p>\n<ul>\n<li><strong>Renforcement de la ligne 51 <\/strong>(Ferber \u2194 Mont Fabron \u2194 Ferber)<\/li>\n<\/ul>\n<p>La fr\u00e9quence de la ligne 51 est renforc\u00e9e avec un bus suppl\u00e9mentaire du lundi au vendredi de 7h00 \u00e0 19h00, en p\u00e9riode scolaire. Sa fr\u00e9quence est am\u00e9lior\u00e9e avec un bus toutes les 18 minutes, au lieu d\u2019un bus toutes les 25 minutes jusqu\u2019alors. De plus, au d\u00e9part de Ferber le week-end, les lignes 50 (CADAM Centre Administratif \u2194 Ferber) et 51 sont cadenc\u00e9es afin d\u2019offrir une meilleure r\u00e9partition des d\u00e9parts.<\/p>\n<ul>\n<li><strong>Renforcement de la ligne 63 <\/strong>(Cernuschi \u2194 Borriglione)<\/li>\n<\/ul>\n<p>En juillet et ao\u00fbt 2024, 3 d\u00e9parts avaient \u00e9t\u00e9 ajout\u00e9s en soir\u00e9e \u00e0 titre exp\u00e9rimental. Au regard de leur succ\u00e8s, la M\u00e9tropole Nice C\u00f4te d\u2019Azur a renouvel\u00e9 ce renfort en l\u2019\u00e9tendant en 2025 aux mois de juin et septembre. La ligne 63 b\u00e9n\u00e9ficie donc de 3 d\u00e9parts suppl\u00e9mentaires en soir\u00e9e jusqu\u2019au 28 septembre : \u00e0 22h00, 23h00 et 00h00 depuis Borriglione en direction de Cernuschi.<\/p>\n<ul>\n<li><strong>Renforcement de la ligne 92 <\/strong>(Isola 2000 Les Hameaux \u2194 Les Arboras \/ Universit\u00e9)<\/li>\n<\/ul>\n<p>La ligne 92 fonctionne d\u00e9sormais toute l\u2019ann\u00e9e, pour offrir une meilleure liaison entre Isola et Nice.<\/p>\n<p><strong>Elle adapte ses horaires selon les saisons. Au 1er septembre elle circule du lundi au samedi :<\/strong><\/p>\n<p>\u2013 Un d\u00e9part de 8h d\u2019Isola 2000 (arriv\u00e9e \u00e0 Nice \u00e0 10h10).<\/p>\n<p>\u2013 Un d\u00e9part de 17h10 de Nice (arriv\u00e9e \u00e0 19h30 \u00e0 Isola 2000.<\/p>\n<ul>\n<li><strong>Renforcement de la ligne 21 (Grand Ar\u00e9nas \u2194 Le Gu\u00e9 \/ Shopping Promenade) qui circulera plus t\u00f4t et plus tard<\/strong><strong>\u00a0<\/strong><\/li>\n<\/ul>\n<p><strong>Direction Grand Ar\u00e9nas, depuis l\u2019arr\u00eat Le Gu\u00e9 \/ Shopping Promenade\u00a0:<\/strong><\/p>\n<p>\u2013 Du lundi au samedi, un nouveau d\u00e9part est mis en place \u00e0 22h.<\/p>\n<p>\u2013 Le dimanche, un nouveau d\u00e9part est mis en place \u00e0 9h.<\/p>\n<p>Direction Le Gu\u00e9 \/ Shopping Promenade, depuis l\u2019arr\u00eat Grand Ar\u00e9nas :<\/p>\n<p>\u2013 Le dimanche, un nouveau d\u00e9part est mis en place \u00e0 8h10.<\/p>\n<ul>\n<li><strong>Renforcement de la ligne 32 <\/strong>(Caucade \/ Place Sainte-Marguerite \u2194 Ferber)<\/li>\n<\/ul>\n<p>Un nouveau d\u00e9part est mis en place \u00e0 20h00 depuis Ferber le dimanche soir.<\/p>\n<ul>\n<li><strong>Renforcement de la ligne 20 <\/strong>(Grand Ar\u00e9nas \u2194 Giono \/ Les Pugets)<strong>\u00a0<\/strong><\/li>\n<\/ul>\n<p>Un nouveau d\u00e9part est mis en place \u00e0 6h40 de Giono \/ Les Pugets le dimanche matin.<\/p>\n<ul>\n<li><strong>La ligne 7 <\/strong>(Ariane \/ G\u00e9n\u00e9ral Saramito \u2194 Port Lympia)\u00a0<strong>adapte ses horaires pour offrir une meilleure desserte de l\u2019H\u00f4pital Sainte-Marie en soir\u00e9e<\/strong><strong>\u00a0<\/strong><\/li>\n<\/ul>\n<p>\u2013 Du lundi au vendredi, le d\u00e9part de 21h10 depuis l\u2019arr\u00eat Ariane \/ G\u00e9n\u00e9ral Saramito est d\u00e9cal\u00e9 \u00e0 21h20 pour un passage \u00e0 l\u2019arr\u00eat H\u00f4pital Sainte-Marie \u00e0 21h30.<\/p>\n<p>\u2013 Le samedi, le d\u00e9part de 21h10 depuis l\u2019arr\u00eat Ariane \/ G\u00e9n\u00e9ral Saramito est d\u00e9cal\u00e9 \u00e0 21h25 pour un passage \u00e0 l\u2019arr\u00eat H\u00f4pital Sainte-Marie \u00e0 21h36.<\/p>\n<p>\u2013 Le dimanche, le d\u00e9part de 21h35 depuis l\u2019arr\u00eat Ariane \/ G\u00e9n\u00e9ral Saramito est avanc\u00e9 \u00e0 21h31 pour un passage \u00e0 l\u2019arr\u00eat H\u00f4pital Sainte-Marie \u00e0 21h41.<\/p>\n<ul>\n<li><strong>La ligne 31 <\/strong>(Pont du G\u00e9nie \u2194 Madeleine Sup\u00e9rieure \u2194 La Madeleine \u2194 Hameaux de la Costi\u00e8re) <strong>adapte ses horaires pour mieux desservir la Madeleine Sup\u00e9rieure<\/strong><\/li>\n<\/ul>\n<p>\u2013 Le d\u00e9part de 7h15 effectu\u00e9 depuis l\u2019arr\u00eat Hameaux de la Costi\u00e8re est avanc\u00e9 \u00e0 7h10.<\/p>\n<p>\u2013 Le d\u00e9part de 20h02 depuis l\u2019arr\u00eat Madeleine Sup\u00e9rieure est retard\u00e9 \u00e0 20h07.<\/p>\n<ul>\n<li><strong>La ligne 73 <\/strong>(M\u00e9diath\u00e8que (Carros) \u2194 Centre Commercial CAP3000) <strong>dessert mieux le quartier de la Baronne \u00e0 Saint-Laurent-du-Var<\/strong><\/li>\n<\/ul>\n<p>Afin d\u2019accompagner le d\u00e9veloppement du quartier de la Baronne, la ligne dessert d\u00e9sormais, \u00e0 toutes ses courses, la route des Pugets.<\/p>\n<ul>\n<li><strong>La ligne 81 <\/strong>(Pont de Peille \/ La Condamine \u2194 Ariane \/ G\u00e9n\u00e9ral Saramito) <strong>adapte ses horaires pour mieux desservir le lyc\u00e9e Goscinny \u00e0 Drap aux entr\u00e9es et sorties des \u00e9l\u00e8ves.<\/strong><\/li>\n<\/ul>\n<ul>\n<li><strong>La ligne 49 <\/strong>(Le Peyron \u2194 La Gaude Stade \u2194 Gare Cagnes-sur-Mer) <strong>est prolong\u00e9e jusqu\u2019\u00e0 la Gare de Cagnes-sur-Mer<\/strong><strong>\u00a0<\/strong><\/li>\n<\/ul>\n<p>La Ligne 49 change de terminus pour desservir le p\u00f4le d\u2019\u00e9changes multimodal de la Gare de Cagnes-sur-mer pour offrir une meilleure intermodalit\u00e9.<\/p>\n<ul>\n<li><strong>Les lignes \u00e0 la carte \u00e9voluent <\/strong><\/li>\n<\/ul>\n<p>\u2013 La ligne \u00e0 la carte C6 desservira Castagniers sur les 15 arr\u00eats existants sur la commune ainsi que sur 3 nouveaux \u00ab Tennis Castagniers \u00bb, \u00ab Carretier \u00bb et \u00ab Halte Castagniers \u00bb. Quatre autres nouveaux arr\u00eats sont int\u00e9gr\u00e9s \u00e0 la zone de desserte :\u00a0 \u00a0Plan du Var, Cascade, Baus-Roux, Pont Charles Albert.<\/p>\n<p>\u2013 Les courses fixes des lignes \u00e0 la C6 (Saint-Martin-du-Var, La Roquette-sur-Var, Levens, Duranus, Castagniers), Carte C7 (Aspremont, Ch\u00e2teauneuf-Villevieille, Levens, Saint-Blaise et Tourrette-Levens) et C10 (Gilette, Bonson) sont assur\u00e9es sur r\u00e9servation, jusqu\u2019\u00e0 la derni\u00e8re minute\u00a0; sur le site internet Lignesdazur, sur l\u2019application mobile \u00ab\u00a0Lignes d\u2019Azur \u00e0 la Carte\u00a0\u00bb ou par t\u00e9l\u00e9phone au 0800 006\u00a0007.<\/p>\n<p>\u2013 Un nouvel arr\u00eat est cr\u00e9\u00e9 sur la ligne \u00e0 la carte C32 (Les Buisses \/ Roubion \/ Roure \/ Saint-Sauveur-sur-Tin\u00e9e) \u00ab Vallon du Moulin \u00bb sur la commune de Roubion.<\/p>\n<ul>\n<li><strong>3 arr\u00eats sont renomm\u00e9s pour mieux coller avec le quotidien<\/strong><strong>\u00a0<\/strong><\/li>\n<\/ul>\n<p>\u2013 Ligne 11\u00a0: \u00ab\u00a0Ecole des Baumettes\u00a0\u00bb est renomm\u00e9 \u00ab\u00a0Dante\u00a0\u00bb<\/p>\n<p>\u2013 Ligne 12+ et CADAM Est\u00a0: \u00ab\u00a0Lavalli\u00e8re\/Promenade\u00a0\u00bb est renomm\u00e9 \u00ab\u00a0Parc Phoenix\/Promenade\u00a0\u00bb.<\/p>\n<p>\u2013 Lignes 91, 92 et C40\u00a0: \u00ab\u00a0La Tour sur Tin\u00e9e Gare\u00a0\u00bb est renomm\u00e9 \u00ab\u00a0La Tour sur Tin\u00e9e\u00a0\u00bb<\/p>\n<ul>\n<li>Retrouvez l\u2019information d\u00e9taill\u00e9e et toutes les fiches horaires de la rentr\u00e9e dans les actualit\u00e9s du site lignesdazur.com.<\/li>\n<li>Pour tout renseignement compl\u00e9mentaire, le centre de relation client\u00e8le de Lignes d\u2019Azur reste disponible\u00a0au 08 1006 1006 du lundi au samedi de 6h \u00e0 20h30 et le dimanche de 7h \u00e0 20h.<\/li>\n<li>Plus d\u2019informations sur le site internet et les r\u00e9seaux sociaux de Lignes d\u2019Azur.<\/li>\n<\/ul>\n","protected":false},"excerpt":{"rendered":"A partir du 1er septembre.\u00a0 La fr\u00e9quentation du r\u00e9seau Lignes d\u2019Azur est en augmentation constante, avec pr\u00e8s de&hellip;\n","protected":false},"author":2,"featured_media":210619,"comment_status":"","ping_status":"","sticky":false,"template":"","format":"standard","meta":{"footnotes":""},"categories":[2819],"tags":[1111,11,1777,674,1011,27,12,2401,882,25],"class_list":{"0":"post-348799","1":"post","2":"type-post","3":"status-publish","4":"format-standard","5":"has-post-thumbnail","7":"category-nice","8":"tag-actu","9":"tag-actualites","10":"tag-eu","11":"tag-europe","12":"tag-fr","13":"tag-france","14":"tag-news","15":"tag-nice","16":"tag-provence-alpes-cote-dazur","17":"tag-republique-francaise"},"share_on_mastodon":{"url":"https:\/\/pubeurope.com\/@fr\/115103524649236693","error":""},"_links":{"self":[{"href":"https:\/\/www.europesays.com\/fr\/wp-json\/wp\/v2\/posts\/348799","targetHints":{"allow":["GET"]}}],"collection":[{"href":"https:\/\/www.europesays.com\/fr\/wp-json\/wp\/v2\/posts"}],"about":[{"href":"https:\/\/www.europesays.com\/fr\/wp-json\/wp\/v2\/types\/post"}],"author":[{"embeddable":true,"href":"https:\/\/www.europesays.com\/fr\/wp-json\/wp\/v2\/users\/2"}],"replies":[{"embeddable":true,"href":"https:\/\/www.europesays.com\/fr\/wp-json\/wp\/v2\/comments?post=348799"}],"version-history":[{"count":0,"href":"https:\/\/www.europesays.com\/fr\/wp-json\/wp\/v2\/posts\/348799\/revisions"}],"wp:featuredmedia":[{"embeddable":true,"href":"https:\/\/www.europesays.com\/fr\/wp-json\/wp\/v2\/media\/210619"}],"wp:attachment":[{"href":"https:\/\/www.europesays.com\/fr\/wp-json\/wp\/v2\/media?parent=348799"}],"wp:term":[{"taxonomy":"category","embeddable":true,"href":"https:\/\/www.europesays.com\/fr\/wp-json\/wp\/v2\/categories?post=348799"},{"taxonomy":"post_tag","embeddable":true,"href":"https:\/\/www.europesays.com\/fr\/wp-json\/wp\/v2\/tags?post=348799"}],"curies":[{"name":"wp","href":"https:\/\/api.w.org\/{rel}","templated":true}]}}