{"id":348808,"date":"2025-08-28T00:23:11","date_gmt":"2025-08-28T00:23:11","guid":{"rendered":"https:\/\/www.europesays.com\/fr\/348808\/"},"modified":"2025-08-28T00:23:11","modified_gmt":"2025-08-28T00:23:11","slug":"previsions-du-jeudi-28-aout-2025-8","status":"publish","type":"post","link":"https:\/\/www.europesays.com\/fr\/348808\/","title":{"rendered":"pr\u00e9visions du jeudi 28 ao\u00fbt 2025"},"content":{"rendered":"<p>Toulouse, o\u00f9 des nuages subsisteront aujourd&rsquo;hui, continuera d&rsquo;attendre le soleil. Il faudra s&rsquo;attendre \u00e0 des perturbations, les Toulousains se retrouveront sous des pluies \u00e9parses. Les valeurs afficheront entre 15 et 19\u00b0C. Une petite brise d&rsquo;ouest soufflera au cours de la matin\u00e9e. Encore de la grisaille l&rsquo;apr\u00e8s-midi. Les nuages vont stationner. Les temp\u00e9ratures seront comprises entre 18 et 19\u00b0C. On pr\u00e9voit des \u00e9claircies pour cette soir\u00e9e. Le thermom\u00e8tre affichera 18\u00b0C en moyenne. On s&rsquo;attend \u00e0 une nuit claire entre jeudi et vendredi.<\/p>\n<p>La m\u00e9t\u00e9o va se r\u00e9chauffer demain \u00e0 Toulouse avec une hausse de quelques degr\u00e9s. Il va faire 19\u00b0C en moyenne. Petits et grands pourront passer leur matin\u00e9e sous un ciel un peu nuageux. Il fera environ 19\u00b0C. Un vent de sud-ouest rafra\u00eechira l\u00e9g\u00e8rement l&rsquo;atmosph\u00e8re. Demain apr\u00e8s-midi, des nuages \u00e9mailleront le ciel, retardant ainsi l&rsquo;arriv\u00e9e du soleil. Des pluies \u00e9parses vont tomber. D&rsquo;un autre c\u00f4t\u00e9, les temp\u00e9ratures vont enregistrer une augmentation de quelques degr\u00e9s. Les valeurs s&rsquo;\u00e9chelonneront de 22 \u00e0 24\u00b0C. Un vent de nord-ouest, atteignant 30 km\/h, soufflera. Les temp\u00e9ratures seront de 19\u00b0C au cours de la soir\u00e9e. Un vent d&rsquo;ouest soufflera \u00e0 21 km\/h.<\/p>\n<p>Les conditions m\u00e9t\u00e9orologiques des journ\u00e9es qui suivent vont changer progressivement. M\u00eame si le beau temps perdurera quelque peu samedi, il faut pr\u00e9voir une d\u00e9gradation par la suite.<\/p>\n<p><\/p>\n","protected":false},"excerpt":{"rendered":"Toulouse, o\u00f9 des nuages subsisteront aujourd&rsquo;hui, continuera d&rsquo;attendre le soleil. Il faudra s&rsquo;attendre \u00e0 des perturbations, les Toulousains&hellip;\n","protected":false},"author":2,"featured_media":348809,"comment_status":"","ping_status":"","sticky":false,"template":"","format":"standard","meta":{"footnotes":""},"categories":[2816],"tags":[1111,11,1777,674,1011,27,2722,2721,12,2680,2119,25,2312],"class_list":{"0":"post-348808","1":"post","2":"type-post","3":"status-publish","4":"format-standard","5":"has-post-thumbnail","7":"category-toulouse","8":"tag-actu","9":"tag-actualites","10":"tag-eu","11":"tag-europe","12":"tag-fr","13":"tag-france","14":"tag-haute-garonne","15":"tag-midi-pyrenees","16":"tag-news","17":"tag-occitanie","18":"tag-previsions-meteo","19":"tag-republique-francaise","20":"tag-toulouse"},"share_on_mastodon":{"url":"https:\/\/pubeurope.com\/@fr\/115103544311917403","error":""},"_links":{"self":[{"href":"https:\/\/www.europesays.com\/fr\/wp-json\/wp\/v2\/posts\/348808","targetHints":{"allow":["GET"]}}],"collection":[{"href":"https:\/\/www.europesays.com\/fr\/wp-json\/wp\/v2\/posts"}],"about":[{"href":"https:\/\/www.europesays.com\/fr\/wp-json\/wp\/v2\/types\/post"}],"author":[{"embeddable":true,"href":"https:\/\/www.europesays.com\/fr\/wp-json\/wp\/v2\/users\/2"}],"replies":[{"embeddable":true,"href":"https:\/\/www.europesays.com\/fr\/wp-json\/wp\/v2\/comments?post=348808"}],"version-history":[{"count":0,"href":"https:\/\/www.europesays.com\/fr\/wp-json\/wp\/v2\/posts\/348808\/revisions"}],"wp:featuredmedia":[{"embeddable":true,"href":"https:\/\/www.europesays.com\/fr\/wp-json\/wp\/v2\/media\/348809"}],"wp:attachment":[{"href":"https:\/\/www.europesays.com\/fr\/wp-json\/wp\/v2\/media?parent=348808"}],"wp:term":[{"taxonomy":"category","embeddable":true,"href":"https:\/\/www.europesays.com\/fr\/wp-json\/wp\/v2\/categories?post=348808"},{"taxonomy":"post_tag","embeddable":true,"href":"https:\/\/www.europesays.com\/fr\/wp-json\/wp\/v2\/tags?post=348808"}],"curies":[{"name":"wp","href":"https:\/\/api.w.org\/{rel}","templated":true}]}}