{"id":348812,"date":"2025-08-28T00:25:15","date_gmt":"2025-08-28T00:25:15","guid":{"rendered":"https:\/\/www.europesays.com\/fr\/348812\/"},"modified":"2025-08-28T00:25:15","modified_gmt":"2025-08-28T00:25:15","slug":"vous-voulez-devenir-createur-de-contenu-vous-pouvez-encore-rejoindre-lecole-des-narrations-numeriques-de-lille-27-08-2025","status":"publish","type":"post","link":"https:\/\/www.europesays.com\/fr\/348812\/","title":{"rendered":"Vous voulez devenir cr\u00e9ateur de contenu ? Vous pouvez encore rejoindre l\u2019\u00c9cole des Narrations Num\u00e9riques de Lille &#8211; 27\/08\/2025"},"content":{"rendered":"<p>\n        L\u2019\u00c9cole des Narrations Num\u00e9riques (ENN Lille), port\u00e9e par l\u2019ESJ Lille, s&rsquo;est install\u00e9e pour former une nouvelle g\u00e9n\u00e9ration de cr\u00e9ateurs et cr\u00e9atrices de contenus num\u00e9riques. Son Bachelor en production de contenus num\u00e9riques vient r\u00e9pondre aux besoins croissants en storytelling digital. Bonne nouvelle : les candidat\u00b7es peuvent encore postuler via la phase compl\u00e9mentaire de Parcoursup, ouverte jusqu\u2019au 11 septembre 2025.<\/p>\n<p>Install\u00e9e depuis 2024 en plein c\u0153ur de Lille, l\u2019\u00c9cole des Narrations Num\u00e9riques (ENN Lille) a \u00e9t\u00e9 lanc\u00e9e par l\u2019ESJ Lille, A.K.A une des \u00e9coles de journalisme les plus reconnues en France. Mais ici, pas de JT ni de journalisme : on parle storytelling, cr\u00e9ation de contenus, r\u00e9seaux sociaux, podcasts, vid\u00e9o, audiovisuel et m\u00eame intelligence artificielle.<\/p>\n<p>Le but ? Former des pros du contenu qui savent \u00e9crire, filmer, monter, cr\u00e9er des formats innovants, raconter une histoire\u2026 et capter l\u2019attention des gens dans un monde o\u00f9 tout va tr\u00e8s (trop) vite.<\/p>\n<p>Une formation tourn\u00e9e vers les m\u00e9tiers du num\u00e9rique<\/p>\n<p>Ce bachelor de 3 ans (180 cr\u00e9dits ECTS) vous pr\u00e9pare concr\u00e8tement aux m\u00e9tiers du contenu digital. Vous apprendrez \u00e0 r\u00e9diger pour le web, cr\u00e9er des formats vid\u00e9os et audio, ma\u00eetriser le storytelling, comprendre les enjeux du SEO, du marketing ou de la RSE, et utiliser des outils comme l\u2019intelligence artificielle. \u00ab\u00a0L&rsquo;ADN de l&rsquo;ESJ Lille est au c\u0153ur de cette nouvelle \u00e9cole avec la m\u00eame p\u00e9dagogie mais \u00e7a ne forme pas aux m\u00eames m\u00e9tiers\u00a0\u00bb, explique Charlotte Menegaux, directrice d\u00e9veloppement formations qui insiste sur le fait que l&rsquo;objectif de l&rsquo;ENN Lille n&rsquo;est pas de pr\u00e9parer une \u00e9cole de journalisme par la suite.<\/p>\n<p>Au terme du cursus, vous aurez toutes les cartes en main pour devenir content manager, r\u00e9dacteur web, cr\u00e9ateur de contenus, storyteller, vid\u00e9aste, podcasteur, ou encore community\/social media manager, que ce soit en agence, dans les services communication des entreprises ou dans des institutions. \u00ab\u00a0Des profils qui nous ont \u00e9t\u00e9 demand\u00e9s par des entreprises\u00a0\u00bb, assure la responsable.<\/p>\n<p>Et cette mise en situation professionnelle commence d\u00e8s la formation. Chaque ann\u00e9e, les \u00e9tudiant\u00b7es effectuent un stage, de plus en plus long, et multiplient les projets concrets.\u00a0\u00ab\u00a0La premi\u00e8re promotion a ainsi travaill\u00e9 sur des \u00e9v\u00e9nements comme des matchs de rugby ou le rassemblement Cap\u2019Com\u00a0\u00bb, d\u00e9taille la directrice. Cette ann\u00e9e, iels devront cr\u00e9er et animer leur propre cha\u00eene YouTube, podcast ou leur newsletter, avec pour objectif de faire cro\u00eetre leur audience.<\/p>\n<p>En parall\u00e8le, des masterclass leur permettent de rencontrer des intervenant\u00b7es issu\u00b7es de domaines vari\u00e9s, de LilleAddict, cr\u00e9atrice de podcasts pour Decathlon, \u00e0 la gendarmerie nationale.\u00a0\u00ab\u00a0L&rsquo;objectif est de leur faire d\u00e9couvrir la richesse des m\u00e9tiers auxquels ils peuvent pr\u00e9tendre par la suite.\u00a0\u00bb<\/p>\n<p>      <a data-fslightbox=\"lightbox-73067\" data-caption=\"Exp&#xE9;rience lors d&#039;un match de rugby. &#xA9;ENNLille\" href=\"https:\/\/vozer.s3.eu-west-3.amazonaws.com\/production\/1756198883\/0t72ru619s9ivuyfbg9r808wdf70\/enn-match-rugby-1-1.png\" rel=\"nofollow noopener\" target=\"_blank\"><br \/>\n        <img decoding=\"async\" class=\"mw-100 lazy\" alt=\"Exp&#xE9;rience lors d'un match de rugby. &#xA9;ENNLille\" lazy=\"true\" src=\"https:\/\/www.europesays.com\/fr\/wp-content\/uploads\/2025\/08\/enn-match-rugby-1-1.webp.webp\"\/><br \/>\n      <\/a><br \/>\n        Exp\u00e9rience lors d&rsquo;un match de rugby. \u00a9ENNLille<\/p>\n<p>C\u00f4t\u00e9 pratique, la formation est payante, mais l\u2019ENN Lille met tout en place pour faciliter la r\u00e9ussite des \u00e9tudiant\u00b7es. Chaque inscrit\u00b7e se voit pr\u00eater un ordinateur portable (MacBook) pour toute la dur\u00e9e du Bachelor. Autre bonne nouvelle : pour la session 2025, les frais de dossier sont offerts aux candidat\u00b7es.<\/p>\n<p>Parcoursup : comment jouer votre derni\u00e8re chance ?<\/p>\n<p>Si vous n&rsquo;avez pas encore trouv\u00e9 votre voie ou que vous voulez changer d&rsquo;avis, vous avez jusqu&rsquo;au 9 septembre pour postuler via la phase compl\u00e9mentaire de Parcoursup qui est ouverte jusqu&rsquo;au 11 septembre. Plus pr\u00e9cis\u00e9ment, vous pouvez formuler vos v\u0153ux (10 maximum) jusqu\u2019au 9 septembre \u00e0 23h59, les derni\u00e8res r\u00e9ponses \u00e9tant dispatch\u00e9es jusqu\u2019au 11 septembre au soir\u202f.<\/p>\n<p>Et \u00e7a tombe bien, l&rsquo;ENN Lille a encore quelques places.\u00a0\u00ab\u00a0On se limite \u00e0 des petites promos pour garder un accompagnement personnalis\u00e9 et les accompagner au mieux pendant les projets\u00a0\u00bb, souligne Charlotte Menegaux. Une pr\u00e9-s\u00e9lection est faite sur dossier directement via Parcoursup et si vous \u00eates retenu\u00b7es, l&rsquo;\u00e9cole vous contactera pour un entretien individuel (en visio) pour s&rsquo;assurer de votre motivation et de votre projet pro&rsquo;.\u00a0<\/p>\n<p>Si l&rsquo;aventure vous tente, on a mis le lien vers les inscriptions dans les infos pratiques.<\/p>\n","protected":false},"excerpt":{"rendered":"L\u2019\u00c9cole des Narrations Num\u00e9riques (ENN Lille), port\u00e9e par l\u2019ESJ Lille, s&rsquo;est install\u00e9e pour former une nouvelle g\u00e9n\u00e9ration de&hellip;\n","protected":false},"author":2,"featured_media":348813,"comment_status":"","ping_status":"","sticky":false,"template":"","format":"standard","meta":{"footnotes":""},"categories":[2815],"tags":[1111,11,1777,674,1011,27,811,1307,12,25],"class_list":{"0":"post-348812","1":"post","2":"type-post","3":"status-publish","4":"format-standard","5":"has-post-thumbnail","7":"category-lille","8":"tag-actu","9":"tag-actualites","10":"tag-eu","11":"tag-europe","12":"tag-fr","13":"tag-france","14":"tag-hauts-de-france","15":"tag-lille","16":"tag-news","17":"tag-republique-francaise"},"share_on_mastodon":{"url":"https:\/\/pubeurope.com\/@fr\/115103552615743533","error":""},"_links":{"self":[{"href":"https:\/\/www.europesays.com\/fr\/wp-json\/wp\/v2\/posts\/348812","targetHints":{"allow":["GET"]}}],"collection":[{"href":"https:\/\/www.europesays.com\/fr\/wp-json\/wp\/v2\/posts"}],"about":[{"href":"https:\/\/www.europesays.com\/fr\/wp-json\/wp\/v2\/types\/post"}],"author":[{"embeddable":true,"href":"https:\/\/www.europesays.com\/fr\/wp-json\/wp\/v2\/users\/2"}],"replies":[{"embeddable":true,"href":"https:\/\/www.europesays.com\/fr\/wp-json\/wp\/v2\/comments?post=348812"}],"version-history":[{"count":0,"href":"https:\/\/www.europesays.com\/fr\/wp-json\/wp\/v2\/posts\/348812\/revisions"}],"wp:featuredmedia":[{"embeddable":true,"href":"https:\/\/www.europesays.com\/fr\/wp-json\/wp\/v2\/media\/348813"}],"wp:attachment":[{"href":"https:\/\/www.europesays.com\/fr\/wp-json\/wp\/v2\/media?parent=348812"}],"wp:term":[{"taxonomy":"category","embeddable":true,"href":"https:\/\/www.europesays.com\/fr\/wp-json\/wp\/v2\/categories?post=348812"},{"taxonomy":"post_tag","embeddable":true,"href":"https:\/\/www.europesays.com\/fr\/wp-json\/wp\/v2\/tags?post=348812"}],"curies":[{"name":"wp","href":"https:\/\/api.w.org\/{rel}","templated":true}]}}