{"id":348814,"date":"2025-08-28T00:26:14","date_gmt":"2025-08-28T00:26:14","guid":{"rendered":"https:\/\/www.europesays.com\/fr\/348814\/"},"modified":"2025-08-28T00:26:14","modified_gmt":"2025-08-28T00:26:14","slug":"la-caserne-des-pompiers-lille-malus-fete-la-braderie-le-vendredi-05-septembre-2025","status":"publish","type":"post","link":"https:\/\/www.europesays.com\/fr\/348814\/","title":{"rendered":"La Caserne des Pompiers Lille Malus f\u00eate la Braderie le vendredi 05 septembre 2025"},"content":{"rendered":"<p>\t\t\t<img width=\"660\" height=\"330\" src=\"https:\/\/www.europesays.com\/fr\/wp-content\/uploads\/2025\/08\/bal_deesse_2025_03-660x330.jpg\" class=\"attachment-slider size-slider wp-post-image\" alt=\"\" decoding=\"async\" fetchpriority=\"high\"\/>\t\t<\/p>\n<p class=\"post-meta\">\n<p>\t<a href=\"https:\/\/www.zoomsurlille.fr\/author\/damien\" title=\"\" target=\"_blank\" rel=\"noopener\">Damien <\/a><\/p>\n<p>\t27 ao\u00fbt 2025<br \/>\n\t<a href=\"https:\/\/www.zoomsurlille.fr\/actualites\" rel=\"category tag noopener\" target=\"_blank\">Actualit\u00e9s<\/a><\/p>\n<p><strong>Vendredi 05 septembre 2025 de 19h \u00e0 2h,<\/strong> <strong>L\u2019Amicale des Sapeurs-Pompiers de Lille Malus<\/strong> organise le <strong>Bal de la D\u00e9esse !<\/strong><\/p>\n<p>Une <strong>soir\u00e9e plac\u00e9e sous le signe de la musique<\/strong> et de la <strong>convivialit\u00e9 <\/strong>pour vous <strong>mettre en jambe avant la Braderie de Lille !<\/strong><\/p>\n<p><img loading=\"lazy\" decoding=\"async\" width=\"819\" height=\"1024\" src=\"https:\/\/www.europesays.com\/fr\/wp-content\/uploads\/2025\/08\/bal_deesse_2025-819x1024.jpg\" alt=\"\" class=\"wp-image-86712\" style=\"aspect-ratio:0.7998046875;width:500px\"  \/><\/p>\n<p><strong>Au programme :<\/strong><\/p>\n<p><img loading=\"lazy\" decoding=\"async\" width=\"9\" height=\"9\" src=\"https:\/\/www.europesays.com\/fr\/wp-content\/uploads\/2025\/04\/1744100656_185_arrow.png\" alt=\"\"\/> <strong>Fat Punk Sausage<\/strong><\/p>\n<p><strong><img loading=\"lazy\" decoding=\"async\" width=\"9\" height=\"9\" src=\"https:\/\/www.europesays.com\/fr\/wp-content\/uploads\/2025\/04\/1744100656_185_arrow.png\" alt=\"\"\/> The Streakers<\/strong><\/p>\n<p><strong><img loading=\"lazy\" decoding=\"async\" width=\"9\" height=\"9\" src=\"https:\/\/www.europesays.com\/fr\/wp-content\/uploads\/2025\/04\/1744100656_185_arrow.png\" alt=\"\"\/> DJ Barbelivien<\/strong><\/p>\n<p>Infos pratiques<br \/><strong><img decoding=\"async\" loading=\"lazy\" class=\"tie-appear\" src=\"https:\/\/www.europesays.com\/fr\/wp-content\/uploads\/2025\/04\/1743937991_452_arrow.png\" alt=\"\" width=\"9\" height=\"9\" data-lazy-src=\"https:\/\/www.europesays.com\/fr\/wp-content\/uploads\/2025\/04\/1743937991_452_arrow.png\"\/> Caserne des Pompiers Lille Malus<\/strong><br \/>14, rue Malus \u2013 Lille<br \/><strong><img decoding=\"async\" loading=\"lazy\" class=\"tie-appear\" src=\"https:\/\/www.europesays.com\/fr\/wp-content\/uploads\/2025\/04\/1743937991_452_arrow.png\" alt=\"\" width=\"9\" height=\"9\" data-lazy-src=\"https:\/\/www.europesays.com\/fr\/wp-content\/uploads\/2025\/04\/1743937991_452_arrow.png\"\/> Restauration sur place<\/strong><\/p>\n<p class=\"has-text-align-right\">Source &amp; image : DR \u2013 \u00a9 Caserne des Pompiers Lille Malus<\/p>\n<p>\t\t<a href=\"#\" id=\"check-also-close\"><\/a><\/p>\n<p>\n\t\t\tA lire \u00e9galement !\n\t\t<\/p>\n<p>\t\t\t\t<a href=\"https:\/\/www.zoomsurlille.fr\/actualites\/braderie-de-lille-2025-circulation-et-mise-en-fourriere-a-lille-a-partir-du-vendredi-05-septembre-2025\" target=\"_blank\" rel=\"noopener\"><br \/>\n\t\t\t\t\t<img width=\"310\" height=\"165\" src=\"https:\/\/www.europesays.com\/fr\/wp-content\/uploads\/2025\/08\/braderie_2023_fourriere_02-310x165.jpg\" class=\"attachment-tie-medium size-tie-medium wp-post-image\" alt=\"\" decoding=\"async\" loading=\"lazy\"\/><br \/>\n\t\t\t\t<\/a><\/p>\n<p>La Braderie de Lille aura lieu samedi 06 &amp; dimanche 07 septembre 2025. A cette \u2026<\/p>\n","protected":false},"excerpt":{"rendered":"Damien 27 ao\u00fbt 2025 Actualit\u00e9s Vendredi 05 septembre 2025 de 19h \u00e0 2h, L\u2019Amicale des Sapeurs-Pompiers de Lille&hellip;\n","protected":false},"author":2,"featured_media":348815,"comment_status":"","ping_status":"","sticky":false,"template":"","format":"standard","meta":{"footnotes":""},"categories":[2815],"tags":[48537,1111,11,48538,24782,1697,1777,674,1011,27,811,1307,48539,873,12,25],"class_list":{"0":"post-348814","1":"post","2":"type-post","3":"status-publish","4":"format-standard","5":"has-post-thumbnail","7":"category-lille","8":"tag-05-septembre-2025","9":"tag-actu","10":"tag-actualites","11":"tag-bal-de-la-deesse","12":"tag-caserne-de-pompiers","13":"tag-concert","14":"tag-eu","15":"tag-europe","16":"tag-fr","17":"tag-france","18":"tag-hauts-de-france","19":"tag-lille","20":"tag-malus","21":"tag-musique","22":"tag-news","23":"tag-republique-francaise"},"share_on_mastodon":{"url":"https:\/\/pubeurope.com\/@fr\/115103556308067217","error":""},"_links":{"self":[{"href":"https:\/\/www.europesays.com\/fr\/wp-json\/wp\/v2\/posts\/348814","targetHints":{"allow":["GET"]}}],"collection":[{"href":"https:\/\/www.europesays.com\/fr\/wp-json\/wp\/v2\/posts"}],"about":[{"href":"https:\/\/www.europesays.com\/fr\/wp-json\/wp\/v2\/types\/post"}],"author":[{"embeddable":true,"href":"https:\/\/www.europesays.com\/fr\/wp-json\/wp\/v2\/users\/2"}],"replies":[{"embeddable":true,"href":"https:\/\/www.europesays.com\/fr\/wp-json\/wp\/v2\/comments?post=348814"}],"version-history":[{"count":0,"href":"https:\/\/www.europesays.com\/fr\/wp-json\/wp\/v2\/posts\/348814\/revisions"}],"wp:featuredmedia":[{"embeddable":true,"href":"https:\/\/www.europesays.com\/fr\/wp-json\/wp\/v2\/media\/348815"}],"wp:attachment":[{"href":"https:\/\/www.europesays.com\/fr\/wp-json\/wp\/v2\/media?parent=348814"}],"wp:term":[{"taxonomy":"category","embeddable":true,"href":"https:\/\/www.europesays.com\/fr\/wp-json\/wp\/v2\/categories?post=348814"},{"taxonomy":"post_tag","embeddable":true,"href":"https:\/\/www.europesays.com\/fr\/wp-json\/wp\/v2\/tags?post=348814"}],"curies":[{"name":"wp","href":"https:\/\/api.w.org\/{rel}","templated":true}]}}