{"id":348817,"date":"2025-08-28T00:28:14","date_gmt":"2025-08-28T00:28:14","guid":{"rendered":"https:\/\/www.europesays.com\/fr\/348817\/"},"modified":"2025-08-28T00:28:14","modified_gmt":"2025-08-28T00:28:14","slug":"la-mascotte-mini-loup-en-dedicace-a-la-fnac-marseille-la-valentine","status":"publish","type":"post","link":"https:\/\/www.europesays.com\/fr\/348817\/","title":{"rendered":"La mascotte Mini-Loup en d\u00e9dicace \u00e0 la Fnac Marseille La Valentine !"},"content":{"rendered":"<p>La star pr\u00e9f\u00e9r\u00e9e des tout petits \u00ab\u00a0Mini-Loup\u00a0\u00bb viendra rencontrer ses mini-fans \u00e0 la Fnac La Valentine !<\/p>\n<p>Mini-Loup vient \u00e0 ta rencontre !\u00a0Viens faire d\u00e9dicacer ton livre et partager un moment tout doux avec ton h\u00e9ros pr\u00e9f\u00e9r\u00e9 !\u00a0Des c\u00e2lins, des sourires et des souvenirs rigolos t\u2019attendent\u2026\n<\/p>\n<p>        <img decoding=\"async\" src=\"https:\/\/www.europesays.com\/fr\/wp-content\/uploads\/2025\/04\/logo-rse.png\" alt=\"Logo RSE\" loading=\"lazy\" width=\"84\" height=\"116\"\/><\/p>\n<p>\n        La Fnac s\u2019engage activement dans les initiatives de responsabilit\u00e9 soci\u00e9tale des entreprises (RSE).\n    <\/p>\n<p>\n        Aidez-nous en choisissant la mobilit\u00e9 douce en privil\u00e9giant par exemple le v\u00e9lo (pistes cyclables et stationnements \u00e0 disposition), les transports en commun ou le covoiturage pour nous rejoindre. Ainsi, vous contribuez \u00e0 r\u00e9duire les \u00e9missions de gaz \u00e0 effet de serre et \u00e0 am\u00e9liorer notre qualit\u00e9 de l\u2019air. Pour plus d\u2019information, consultez la fiche du magasin.<br \/>Tous nos \u00e9v\u00e8nements sont en acc\u00e8s gratuit, dans la limite des places disponibles.\n    <\/p>\n","protected":false},"excerpt":{"rendered":"La star pr\u00e9f\u00e9r\u00e9e des tout petits \u00ab\u00a0Mini-Loup\u00a0\u00bb viendra rencontrer ses mini-fans \u00e0 la Fnac La Valentine ! Mini-Loup&hellip;\n","protected":false},"author":2,"featured_media":348818,"comment_status":"","ping_status":"","sticky":false,"template":"","format":"standard","meta":{"footnotes":""},"categories":[2814],"tags":[1111,11,48540,1777,674,1011,27,4075,884,12,882,25],"class_list":{"0":"post-348817","1":"post","2":"type-post","3":"status-publish","4":"format-standard","5":"has-post-thumbnail","7":"category-marseille","8":"tag-actu","9":"tag-actualites","10":"tag-beaugrenelle","11":"tag-eu","12":"tag-europe","13":"tag-fr","14":"tag-france","15":"tag-jeunesse","16":"tag-marseille","17":"tag-news","18":"tag-provence-alpes-cote-dazur","19":"tag-republique-francaise"},"share_on_mastodon":{"url":"https:\/\/pubeurope.com\/@fr\/115103564525872142","error":""},"_links":{"self":[{"href":"https:\/\/www.europesays.com\/fr\/wp-json\/wp\/v2\/posts\/348817","targetHints":{"allow":["GET"]}}],"collection":[{"href":"https:\/\/www.europesays.com\/fr\/wp-json\/wp\/v2\/posts"}],"about":[{"href":"https:\/\/www.europesays.com\/fr\/wp-json\/wp\/v2\/types\/post"}],"author":[{"embeddable":true,"href":"https:\/\/www.europesays.com\/fr\/wp-json\/wp\/v2\/users\/2"}],"replies":[{"embeddable":true,"href":"https:\/\/www.europesays.com\/fr\/wp-json\/wp\/v2\/comments?post=348817"}],"version-history":[{"count":0,"href":"https:\/\/www.europesays.com\/fr\/wp-json\/wp\/v2\/posts\/348817\/revisions"}],"wp:featuredmedia":[{"embeddable":true,"href":"https:\/\/www.europesays.com\/fr\/wp-json\/wp\/v2\/media\/348818"}],"wp:attachment":[{"href":"https:\/\/www.europesays.com\/fr\/wp-json\/wp\/v2\/media?parent=348817"}],"wp:term":[{"taxonomy":"category","embeddable":true,"href":"https:\/\/www.europesays.com\/fr\/wp-json\/wp\/v2\/categories?post=348817"},{"taxonomy":"post_tag","embeddable":true,"href":"https:\/\/www.europesays.com\/fr\/wp-json\/wp\/v2\/tags?post=348817"}],"curies":[{"name":"wp","href":"https:\/\/api.w.org\/{rel}","templated":true}]}}