{"id":348819,"date":"2025-08-28T00:29:17","date_gmt":"2025-08-28T00:29:17","guid":{"rendered":"https:\/\/www.europesays.com\/fr\/348819\/"},"modified":"2025-08-28T00:29:17","modified_gmt":"2025-08-28T00:29:17","slug":"lyon-la-course-folle-de-la-golf-se-termine-dans-son-restaurant-une-employee-choquee","status":"publish","type":"post","link":"https:\/\/www.europesays.com\/fr\/348819\/","title":{"rendered":"Lyon. La course folle de la Golf se termine dans son restaurant : \u00ab\u00a0Une employ\u00e9e choqu\u00e9e\u00a0\u00bb"},"content":{"rendered":"<p>            Par<br \/>\n        <strong><br \/>\n            <a href=\"https:\/\/actu.fr\/auteur\/julien-damboise\" title=\"Consulter tous les articles de Julien Damboise\" rel=\"nofollow noopener\" target=\"_blank\">Julien Damboise<\/a><br \/>\n        <\/strong><\/p>\n<p>        Publi\u00e9 le<\/p>\n<p>            27 ao\u00fbt 2025 \u00e0 15h51        <\/p>\n<p>Les policiers de <a href=\"https:\/\/actu.fr\/auvergne-rhone-alpes\/lyon_69123\" rel=\"nofollow noopener\" target=\"_blank\">Lyon<\/a> ont d\u00e9but\u00e9 la semaine par une<strong> course-poursuite<\/strong> qui s\u2019est mal termin\u00e9e, dans le centre-ville. Apr\u00e8s un <a href=\"https:\/\/actu.fr\/tag\/refus-d-obtemperer\" rel=\"nofollow noopener\" target=\"_blank\">refus d\u2019obtemp\u00e9rer<\/a>, une voiture a termin\u00e9 son parcours fou <strong>dans la fa\u00e7ade d\u2019une<\/strong> <strong>pizzeria<\/strong> de Saxe-Gambetta. <br \/>Plusieurs interpellations ont \u00e9t\u00e9 men\u00e9es par les forces de l\u2019ordre.<\/p>\n<p>    <a href=\"https:\/\/www.google.com\/maps\/embed?pb=!1m18!1m12!1m3!1d2145.892223697831!2d4.844868775315384!3d45.75394727108013!2m3!1f0!2f0!3f0!3m2!1i1024!2i768!4f13.1!3m3!1m2!1s0x47f4eb7c648f5e33%3A0x164c1ea906273234!2sTa5ty%20Pizza%20-%20Saxe%20Gambetta!5e1!3m2!1sfr!2sfr!4v1756287260913!5m2!1sfr!2sfr\" title=\"Ouvrie le lien\" rel=\"nofollow noopener\" target=\"_blank\">Cliquez ici pour visualiser le contenu<\/a><\/p>\n<p>Une course-poursuite \u00e0 travers la ville<\/p>\n<p class=\" wall-content\">Tout a d\u00e9but\u00e9 par le refus d\u2019obtemp\u00e9rer d\u2019un conducteur au volant d\u2019une<strong> Volkswagen Golf<\/strong> dans la nuit du dimanche 24 au lundi 25 ao\u00fbt 2025 dans le quartier de <a href=\"https:\/\/actu.fr\/tag\/gerland\" rel=\"nofollow noopener\" target=\"_blank\">Gerland<\/a>, vers 3 h 45 du matin.<\/p>\n<p class=\" wall-content\">Le conducteur de la berline de couleur noire a pr\u00e9f\u00e9r\u00e9 acc\u00e9l\u00e9rer pour tenter d\u2019\u00e9chapper aux policiers. Mais les forces de l\u2019ordre ont tout de suite suivi le mis en cause pour tenter de le stopper.<\/p>\n<p class=\" wall-content\">Mais une fois dans le 3\u1d49 arrondissement, la <strong>situation a d\u00e9rap\u00e9<\/strong>.<\/p>\n<p>Il termine dans la fa\u00e7ade d\u2019une pizzeria<\/p>\n<p class=\" wall-content\">Le chauffard, apr\u00e8s avoir vraisemblablement <strong>perdu le contr\u00f4le<\/strong> de son engin, a percut\u00e9 des barri\u00e8res m\u00e9talliques avant de finir sa course contre la devanture d\u2019un restaurant.\u00a0<\/p>\n<p class=\" wall-content\">Une pizzeria qui d\u00e9plore des d\u00e9g\u00e2ts importants. Deux rideaux m\u00e9talliques ont \u00e9t\u00e9 pli\u00e9s par le v\u00e9hicule, mais aussi par des bouts de la barri\u00e8re qui n\u2019a pas r\u00e9sist\u00e9 au <strong>choc extr\u00eamement violent<\/strong>.<\/p>\n<p>Votre r\u00e9gion, votre actu !<\/p>\n<p>Recevez chaque jour les infos qui comptent pour vous.<\/p>\n<p>\t<a href=\"https:\/\/actu.fr\/newsletter\" class=\"ac-btn ac-btn--corner ac-btn--medium ac-btn--blue800\" rel=\"nofollow noopener\" target=\"_blank\">S&rsquo;incrire<\/a><\/p>\n<blockquote class=\"tiktok-embed\" cite=\"https:\/\/www.tiktok.com\/@mustapha_benidorm31\/video\/7542330933735607574\" data-video-id=\"7542330933735607574\" data-embed-from=\"oembed\" style=\"max-width:605px; min-width:325px;\"><p>\n<a target=\"_blank\" title=\"@mustapha_benidorm31\" href=\"https:\/\/www.tiktok.com\/@mustapha_benidorm31?refer=embed\" rel=\"nofollow noopener\">@mustapha_benidorm31<\/a> <\/p>\n<p><a title=\"lyon\" target=\"_blank\" href=\"https:\/\/www.tiktok.com\/tag\/lyon?refer=embed\" rel=\"nofollow noopener\">#lyon<\/a> <a title=\"lyonnais\" target=\"_blank\" href=\"https:\/\/www.tiktok.com\/tag\/lyonnais?refer=embed\" rel=\"nofollow noopener\">#lyonnais<\/a> <a title=\"69latrick\" target=\"_blank\" href=\"https:\/\/www.tiktok.com\/tag\/69latrick?refer=embed\" rel=\"nofollow noopener\">#69latrick<\/a> <a title=\"lyonnaise\" target=\"_blank\" href=\"https:\/\/www.tiktok.com\/tag\/lyonnaise?refer=embed\" rel=\"nofollow noopener\">#lyonnaise<\/a> <a title=\"eroupa\ud83c\uddf2\ud83c\uddeb\ud83c\udde9\ud83c\uddff\" target=\"_blank\" href=\"https:\/\/www.tiktok.com\/tag\/eroupa%F0%9F%87%B2%F0%9F%87%AB%F0%9F%87%A9%F0%9F%87%BF?refer=embed\" rel=\"nofollow noopener\">#eroupa\ud83c\uddf2\ud83c\uddeb\ud83c\udde9\ud83c\uddff<\/a> <a title=\"h\" target=\"_blank\" href=\"https:\/\/www.tiktok.com\/tag\/h?refer=embed\" rel=\"nofollow noopener\">#h<\/a> <a title=\"police\" target=\"_blank\" href=\"https:\/\/www.tiktok.com\/tag\/police?refer=embed\" rel=\"nofollow noopener\">#police<\/a> <a title=\"policia\" target=\"_blank\" href=\"https:\/\/www.tiktok.com\/tag\/policia?refer=embed\" rel=\"nofollow noopener\">#policia<\/a> <a title=\"policeofficer\" target=\"_blank\" href=\"https:\/\/www.tiktok.com\/tag\/policeofficer?refer=embed\" rel=\"nofollow noopener\">#policeofficer<\/a> <a title=\"policeoftiktok\" target=\"_blank\" href=\"https:\/\/www.tiktok.com\/tag\/policeoftiktok?refer=embed\" rel=\"nofollow noopener\">#policeoftiktok<\/a> <\/p>\n<p> <a target=\"_blank\" title=\"\u266c WOOP WOOP THATS THE SOUND OF DA POLICE - \ud83e\ude90\ud83d\udc0c\u1d18\u029f\u1d1c\u1d1b\u1d0f\u1d0d\u1d07\u029f\u1d00\u0274\u026a\u1d07\ud83d\udc0c\ud83e\ude90\" href=\"https:\/\/www.tiktok.com\/music\/WOOP-WOOP-THATS-THE-SOUND-OF-DA-POLICE-7187018523347045125?refer=embed\" rel=\"nofollow noopener\">\u266c WOOP WOOP THATS THE SOUND OF DA POLICE \u2013 \ud83e\ude90\ud83d\udc0c\u1d18\u029f\u1d1c\u1d1b\u1d0f\u1d0d\u1d07\u029f\u1d00\u0274\u026a\u1d07\ud83d\udc0c\ud83e\ude90<\/a> <\/p>\n<\/blockquote>\n<p>\u00ab\u00a0Une employ\u00e9e choqu\u00e9e ne veut plus venir travailler\u00a0\u00bb<\/p>\n<p class=\" wall-content\">Selon l\u2019un des responsables, \u00ab\u00a0une employ\u00e9e <strong>choqu\u00e9e<\/strong> ne veut plus venir travailler dans l\u2019\u00e9tablissement par crainte qu\u2019un nouvel accident n\u2019intervienne\u00a0\u00bb.<\/p>\n<p class=\" wall-content\">Des travaux doivent d\u00e9sormais \u00eatre men\u00e9s pour r\u00e9parer la devanture dont les vitres ont explos\u00e9, laissant passer toute la poussi\u00e8re de la rue.\u00a0<\/p>\n<p class=\" wall-content\">\u00ab\u00a0Les clients pensent que nous sommes ferm\u00e9s, car nous sommes oblig\u00e9s de fermer les rideaux, mais nous sommes bien ouverts\u00a0\u00bb, ajoute le responsable interrog\u00e9 sur place.<\/p>\n<p>    <img   decoding=\"async\" loading=\"lazy\" src=\"https:\/\/www.europesays.com\/fr\/wp-content\/uploads\/2025\/08\/course-poursuite-pizzeria-impact-960x640.png\" alt=\"Le choc a projet\u00e9 des bouts de m\u00e9tal sur la fa\u00e7ade du restaurant.\" width=\"960\" height=\"640\"\/><br \/>\n    Le choc a projet\u00e9 des bouts de m\u00e9tal sur la fa\u00e7ade du restaurant. (\u00a9JD \/ actu Lyon)Deux interpellations<\/p>\n<p class=\" wall-content\">Selon une information du <a href=\"https:\/\/www.leprogres.fr\/faits-divers-justice\/2025\/08\/26\/il-tente-de-fuir-la-police-sa-voiture-termine-dans-la-facade-d-une-pizzeria\" rel=\"nofollow noopener\" target=\"_blank\">Progr\u00e8s<\/a>, confirm\u00e9e par actu Lyon, la police a r\u00e9ussi \u00e0 interpeller deux suspects qui \u00e9taient \u00e0 bord du bolide, dont le conducteur qui n\u2019avait <strong>pas de permis de conduire<\/strong>. L\u2019un des mis en cause s\u2019est rebell\u00e9 lors de son arrestation.<\/p>\n<p class=\" wall-content\">Un dernier individu a r\u00e9ussi \u00e0 prendre la fuite et reste activement recherch\u00e9.<\/p>\n<p class=\" wall-content\">De la <strong>drogue<\/strong> a aussi \u00e9t\u00e9 retrouv\u00e9e dans l\u2019habitacle de la Golf.<\/p>\n<p class=\" wall-content\">Personnalisez votre actualit\u00e9 en ajoutant vos villes et m\u00e9dias en favori avec <a href=\"https:\/\/moncompte.actu.fr\" title=\"D\u00e9couvez Mon Actu\" rel=\"nofollow noopener\" data-trk=\"{&quot;cta&quot;:{&quot;action&quot;:&quot;https:\\\/\\\/moncompte.actu.fr&quot;,&quot;category&quot;:&quot;mon compte&quot;,&quot;from&quot;:&quot;article footer&quot;,&quot;name&quot;:&quot;Mon actu&quot;,&quot;type&quot;:&quot;cta&quot;}}\" target=\"_blank\">Mon Actu<\/a>.<\/p>\n<p>                    <script async src=\"\/\/www.tiktok.com\/embed.js\"><\/script><\/p>\n","protected":false},"excerpt":{"rendered":"Par Julien Damboise Publi\u00e9 le 27 ao\u00fbt 2025 \u00e0 15h51 Les policiers de Lyon ont d\u00e9but\u00e9 la semaine&hellip;\n","protected":false},"author":2,"featured_media":348820,"comment_status":"","ping_status":"","sticky":false,"template":"","format":"standard","meta":{"footnotes":""},"categories":[1889],"tags":[1111,11,2430,1777,674,118,1011,27,2428,12,5007,1072,25,1340],"class_list":{"0":"post-348819","1":"post","2":"type-post","3":"status-publish","4":"format-standard","5":"has-post-thumbnail","7":"category-lyon","8":"tag-actu","9":"tag-actualites","10":"tag-auvergne-rhone-alpes","11":"tag-eu","12":"tag-europe","13":"tag-faits-divers","14":"tag-fr","15":"tag-france","16":"tag-lyon","17":"tag-news","18":"tag-permis-de-conduire","19":"tag-police","20":"tag-republique-francaise","21":"tag-restaurant"},"share_on_mastodon":{"url":"https:\/\/pubeurope.com\/@fr\/115103568016496842","error":""},"_links":{"self":[{"href":"https:\/\/www.europesays.com\/fr\/wp-json\/wp\/v2\/posts\/348819","targetHints":{"allow":["GET"]}}],"collection":[{"href":"https:\/\/www.europesays.com\/fr\/wp-json\/wp\/v2\/posts"}],"about":[{"href":"https:\/\/www.europesays.com\/fr\/wp-json\/wp\/v2\/types\/post"}],"author":[{"embeddable":true,"href":"https:\/\/www.europesays.com\/fr\/wp-json\/wp\/v2\/users\/2"}],"replies":[{"embeddable":true,"href":"https:\/\/www.europesays.com\/fr\/wp-json\/wp\/v2\/comments?post=348819"}],"version-history":[{"count":0,"href":"https:\/\/www.europesays.com\/fr\/wp-json\/wp\/v2\/posts\/348819\/revisions"}],"wp:featuredmedia":[{"embeddable":true,"href":"https:\/\/www.europesays.com\/fr\/wp-json\/wp\/v2\/media\/348820"}],"wp:attachment":[{"href":"https:\/\/www.europesays.com\/fr\/wp-json\/wp\/v2\/media?parent=348819"}],"wp:term":[{"taxonomy":"category","embeddable":true,"href":"https:\/\/www.europesays.com\/fr\/wp-json\/wp\/v2\/categories?post=348819"},{"taxonomy":"post_tag","embeddable":true,"href":"https:\/\/www.europesays.com\/fr\/wp-json\/wp\/v2\/tags?post=348819"}],"curies":[{"name":"wp","href":"https:\/\/api.w.org\/{rel}","templated":true}]}}