{"id":348821,"date":"2025-08-28T00:30:30","date_gmt":"2025-08-28T00:30:30","guid":{"rendered":"https:\/\/www.europesays.com\/fr\/348821\/"},"modified":"2025-08-28T00:30:30","modified_gmt":"2025-08-28T00:30:30","slug":"les-noms-des-salles-de-la-mairie-du-5e-feminisees","status":"publish","type":"post","link":"https:\/\/www.europesays.com\/fr\/348821\/","title":{"rendered":"les noms des salles de la mairie du 5e f\u00e9minis\u00e9es"},"content":{"rendered":"<p>                            <img loading=\"lazy\" width=\"680\" height=\"425\" class=\"attachment-article size-article wp-post-image lazyload\" alt=\"\" decoding=\"async\" src=\"https:\/\/www.europesays.com\/fr\/wp-content\/uploads\/2025\/08\/image_2025-08-27_112127161-e1756286505743.jpg\" data-eio-rwidth=\"680\" data-eio-rheight=\"425\"\/><\/p>\n<p>Mairie du 5e arrondissement de Lyon. <\/p>\n<p class=\"content\" style=\"font-size:1.2em;font-weight:700\">Les noms des salles de la mairie du 5e arrondissement de Lyon sont d\u00e9sormais f\u00e9minis\u00e9s.<\/p>\n<p>Les 14 salles accueillant du public dans les mairies du 5e arrondissement portent d\u00e9sormais des noms f\u00e9minins, dans le cadre de la politique de f\u00e9minisation des espaces publics men\u00e9e par la Ville de Lyon depuis 2020.<\/p>\n<p>L&rsquo;initiative, port\u00e9e par Sophia Popoff, conseill\u00e8re d\u00e9l\u00e9gu\u00e9e \u00e0 l&rsquo;\u00e9galit\u00e9 femmes-hommes, s&rsquo;inscrit dans la continuit\u00e9 de la politique volontariste engag\u00e9e par la municipalit\u00e9 lyonnaise. Depuis juillet 2020, Lyon a fait passer de 6 % \u00e0 13 % la part d&rsquo;espaces publics nomm\u00e9s d&rsquo;apr\u00e8s une femme, d\u00e9passant ainsi la moyenne nationale.<\/p>\n<p>Des agents municipaux volontaires ont particip\u00e9 \u00e0 la s\u00e9lection des personnalit\u00e9s retenues pour donner une nouvelle identit\u00e9 aux salles pr\u00e9c\u00e9demment d\u00e9nomm\u00e9es \u00ab\u00a0Rez-de-jardin\u00a0\u00bb ou \u00ab\u00a0Expositions\u00a0\u00bb. Parmi les femmes honor\u00e9es figurent Anne-Marie Comparini, ancienne d\u00e9put\u00e9e et pr\u00e9sidente du Conseil r\u00e9gional Rh\u00f4ne-Alpes d\u00e9c\u00e9d\u00e9e en 2025, Katoucha Niane, mannequin franco-guin\u00e9enne militante contre l&rsquo;excision, l&rsquo;astrophysicienne italienne Margherita Hack, ou encore les s\u0153urs Mirabal, militantes dominicaines assassin\u00e9es en 1960.<\/p>\n<p>\u00ab\u00a0Scientifiques, militantes politiques ou porte-voix des opprim\u00e9s, elles ont toutes marqu\u00e9 l&rsquo;histoire du f\u00e9minisme par leur action\u00a0\u00bb, souligne le communiqu\u00e9 de la mairie.<\/p>\n","protected":false},"excerpt":{"rendered":"Mairie du 5e arrondissement de Lyon. Les noms des salles de la mairie du 5e arrondissement de Lyon&hellip;\n","protected":false},"author":2,"featured_media":348822,"comment_status":"","ping_status":"","sticky":false,"template":"","format":"standard","meta":{"footnotes":""},"categories":[1889],"tags":[1111,11,2430,1777,674,1011,27,2428,12,25],"class_list":{"0":"post-348821","1":"post","2":"type-post","3":"status-publish","4":"format-standard","5":"has-post-thumbnail","7":"category-lyon","8":"tag-actu","9":"tag-actualites","10":"tag-auvergne-rhone-alpes","11":"tag-eu","12":"tag-europe","13":"tag-fr","14":"tag-france","15":"tag-lyon","16":"tag-news","17":"tag-republique-francaise"},"share_on_mastodon":{"url":"https:\/\/pubeurope.com\/@fr\/115103571863386547","error":""},"_links":{"self":[{"href":"https:\/\/www.europesays.com\/fr\/wp-json\/wp\/v2\/posts\/348821","targetHints":{"allow":["GET"]}}],"collection":[{"href":"https:\/\/www.europesays.com\/fr\/wp-json\/wp\/v2\/posts"}],"about":[{"href":"https:\/\/www.europesays.com\/fr\/wp-json\/wp\/v2\/types\/post"}],"author":[{"embeddable":true,"href":"https:\/\/www.europesays.com\/fr\/wp-json\/wp\/v2\/users\/2"}],"replies":[{"embeddable":true,"href":"https:\/\/www.europesays.com\/fr\/wp-json\/wp\/v2\/comments?post=348821"}],"version-history":[{"count":0,"href":"https:\/\/www.europesays.com\/fr\/wp-json\/wp\/v2\/posts\/348821\/revisions"}],"wp:featuredmedia":[{"embeddable":true,"href":"https:\/\/www.europesays.com\/fr\/wp-json\/wp\/v2\/media\/348822"}],"wp:attachment":[{"href":"https:\/\/www.europesays.com\/fr\/wp-json\/wp\/v2\/media?parent=348821"}],"wp:term":[{"taxonomy":"category","embeddable":true,"href":"https:\/\/www.europesays.com\/fr\/wp-json\/wp\/v2\/categories?post=348821"},{"taxonomy":"post_tag","embeddable":true,"href":"https:\/\/www.europesays.com\/fr\/wp-json\/wp\/v2\/tags?post=348821"}],"curies":[{"name":"wp","href":"https:\/\/api.w.org\/{rel}","templated":true}]}}