{"id":348827,"date":"2025-08-28T00:34:11","date_gmt":"2025-08-28T00:34:11","guid":{"rendered":"https:\/\/www.europesays.com\/fr\/348827\/"},"modified":"2025-08-28T00:34:11","modified_gmt":"2025-08-28T00:34:11","slug":"a-paris-la-france-et-le-senegal-affichent-leur-volonte-de-renouveler-leur-relation","status":"publish","type":"post","link":"https:\/\/www.europesays.com\/fr\/348827\/","title":{"rendered":"\u00c0 Paris, la France et le S\u00e9n\u00e9gal affichent leur volont\u00e9 de \u00abrenouveler\u00bb leur relation"},"content":{"rendered":"<p class=\"mb-4 text-lg md:leading-8 break-words\">En d\u00e9placement \u00e0 Paris mercredi 27 ao\u00fbt, le pr\u00e9sident s\u00e9n\u00e9galais Bassirou Diomaye Faye a rencontr\u00e9 son homologue fran\u00e7ais Emmanuel Macron \u00e0 l&rsquo;\u00c9lys\u00e9e. Il a convenu avec lui de la n\u00e9cessit\u00e9 de \u00ab renouveler \u00bb et de \u00ab renforcer \u00bb la relation entre la France et le S\u00e9n\u00e9gal. Il a ensuite pris part aux Rencontres des entrepreneurs de France, o\u00f9 il a voulu convaincre les patrons fran\u00e7ais de r\u00e9investir dans son pays.<\/p>\n<p class=\"mb-4 text-lg md:leading-8 break-words\">En visite officielle en <strong><a href=\"https:\/\/www.rfi.fr\/fr\/tag\/france\/\" class=\"link \" rel=\"nofollow noopener\" target=\"_blank\" data-ylk=\"slk:France;elm:context_link;itc:0;sec:content-canvas\">France<\/a><\/strong>, le pr\u00e9sident s\u00e9n\u00e9galais <strong><a href=\"https:\/\/www.rfi.fr\/fr\/tag\/bassirou-diomaye-faye\/\" rel=\"nofollow noopener\" target=\"_blank\" data-ylk=\"slk:Bassirou Diomaye Faye;elm:context_link;itc:0;sec:content-canvas\" class=\"link \">Bassirou Diomaye Faye<\/a><\/strong> a \u00e9t\u00e9 re\u00e7u dans la matin\u00e9e du mercredi 27 ao\u00fbt \u00e0 l&rsquo;\u00c9lys\u00e9e par Emmanuel Macron pour un petit-d\u00e9jeuner de travail \u00e0 l&rsquo;issue duquel Dakar et Paris ont affich\u00e9 leur volont\u00e9 de \u00ab renouveler \u00bb et de \u00ab renforcer \u00bb leur relation, malgr\u00e9 <strong><a href=\"https:\/\/www.rfi.fr\/fr\/afrique\/20250717-apr\u00e8s-plus-de-six-d\u00e9cennies-la-france-met-fin-\u00e0-sa-pr\u00e9sence-militaire-permanente-au-s\u00e9n\u00e9gal\" rel=\"nofollow noopener\" target=\"_blank\" data-ylk=\"slk:la fermeture, il y a deux mois, des derni\u00e8res bases militaires fran\u00e7aises;elm:context_link;itc:0;sec:content-canvas\" class=\"link \">la fermeture, il y a deux mois, des derni\u00e8res bases militaires fran\u00e7aises<\/a><\/strong> encore pr\u00e9sentes au S\u00e9n\u00e9gal. Alors que le pr\u00e9sident s\u00e9n\u00e9galais a qualifi\u00e9 de \u00ab chaleureux \u00bb l&rsquo;accueil de son homologue, le chef de l&rsquo;\u00c9tat fran\u00e7ais a \u00e9voqu\u00e9 lui \u00ab un excellent entretien \u00bb.<\/p>\n<p class=\"mb-4 text-lg md:leading-8 break-words\">Depuis l&rsquo;alternance politique \u00e0 Dakar il y a un peu plus d&rsquo;un an, les deux pays ont en effet engag\u00e9 une revue de leur portefeuille de partenariats qui devrait d\u00e9boucher \u00ab bient\u00f4t \u00bb sur un s\u00e9minaire intergouvernemental. Objectif de cette d\u00e9marche, selon l&rsquo;\u00c9lys\u00e9e : \u00ab S&rsquo;assurer que les actions men\u00e9es soient en ad\u00e9quation avec les priorit\u00e9s du nouveau pouvoir s\u00e9n\u00e9galais. \u00bb<\/p>\n<p class=\"mb-4 text-lg md:leading-8 break-words\">Au cours de l&rsquo;entretien, les \u00e9changes ont \u00e9galement port\u00e9 sur la s\u00e9curit\u00e9 r\u00e9gionale et sur les questions m\u00e9morielles, en particulier le massacre de Thiaroye.<\/p>\n<p class=\"mb-4 text-lg md:leading-8 break-words\">Concernant le premier point, les deux pr\u00e9sidents ont \u00e9voqu\u00e9 la menace terroriste qui p\u00e8se sur certains \u00c9tats voisins du <strong><a href=\"https:\/\/www.rfi.fr\/fr\/tag\/s\u00e9n\u00e9gal\/\" class=\"link \" rel=\"nofollow noopener\" target=\"_blank\" data-ylk=\"slk:S\u00e9n\u00e9gal;elm:context_link;itc:0;sec:content-canvas\">S\u00e9n\u00e9gal<\/a><\/strong>, ainsi que l&rsquo;absence de \u00ab perspectives de transition politique \u00bb dans plusieurs pays du <strong><a href=\"https:\/\/www.rfi.fr\/fr\/tag\/sahel\/\" rel=\"nofollow noopener\" target=\"_blank\" data-ylk=\"slk:Sahel;elm:context_link;itc:0;sec:content-canvas\" class=\"link \">Sahel<\/a><\/strong>, pour reprendre les mots de la pr\u00e9sidence fran\u00e7aise.<\/p>\n<p class=\"mb-4 text-lg md:leading-8 break-words\">Sur le second point, bien qu&rsquo;<strong><a href=\"https:\/\/www.rfi.fr\/fr\/tag\/emmanuel-macron\/\" class=\"link \" rel=\"nofollow noopener\" target=\"_blank\" data-ylk=\"slk:Emmanuel Macron;elm:context_link;itc:0;sec:content-canvas\">Emmanuel Macron<\/a><\/strong> ait d\u00e9sormais reconnu au nom de la France la tuerie du 1er d\u00e9cembre 1944, des zones d&rsquo;ombre persistent sur le sujet, notamment concernant son bilan. Assurant que Dakar et Paris \u00e9taient d&rsquo;accord pour approfondir les recherches historiques afin \u00ab \u200b\u200b\u200b\u200b\u200b\u200b\u200bd&rsquo;avoir une connaissance la plus pr\u00e9cise possible \u00bb du massacre \u2013 et notamment du nombre de victimes qu&rsquo;il a fait \u2013, l&rsquo;\u00c9lys\u00e9e a indiqu\u00e9 qu&rsquo;une nouvelle mission d&rsquo;historiens pourrait venir travailler dans les archives fran\u00e7aises.<\/p>\n<p class=\"mb-4 text-lg md:leading-8 break-words\">\u00c0 lire aussi<a href=\"https:\/\/www.rfi.fr\/fr\/afrique\/20241128-s\u00e9n\u00e9gal-emmanuel-macron-reconna\u00eet-qu-il-y-a-eu-un-massacre-\u00e0-thiaroye-en-1944\" class=\"link \" rel=\"nofollow noopener\" target=\"_blank\" data-ylk=\"slk:S\u00e9n\u00e9gal: Emmanuel Macron reconna\u00eet qu&#039;il y a eu un \u00abmassacre\u00bb \u00e0 Thiaroye en 1944;elm:context_link;itc:0;sec:content-canvas\">S\u00e9n\u00e9gal: Emmanuel Macron reconna\u00eet qu&rsquo;il y a eu un \u00abmassacre\u00bb \u00e0 Thiaroye en 1944<\/a><\/p>\n<p>\u00ab \u200b\u200b\u200b\u200b\u200b\u200b\u200bLe S\u00e9n\u00e9gal reste un pays ouvert \u00e0 tous les partenariats \u00bb dans lequel \u00ab vous avez toute votre place \u00bb<\/p>\n<p class=\"mb-4 text-lg md:leading-8 break-words\">\u00c0 la suite de cette rencontre, <strong><a href=\"https:\/\/www.rfi.fr\/fr\/tag\/bassirou-diomaye-faye\/\" class=\"link \" rel=\"nofollow noopener\" target=\"_blank\" data-ylk=\"slk:Bassirou Diomaye Faye;elm:context_link;itc:0;sec:content-canvas\">Bassirou Diomaye Faye<\/a><\/strong> s&rsquo;est rendu, dans l&rsquo;apr\u00e8s-midi, aux Rencontres des entrepreneurs de France, dont il \u00e9tait l&rsquo;invit\u00e9 d&rsquo;honneur. Organis\u00e9e cette ann\u00e9e au stade parisien de Roland-Garros, la manifestation a \u00e9t\u00e9 pour lui l&rsquo;occasion de s&rsquo;adresser aux entreprises fran\u00e7aises, \u00e0 un moment o\u00f9 les investissements en provenance de l&rsquo;Hexagone sont \u00e0 la baisse au S\u00e9n\u00e9gal \u2013 ils sont pass\u00e9s de 60% \u00e0 15% seulement des investissements directs \u00e9trangers.<\/p>\n<p class=\"mb-4 text-lg md:leading-8 break-words\">Dans ce contexte, le pr\u00e9sident s\u00e9n\u00e9galais a profit\u00e9 de son discours depuis la tribune du court central Philippe-Chatrier, transform\u00e9 en grande sc\u00e8ne de d\u00e9bats, pour tenter d&rsquo;inciter les soci\u00e9t\u00e9s fran\u00e7aises \u00e0 inverser la tendance. \u00ab Le S\u00e9n\u00e9gal reste un pays ouvert \u00e0 tous les partenariats et s&rsquo;\u00e9vertue \u00e0 instaurer un environnement des affaires stable, pr\u00e9visible, propice \u00e0 la s\u00e9curit\u00e9 et \u00e0 la protection de l&rsquo;investissement. Vous y avez toute votre place \u00bb, a-t-il notamment lanc\u00e9 aux patrons fran\u00e7ais, les enjoignant \u00e0 un partenariat \u00ab \u200b\u200b\u200b\u200b\u200b\u200b\u200bd\u00e9lest\u00e9 des pesanteurs de l&rsquo;histoire \u00bb, \u00ab \u200b\u200b\u200b\u200b\u200b\u200b\u200bnovateur \u00bb et \u00ab \u200b\u200b\u200b\u200b\u200b\u200b\u200bb\u00e9n\u00e9fique \u00bb.<\/p>\n<p class=\"mb-4 text-lg md:leading-8 break-words\">Pour achever de les convaincre, Bassirou Diomaye Faye a ensuite insist\u00e9 sur les atouts de son pays et sur les r\u00e9formes qui ont \u00e9t\u00e9 men\u00e9es par son gouvernement. Fort d&rsquo;une jeunesse \u00ab \u200b\u200b\u200b\u200b\u200b\u200b\u200b\u00e9duqu\u00e9e, connect\u00e9e et cr\u00e9ative \u00bb, \u00ab \u200b\u200b\u200b\u200b\u200b\u200b\u200ble S\u00e9n\u00e9gal avance. Sa croissance est soutenue, port\u00e9e par le secteur \u00e9nerg\u00e9tique. Dans le m\u00eame temps, nous avons entrepris une gestion rigoureuse de nos finances publiques \u00bb, a-t-il encore d\u00e9clar\u00e9, alors que la r\u00e9vision des codes des investissements, des douanes et des imp\u00f4ts est en cours \u00e0 Dakar.<\/p>\n","protected":false},"excerpt":{"rendered":"En d\u00e9placement \u00e0 Paris mercredi 27 ao\u00fbt, le pr\u00e9sident s\u00e9n\u00e9galais Bassirou Diomaye Faye a rencontr\u00e9 son homologue fran\u00e7ais&hellip;\n","protected":false},"author":2,"featured_media":348828,"comment_status":"","ping_status":"","sticky":false,"template":"","format":"standard","meta":{"footnotes":""},"categories":[1888],"tags":[1111,1928,11,1927,48541,1073,1777,674,1011,27,12,1926,626,1925,48542,25,880],"class_list":{"0":"post-348827","1":"post","2":"type-post","3":"status-publish","4":"format-standard","5":"has-post-thumbnail","7":"category-paris","8":"tag-actu","9":"tag-actu-paris","10":"tag-actualites","11":"tag-actualites-paris","12":"tag-bassirou","13":"tag-emmanuel-macron","14":"tag-eu","15":"tag-europe","16":"tag-fr","17":"tag-france","18":"tag-news","19":"tag-news-paris","20":"tag-paris","21":"tag-paris-news","22":"tag-president-senegalais","23":"tag-republique-francaise","24":"tag-senegal"},"share_on_mastodon":{"url":"https:\/\/pubeurope.com\/@fr\/115103587577198058","error":""},"_links":{"self":[{"href":"https:\/\/www.europesays.com\/fr\/wp-json\/wp\/v2\/posts\/348827","targetHints":{"allow":["GET"]}}],"collection":[{"href":"https:\/\/www.europesays.com\/fr\/wp-json\/wp\/v2\/posts"}],"about":[{"href":"https:\/\/www.europesays.com\/fr\/wp-json\/wp\/v2\/types\/post"}],"author":[{"embeddable":true,"href":"https:\/\/www.europesays.com\/fr\/wp-json\/wp\/v2\/users\/2"}],"replies":[{"embeddable":true,"href":"https:\/\/www.europesays.com\/fr\/wp-json\/wp\/v2\/comments?post=348827"}],"version-history":[{"count":0,"href":"https:\/\/www.europesays.com\/fr\/wp-json\/wp\/v2\/posts\/348827\/revisions"}],"wp:featuredmedia":[{"embeddable":true,"href":"https:\/\/www.europesays.com\/fr\/wp-json\/wp\/v2\/media\/348828"}],"wp:attachment":[{"href":"https:\/\/www.europesays.com\/fr\/wp-json\/wp\/v2\/media?parent=348827"}],"wp:term":[{"taxonomy":"category","embeddable":true,"href":"https:\/\/www.europesays.com\/fr\/wp-json\/wp\/v2\/categories?post=348827"},{"taxonomy":"post_tag","embeddable":true,"href":"https:\/\/www.europesays.com\/fr\/wp-json\/wp\/v2\/tags?post=348827"}],"curies":[{"name":"wp","href":"https:\/\/api.w.org\/{rel}","templated":true}]}}