{"id":348833,"date":"2025-08-28T00:37:16","date_gmt":"2025-08-28T00:37:16","guid":{"rendered":"https:\/\/www.europesays.com\/fr\/348833\/"},"modified":"2025-08-28T00:37:16","modified_gmt":"2025-08-28T00:37:16","slug":"trois-ans-apres-lachat-dune-banque-russe-une-sentence-arbitrale-menace-lempire-chatila","status":"publish","type":"post","link":"https:\/\/www.europesays.com\/fr\/348833\/","title":{"rendered":"Trois ans apr\u00e8s l\u2019achat d\u2019une banque russe, une sentence arbitrale menace l\u2019empire Chatila"},"content":{"rendered":"<p>Lorsqu\u2019il rach\u00e8te la filiale suisse de Sberbank en septembre 2022, Abdallah Chatila esp\u00e8re offrir un nouvel \u00e9lan \u00e0 son groupe m3. \u00abUne belle opportunit\u00e9\u00bb, dit-il \u00e0 l\u2019\u00e9poque. Mais ce pari audacieux, dans un secteur qu\u2019il d\u00e9couvre, s\u2019av\u00e8re rapidement risqu\u00e9 et continue de peser sur le fonctionnement du groupe, comme l\u2019ont appris Heidi.news et la <a href=\"https:\/\/www.tdg.ch\/geneve-le-groupe-m3-dabdallah-chatila-frappe-par-un-sequestre-690263103641\" rel=\"nofollow noopener\" target=\"_blank\">Tribune de Gen\u00e8ve<\/a> dans une enqu\u00eate commune.<\/p>\n<p>Venu du monde du diamant, \u00abo\u00f9 la confiance et une poign\u00e9e de main suffisent\u00bb, l\u2019entrepreneur genevois se retrouve pris dans une m\u00e9canique implacable. Apr\u00e8s le rachat, plusieurs banques de la place coupent ses lignes de cr\u00e9dit ou ferment ses comptes, jugeant m3 \u00e0 risque, selon lui en raison des sanctions adopt\u00e9es contre la Russie \u00e0 la suite de l\u2019invasion de l\u2019Ukraine en f\u00e9vrier 2022.<\/p>\n<p>Tr\u00e8s vite, le pari ressemble \u00e0 un pi\u00e8ge.<\/p>\n<p>Aujourd\u2019hui, Abdallah Chatila admet avoir \u00e9t\u00e9 \u00abtrop \u00e9motionnel\u00bb au moment de l\u2019achat: une situation qui l\u2019a pouss\u00e9 \u00e0 \u00abaccepter les multiples propositions qui [lui] \u00e9taient faites.\u00bb<\/p>\n<p>Une commission de 36 millions<\/p>\n<p>C\u2019est dans ce contexte qu\u2019il a conclu un accord avec l\u2019homme d\u2019affaires am\u00e9ricain Stephen Lynch, sp\u00e9cialiste des actifs en difficult\u00e9 et ayant longtemps travaill\u00e9 en Russie \u2013 il envisage actuellement le rachat du gazoduc Nord Stream 2 qui relie la Russie et l\u2019Allemagne, endommag\u00e9 par des explosions en mer Baltique en septembre 2022. Celui-ci accepte de l\u2019accompagner dans l\u2019acquisition de la banque, moyennant une commission de 36 millions de dollars et l\u2019engagement d\u2019un rachat par m3 de ses 10\u202f% de parts au capital de l\u2019\u00e9tablissement, pour 54 millions.<\/p>\n<p>Le rachat de la banque en 2022 s&rsquo;est par ailleurs r\u00e9v\u00e9l\u00e9 plus compliqu\u00e9 que pr\u00e9vu pour le groupe m3, oblig\u00e9 de lever des capitaux \u00e0 un taux d\u2019int\u00e9r\u00eat de 15%, et mettant parfois en garantie des actifs immobiliers de m3.<\/p>\n<p>Les 36 millions de commission \u00e0 Stephen Lynch lui ont bien \u00e9t\u00e9 vers\u00e9s, en retard, ce qui a d\u00e9j\u00e0 mis le groupe m3 au bord de la faillite en novembre 2022. Les actions, en revanche, n\u2019ont pas \u00e9t\u00e9 rachet\u00e9es et trois ans plus tard, Abdallah Chatila est toujours \u00e0 la merci de l\u2019investisseur am\u00e9ricain.<\/p>\n<p>Une sentence arbitrale \u00e0 70 millions<\/p>\n<p>La derni\u00e8re secousse en date a pris la forme d\u2019une sentence arbitrale rendue le 23 juillet 2025 \u00e0 Gen\u00e8ve. Le tribunal priv\u00e9 a donn\u00e9 raison \u00e0 Stephen Lynch, qui avait obtenu une licence exclusive du tr\u00e9sor am\u00e9ricain pour finaliser le rachat de la filiale suisse de la banque russe, en d\u00e9pit des sanctions contre la Russie. Les juges ont reconnu la validit\u00e9 des accords conclus en novembre 2022, rejetant l\u2019argument de la contrainte avanc\u00e9 par la d\u00e9fense. \u00c0 l\u2019obligation reconnue par les arbitres du rachat des actions (les 54 millions de francs) s\u2019ajoutent 15% d\u2019int\u00e9r\u00eats annuels depuis 2022. Soit un montant total qui fr\u00f4le d\u00e9sormais les 70 millions.<\/p>\n","protected":false},"excerpt":{"rendered":"Lorsqu\u2019il rach\u00e8te la filiale suisse de Sberbank en septembre 2022, Abdallah Chatila esp\u00e8re offrir un nouvel \u00e9lan \u00e0&hellip;\n","protected":false},"author":2,"featured_media":348834,"comment_status":"","ping_status":"","sticky":false,"template":"","format":"standard","meta":{"footnotes":""},"categories":[1591],"tags":[11,523,33,1887,12,1885,1886,132],"class_list":{"0":"post-348833","1":"post","2":"type-post","3":"status-publish","4":"format-standard","5":"has-post-thumbnail","7":"category-russie","8":"tag-actualites","9":"tag-banque","10":"tag-economie","11":"tag-federation-de-russie","12":"tag-news","13":"tag-russia","14":"tag-russian-federation","15":"tag-russie"},"share_on_mastodon":{"url":"https:\/\/pubeurope.com\/@fr\/115103599519389441","error":""},"_links":{"self":[{"href":"https:\/\/www.europesays.com\/fr\/wp-json\/wp\/v2\/posts\/348833","targetHints":{"allow":["GET"]}}],"collection":[{"href":"https:\/\/www.europesays.com\/fr\/wp-json\/wp\/v2\/posts"}],"about":[{"href":"https:\/\/www.europesays.com\/fr\/wp-json\/wp\/v2\/types\/post"}],"author":[{"embeddable":true,"href":"https:\/\/www.europesays.com\/fr\/wp-json\/wp\/v2\/users\/2"}],"replies":[{"embeddable":true,"href":"https:\/\/www.europesays.com\/fr\/wp-json\/wp\/v2\/comments?post=348833"}],"version-history":[{"count":0,"href":"https:\/\/www.europesays.com\/fr\/wp-json\/wp\/v2\/posts\/348833\/revisions"}],"wp:featuredmedia":[{"embeddable":true,"href":"https:\/\/www.europesays.com\/fr\/wp-json\/wp\/v2\/media\/348834"}],"wp:attachment":[{"href":"https:\/\/www.europesays.com\/fr\/wp-json\/wp\/v2\/media?parent=348833"}],"wp:term":[{"taxonomy":"category","embeddable":true,"href":"https:\/\/www.europesays.com\/fr\/wp-json\/wp\/v2\/categories?post=348833"},{"taxonomy":"post_tag","embeddable":true,"href":"https:\/\/www.europesays.com\/fr\/wp-json\/wp\/v2\/tags?post=348833"}],"curies":[{"name":"wp","href":"https:\/\/api.w.org\/{rel}","templated":true}]}}